{"id":73195,"date":"2021-01-23T01:19:32","date_gmt":"2021-01-23T04:19:32","guid":{"rendered":"http:\/\/infoecos.com.ar\/?p=73195"},"modified":"2021-01-25T02:18:24","modified_gmt":"2021-01-25T05:18:24","slug":"massa-cuando-el-interior-ve-que-vuelve-el-tren-ve-que-vuelve-el-federalismo","status":"publish","type":"post","link":"https:\/\/infoecos.com.ar\/index.php\/massa-cuando-el-interior-ve-que-vuelve-el-tren-ve-que-vuelve-el-federalismo\/","title":{"rendered":"Massa: \u00abcuando el interior ve que vuelve el tren, ve que vuelve el federalismo\u00bb"},"content":{"rendered":"\n<p>El presidente de la C\u00e1mara de Diputados de la Naci\u00f3n, Sergio Massa particip\u00f3 ayer, como se informa en este sitio, junto al ministro de Transporte, Mario Meoni y el Gobernador bonaerense, Axel Kicillof de un viaje de prueba del tren que volver\u00e1 a unir a la localidad de General Guido con Divisadero de Pinamar. \u00abA pesar de la pandemia y las enormes dificultades, la decisi\u00f3n del Gobierno nacional es invertir para que el interior se sienta parte de la Argentina\u00bb, afirm\u00f3 Massa.<\/p>\n\n\n\n<div class=\"wp-block-image\"><figure class=\"aligncenter size-medium\"><img loading=\"lazy\" decoding=\"async\" width=\"460\" height=\"307\" src=\"http:\/\/infoecos.com.ar\/wp-content\/uploads\/2021\/01\/massapinamar-460x307.jpg\" alt=\"\" class=\"wp-image-73196\" srcset=\"https:\/\/infoecos.com.ar\/wp-content\/uploads\/2021\/01\/massapinamar-460x307.jpg 460w, https:\/\/infoecos.com.ar\/wp-content\/uploads\/2021\/01\/massapinamar-920x613.jpg 920w, https:\/\/infoecos.com.ar\/wp-content\/uploads\/2021\/01\/massapinamar-768x512.jpg 768w, https:\/\/infoecos.com.ar\/wp-content\/uploads\/2021\/01\/massapinamar-1024x682.jpg 1024w, https:\/\/infoecos.com.ar\/wp-content\/uploads\/2021\/01\/massapinamar-675x450.jpg 675w, https:\/\/infoecos.com.ar\/wp-content\/uploads\/2021\/01\/massapinamar.jpg 1280w\" sizes=\"(max-width: 460px) 100vw, 460px\" \/><\/figure><\/div>\n\n\n\n<p>\u00abLa vuelta del tren a Pinamar es una demostraci\u00f3n clara y contundente de que el Gobierno nacional quiere hacer federalismo real. Las v\u00edas del ferrocarril son las venas que recorren el interior de nuestro pa\u00eds. Cuando el interior ve que vuelve el tren, ve que vuelve el federalismo. A pesar de la pandemia y las enormes dificultades, la decisi\u00f3n del Gobierno nacional es invertir para que el interior se sienta parte de la Argentina\u00bb, sostuvo Massa en declaraciones a la prensa.<\/p>\n\n\n\n<p>El titular de la C\u00e1mara baja agreg\u00f3: \u00abSi hay tren, hay progreso. El ferrocarril permite la idea de estar conectados, y estar conectados es estar unidos. Esa es la tarea que debemos llevar adelante. Es tiempo de crecer, con inversi\u00f3n p\u00fablica y trabajo genuino, y esto es parte de ese crecimiento que necesita la Argentina\u00bb.<\/p>\n\n\n\n<p>\u00abEs tiempo de poner el hombro, de sumar y construir. Queremos invitar a todos los argentinos a que trabajemos juntos para reconstruir a la Argentina\u00bb, finaliz\u00f3.<\/p>\n\n\n\n<div class=\"wp-block-image\"><figure class=\"aligncenter size-medium\"><img loading=\"lazy\" decoding=\"async\" width=\"460\" height=\"307\" src=\"http:\/\/infoecos.com.ar\/wp-content\/uploads\/2021\/01\/massapinamar1-460x307.jpg\" alt=\"\" class=\"wp-image-73197\" srcset=\"https:\/\/infoecos.com.ar\/wp-content\/uploads\/2021\/01\/massapinamar1-460x307.jpg 460w, https:\/\/infoecos.com.ar\/wp-content\/uploads\/2021\/01\/massapinamar1-920x613.jpg 920w, https:\/\/infoecos.com.ar\/wp-content\/uploads\/2021\/01\/massapinamar1-768x512.jpg 768w, https:\/\/infoecos.com.ar\/wp-content\/uploads\/2021\/01\/massapinamar1-1024x682.jpg 1024w, https:\/\/infoecos.com.ar\/wp-content\/uploads\/2021\/01\/massapinamar1-675x450.jpg 675w, https:\/\/infoecos.com.ar\/wp-content\/uploads\/2021\/01\/massapinamar1.jpg 1280w\" sizes=\"(max-width: 460px) 100vw, 460px\" \/><\/figure><\/div>\n\n\n\n<p>La conexi\u00f3n en la estaci\u00f3n General Guido facilitar\u00e1 a los habitantes de los municipios &#8211; por los que circular\u00e1 el tren- conectarse con Plaza Constituci\u00f3n y con Mar del Plata, a trav\u00e9s del servicio que une la Ciudad Aut\u00f3noma de Buenos Aires con dicha ciudad balnearia. El servicio se prestar\u00e1 a trav\u00e9s de una combinaci\u00f3n entre el tren que une Buenos Aires con Mar del Plata siendo la estaci\u00f3n de enlace la de General Guido. El servicio entre Guido y Divisadero de Pinamar tendr\u00e1 un tiempo de viaje estimado de 2.25 hs. con parada intermedia en la estaci\u00f3n Madariaga.<\/p>\n","protected":false},"excerpt":{"rendered":"<p>\u00abEs tiempo de poner el hombro, de sumar y construir. Queremos invitar a todos los argentinos a que trabajemos juntos para reconstruir a la Argentina\u00bb<\/p>\n","protected":false},"author":2,"featured_media":73197,"comment_status":"closed","ping_status":"open","sticky":false,"template":"","format":"standard","meta":{"footnotes":""},"categories":[41],"tags":[2680],"class_list":["post-73195","post","type-post","status-publish","format-standard","has-post-thumbnail","hentry","category-inferior2","tag-en-pinamar"],"yoast_head":"<!-- This site is optimized with the Yoast SEO plugin v23.4 - https:\/\/yoast.com\/wordpress\/plugins\/seo\/ -->\n<title>Massa: &quot;cuando el interior ve que vuelve el tren, ve que vuelve el federalismo&quot; - Infoecos<\/title>\n<meta name=\"robots\" content=\"index, follow, max-snippet:-1, max-image-preview:large, max-video-preview:-1\" \/>\n<link rel=\"canonical\" href=\"https:\/\/infoecos.com.ar\/index.php\/massa-cuando-el-interior-ve-que-vuelve-el-tren-ve-que-vuelve-el-federalismo\/\" \/>\n<meta property=\"og:locale\" content=\"es_ES\" \/>\n<meta property=\"og:type\" content=\"article\" \/>\n<meta property=\"og:title\" content=\"Massa: &quot;cuando el interior ve que vuelve el tren, ve que vuelve el federalismo&quot; - Infoecos\" \/>\n<meta property=\"og:description\" content=\"&quot;Es tiempo de poner el hombro, de sumar y construir. Queremos invitar a todos los argentinos a que trabajemos juntos para reconstruir a la Argentina&quot;\" \/>\n<meta property=\"og:url\" content=\"https:\/\/infoecos.com.ar\/index.php\/massa-cuando-el-interior-ve-que-vuelve-el-tren-ve-que-vuelve-el-federalismo\/\" \/>\n<meta property=\"og:site_name\" content=\"Infoecos\" \/>\n<meta property=\"article:publisher\" content=\"https:\/\/www.facebook.com\/profile.php?id=100063200290284\" \/>\n<meta property=\"article:published_time\" content=\"2021-01-23T04:19:32+00:00\" \/>\n<meta property=\"article:modified_time\" content=\"2021-01-25T05:18:24+00:00\" \/>\n<meta property=\"og:image\" content=\"https:\/\/infoecos.com.ar\/wp-content\/uploads\/2021\/01\/massapinamar1.jpg\" \/>\n\t<meta property=\"og:image:width\" content=\"1280\" \/>\n\t<meta property=\"og:image:height\" content=\"853\" \/>\n\t<meta property=\"og:image:type\" content=\"image\/jpeg\" \/>\n<meta name=\"author\" content=\"Jorge Matheus\" \/>\n<meta name=\"twitter:card\" content=\"summary_large_image\" \/>\n<meta name=\"twitter:creator\" content=\"@infoecos\" \/>\n<meta name=\"twitter:site\" content=\"@infoecos\" \/>\n<meta name=\"twitter:label1\" content=\"Escrito por\" \/>\n\t<meta name=\"twitter:data1\" content=\"Jorge Matheus\" \/>\n\t<meta name=\"twitter:label2\" content=\"Tiempo de lectura\" \/>\n\t<meta name=\"twitter:data2\" content=\"2 minutos\" \/>\n<script type=\"application\/ld+json\" class=\"yoast-schema-graph\">{\"@context\":\"https:\/\/schema.org\",\"@graph\":[{\"@type\":\"Article\",\"@id\":\"https:\/\/infoecos.com.ar\/index.php\/massa-cuando-el-interior-ve-que-vuelve-el-tren-ve-que-vuelve-el-federalismo\/#article\",\"isPartOf\":{\"@id\":\"https:\/\/infoecos.com.ar\/index.php\/massa-cuando-el-interior-ve-que-vuelve-el-tren-ve-que-vuelve-el-federalismo\/\"},\"author\":{\"name\":\"Jorge Matheus\",\"@id\":\"https:\/\/infoecos.com.ar\/#\/schema\/person\/8f5ace5ce73b4b4aac4b7245aee6f191\"},\"headline\":\"Massa: \u00abcuando el interior ve que vuelve el tren, ve que vuelve el federalismo\u00bb\",\"datePublished\":\"2021-01-23T04:19:32+00:00\",\"dateModified\":\"2021-01-25T05:18:24+00:00\",\"mainEntityOfPage\":{\"@id\":\"https:\/\/infoecos.com.ar\/index.php\/massa-cuando-el-interior-ve-que-vuelve-el-tren-ve-que-vuelve-el-federalismo\/\"},\"wordCount\":375,\"publisher\":{\"@id\":\"https:\/\/infoecos.com.ar\/#organization\"},\"image\":{\"@id\":\"https:\/\/infoecos.com.ar\/index.php\/massa-cuando-el-interior-ve-que-vuelve-el-tren-ve-que-vuelve-el-federalismo\/#primaryimage\"},\"thumbnailUrl\":\"https:\/\/infoecos.com.ar\/wp-content\/uploads\/2021\/01\/massapinamar1.jpg\",\"keywords\":[\"EN PINAMAR\"],\"articleSection\":[\"Bloque inferior - 2\"],\"inLanguage\":\"es\"},{\"@type\":\"WebPage\",\"@id\":\"https:\/\/infoecos.com.ar\/index.php\/massa-cuando-el-interior-ve-que-vuelve-el-tren-ve-que-vuelve-el-federalismo\/\",\"url\":\"https:\/\/infoecos.com.ar\/index.php\/massa-cuando-el-interior-ve-que-vuelve-el-tren-ve-que-vuelve-el-federalismo\/\",\"name\":\"Massa: \\\"cuando el interior ve que vuelve el tren, ve que vuelve el federalismo\\\" - Infoecos\",\"isPartOf\":{\"@id\":\"https:\/\/infoecos.com.ar\/#website\"},\"primaryImageOfPage\":{\"@id\":\"https:\/\/infoecos.com.ar\/index.php\/massa-cuando-el-interior-ve-que-vuelve-el-tren-ve-que-vuelve-el-federalismo\/#primaryimage\"},\"image\":{\"@id\":\"https:\/\/infoecos.com.ar\/index.php\/massa-cuando-el-interior-ve-que-vuelve-el-tren-ve-que-vuelve-el-federalismo\/#primaryimage\"},\"thumbnailUrl\":\"https:\/\/infoecos.com.ar\/wp-content\/uploads\/2021\/01\/massapinamar1.jpg\",\"datePublished\":\"2021-01-23T04:19:32+00:00\",\"dateModified\":\"2021-01-25T05:18:24+00:00\",\"breadcrumb\":{\"@id\":\"https:\/\/infoecos.com.ar\/index.php\/massa-cuando-el-interior-ve-que-vuelve-el-tren-ve-que-vuelve-el-federalismo\/#breadcrumb\"},\"inLanguage\":\"es\",\"potentialAction\":[{\"@type\":\"ReadAction\",\"target\":[\"https:\/\/infoecos.com.ar\/index.php\/massa-cuando-el-interior-ve-que-vuelve-el-tren-ve-que-vuelve-el-federalismo\/\"]}]},{\"@type\":\"ImageObject\",\"inLanguage\":\"es\",\"@id\":\"https:\/\/infoecos.com.ar\/index.php\/massa-cuando-el-interior-ve-que-vuelve-el-tren-ve-que-vuelve-el-federalismo\/#primaryimage\",\"url\":\"https:\/\/infoecos.com.ar\/wp-content\/uploads\/2021\/01\/massapinamar1.jpg\",\"contentUrl\":\"https:\/\/infoecos.com.ar\/wp-content\/uploads\/2021\/01\/massapinamar1.jpg\",\"width\":1280,\"height\":853},{\"@type\":\"BreadcrumbList\",\"@id\":\"https:\/\/infoecos.com.ar\/index.php\/massa-cuando-el-interior-ve-que-vuelve-el-tren-ve-que-vuelve-el-federalismo\/#breadcrumb\",\"itemListElement\":[{\"@type\":\"ListItem\",\"position\":1,\"name\":\"Portada\",\"item\":\"https:\/\/infoecos.com.ar\/\"},{\"@type\":\"ListItem\",\"position\":2,\"name\":\"Massa: \u00abcuando el interior ve que vuelve el tren, ve que vuelve el federalismo\u00bb\"}]},{\"@type\":\"WebSite\",\"@id\":\"https:\/\/infoecos.com.ar\/#website\",\"url\":\"https:\/\/infoecos.com.ar\/\",\"name\":\"Infoecos\",\"description\":\"Noticias de trenque lauquen y la zona\",\"publisher\":{\"@id\":\"https:\/\/infoecos.com.ar\/#organization\"},\"alternateName\":\"Noticias\",\"potentialAction\":[{\"@type\":\"SearchAction\",\"target\":{\"@type\":\"EntryPoint\",\"urlTemplate\":\"https:\/\/infoecos.com.ar\/?s={search_term_string}\"},\"query-input\":{\"@type\":\"PropertyValueSpecification\",\"valueRequired\":true,\"valueName\":\"search_term_string\"}}],\"inLanguage\":\"es\"},{\"@type\":\"Organization\",\"@id\":\"https:\/\/infoecos.com.ar\/#organization\",\"name\":\"Infoecos\",\"alternateName\":\"Noticias\",\"url\":\"https:\/\/infoecos.com.ar\/\",\"logo\":{\"@type\":\"ImageObject\",\"inLanguage\":\"es\",\"@id\":\"https:\/\/infoecos.com.ar\/#\/schema\/logo\/image\/\",\"url\":\"https:\/\/infoecos.com.ar\/wp-content\/uploads\/2024\/03\/cropped-logo.png\",\"contentUrl\":\"https:\/\/infoecos.com.ar\/wp-content\/uploads\/2024\/03\/cropped-logo.png\",\"width\":374,\"height\":90,\"caption\":\"Infoecos\"},\"image\":{\"@id\":\"https:\/\/infoecos.com.ar\/#\/schema\/logo\/image\/\"},\"sameAs\":[\"https:\/\/www.facebook.com\/profile.php?id=100063200290284\",\"https:\/\/x.com\/infoecos\"]},{\"@type\":\"Person\",\"@id\":\"https:\/\/infoecos.com.ar\/#\/schema\/person\/8f5ace5ce73b4b4aac4b7245aee6f191\",\"name\":\"Jorge Matheus\",\"url\":\"https:\/\/infoecos.com.ar\/index.php\/author\/jomatheus\/\"}]}<\/script>\n<!-- \/ Yoast SEO plugin. -->","yoast_head_json":{"title":"Massa: \"cuando el interior ve que vuelve el tren, ve que vuelve el federalismo\" - Infoecos","robots":{"index":"index","follow":"follow","max-snippet":"max-snippet:-1","max-image-preview":"max-image-preview:large","max-video-preview":"max-video-preview:-1"},"canonical":"https:\/\/infoecos.com.ar\/index.php\/massa-cuando-el-interior-ve-que-vuelve-el-tren-ve-que-vuelve-el-federalismo\/","og_locale":"es_ES","og_type":"article","og_title":"Massa: \"cuando el interior ve que vuelve el tren, ve que vuelve el federalismo\" - Infoecos","og_description":"\"Es tiempo de poner el hombro, de sumar y construir. Queremos invitar a todos los argentinos a que trabajemos juntos para reconstruir a la Argentina\"","og_url":"https:\/\/infoecos.com.ar\/index.php\/massa-cuando-el-interior-ve-que-vuelve-el-tren-ve-que-vuelve-el-federalismo\/","og_site_name":"Infoecos","article_publisher":"https:\/\/www.facebook.com\/profile.php?id=100063200290284","article_published_time":"2021-01-23T04:19:32+00:00","article_modified_time":"2021-01-25T05:18:24+00:00","og_image":[{"width":1280,"height":853,"url":"https:\/\/infoecos.com.ar\/wp-content\/uploads\/2021\/01\/massapinamar1.jpg","type":"image\/jpeg"}],"author":"Jorge Matheus","twitter_card":"summary_large_image","twitter_creator":"@infoecos","twitter_site":"@infoecos","twitter_misc":{"Escrito por":"Jorge Matheus","Tiempo de lectura":"2 minutos"},"schema":{"@context":"https:\/\/schema.org","@graph":[{"@type":"Article","@id":"https:\/\/infoecos.com.ar\/index.php\/massa-cuando-el-interior-ve-que-vuelve-el-tren-ve-que-vuelve-el-federalismo\/#article","isPartOf":{"@id":"https:\/\/infoecos.com.ar\/index.php\/massa-cuando-el-interior-ve-que-vuelve-el-tren-ve-que-vuelve-el-federalismo\/"},"author":{"name":"Jorge Matheus","@id":"https:\/\/infoecos.com.ar\/#\/schema\/person\/8f5ace5ce73b4b4aac4b7245aee6f191"},"headline":"Massa: \u00abcuando el interior ve que vuelve el tren, ve que vuelve el federalismo\u00bb","datePublished":"2021-01-23T04:19:32+00:00","dateModified":"2021-01-25T05:18:24+00:00","mainEntityOfPage":{"@id":"https:\/\/infoecos.com.ar\/index.php\/massa-cuando-el-interior-ve-que-vuelve-el-tren-ve-que-vuelve-el-federalismo\/"},"wordCount":375,"publisher":{"@id":"https:\/\/infoecos.com.ar\/#organization"},"image":{"@id":"https:\/\/infoecos.com.ar\/index.php\/massa-cuando-el-interior-ve-que-vuelve-el-tren-ve-que-vuelve-el-federalismo\/#primaryimage"},"thumbnailUrl":"https:\/\/infoecos.com.ar\/wp-content\/uploads\/2021\/01\/massapinamar1.jpg","keywords":["EN PINAMAR"],"articleSection":["Bloque inferior - 2"],"inLanguage":"es"},{"@type":"WebPage","@id":"https:\/\/infoecos.com.ar\/index.php\/massa-cuando-el-interior-ve-que-vuelve-el-tren-ve-que-vuelve-el-federalismo\/","url":"https:\/\/infoecos.com.ar\/index.php\/massa-cuando-el-interior-ve-que-vuelve-el-tren-ve-que-vuelve-el-federalismo\/","name":"Massa: \"cuando el interior ve que vuelve el tren, ve que vuelve el federalismo\" - Infoecos","isPartOf":{"@id":"https:\/\/infoecos.com.ar\/#website"},"primaryImageOfPage":{"@id":"https:\/\/infoecos.com.ar\/index.php\/massa-cuando-el-interior-ve-que-vuelve-el-tren-ve-que-vuelve-el-federalismo\/#primaryimage"},"image":{"@id":"https:\/\/infoecos.com.ar\/index.php\/massa-cuando-el-interior-ve-que-vuelve-el-tren-ve-que-vuelve-el-federalismo\/#primaryimage"},"thumbnailUrl":"https:\/\/infoecos.com.ar\/wp-content\/uploads\/2021\/01\/massapinamar1.jpg","datePublished":"2021-01-23T04:19:32+00:00","dateModified":"2021-01-25T05:18:24+00:00","breadcrumb":{"@id":"https:\/\/infoecos.com.ar\/index.php\/massa-cuando-el-interior-ve-que-vuelve-el-tren-ve-que-vuelve-el-federalismo\/#breadcrumb"},"inLanguage":"es","potentialAction":[{"@type":"ReadAction","target":["https:\/\/infoecos.com.ar\/index.php\/massa-cuando-el-interior-ve-que-vuelve-el-tren-ve-que-vuelve-el-federalismo\/"]}]},{"@type":"ImageObject","inLanguage":"es","@id":"https:\/\/infoecos.com.ar\/index.php\/massa-cuando-el-interior-ve-que-vuelve-el-tren-ve-que-vuelve-el-federalismo\/#primaryimage","url":"https:\/\/infoecos.com.ar\/wp-content\/uploads\/2021\/01\/massapinamar1.jpg","contentUrl":"https:\/\/infoecos.com.ar\/wp-content\/uploads\/2021\/01\/massapinamar1.jpg","width":1280,"height":853},{"@type":"BreadcrumbList","@id":"https:\/\/infoecos.com.ar\/index.php\/massa-cuando-el-interior-ve-que-vuelve-el-tren-ve-que-vuelve-el-federalismo\/#breadcrumb","itemListElement":[{"@type":"ListItem","position":1,"name":"Portada","item":"https:\/\/infoecos.com.ar\/"},{"@type":"ListItem","position":2,"name":"Massa: \u00abcuando el interior ve que vuelve el tren, ve que vuelve el federalismo\u00bb"}]},{"@type":"WebSite","@id":"https:\/\/infoecos.com.ar\/#website","url":"https:\/\/infoecos.com.ar\/","name":"Infoecos","description":"Noticias de trenque lauquen y la zona","publisher":{"@id":"https:\/\/infoecos.com.ar\/#organization"},"alternateName":"Noticias","potentialAction":[{"@type":"SearchAction","target":{"@type":"EntryPoint","urlTemplate":"https:\/\/infoecos.com.ar\/?s={search_term_string}"},"query-input":{"@type":"PropertyValueSpecification","valueRequired":true,"valueName":"search_term_string"}}],"inLanguage":"es"},{"@type":"Organization","@id":"https:\/\/infoecos.com.ar\/#organization","name":"Infoecos","alternateName":"Noticias","url":"https:\/\/infoecos.com.ar\/","logo":{"@type":"ImageObject","inLanguage":"es","@id":"https:\/\/infoecos.com.ar\/#\/schema\/logo\/image\/","url":"https:\/\/infoecos.com.ar\/wp-content\/uploads\/2024\/03\/cropped-logo.png","contentUrl":"https:\/\/infoecos.com.ar\/wp-content\/uploads\/2024\/03\/cropped-logo.png","width":374,"height":90,"caption":"Infoecos"},"image":{"@id":"https:\/\/infoecos.com.ar\/#\/schema\/logo\/image\/"},"sameAs":["https:\/\/www.facebook.com\/profile.php?id=100063200290284","https:\/\/x.com\/infoecos"]},{"@type":"Person","@id":"https:\/\/infoecos.com.ar\/#\/schema\/person\/8f5ace5ce73b4b4aac4b7245aee6f191","name":"Jorge Matheus","url":"https:\/\/infoecos.com.ar\/index.php\/author\/jomatheus\/"}]}},"featured_image_urls":{"full":["https:\/\/infoecos.com.ar\/wp-content\/uploads\/2021\/01\/massapinamar1.jpg",1280,853,false],"thumbnail":["https:\/\/infoecos.com.ar\/wp-content\/uploads\/2021\/01\/massapinamar1-150x150.jpg",150,150,true],"medium":["https:\/\/infoecos.com.ar\/wp-content\/uploads\/2021\/01\/massapinamar1-460x307.jpg",460,307,true],"medium_large":["https:\/\/infoecos.com.ar\/wp-content\/uploads\/2021\/01\/massapinamar1-768x512.jpg",640,427,true],"large":["https:\/\/infoecos.com.ar\/wp-content\/uploads\/2021\/01\/massapinamar1-920x613.jpg",640,426,true],"1536x1536":["https:\/\/infoecos.com.ar\/wp-content\/uploads\/2021\/01\/massapinamar1.jpg",1280,853,false],"2048x2048":["https:\/\/infoecos.com.ar\/wp-content\/uploads\/2021\/01\/massapinamar1.jpg",1280,853,false],"covernews-slider-full":["https:\/\/infoecos.com.ar\/wp-content\/uploads\/2021\/01\/massapinamar1.jpg",1073,715,false],"covernews-slider-center":["https:\/\/infoecos.com.ar\/wp-content\/uploads\/2021\/01\/massapinamar1-936x853.jpg",549,500,true],"covernews-featured":["https:\/\/infoecos.com.ar\/wp-content\/uploads\/2021\/01\/massapinamar1-1024x682.jpg",1024,682,true],"covernews-medium":["https:\/\/infoecos.com.ar\/wp-content\/uploads\/2021\/01\/massapinamar1-720x380.jpg",540,285,true],"covernews-medium-square":["https:\/\/infoecos.com.ar\/wp-content\/uploads\/2021\/01\/massapinamar1-675x450.jpg",375,250,true]},"author_info":{"info":["Jorge Matheus"]},"category_info":"<a href=\"https:\/\/infoecos.com.ar\/index.php\/category\/inferior2\/\" rel=\"category tag\">Bloque inferior - 2<\/a>","tag_info":"Bloque inferior - 2","comment_count":"0","_links":{"self":[{"href":"https:\/\/infoecos.com.ar\/index.php\/wp-json\/wp\/v2\/posts\/73195"}],"collection":[{"href":"https:\/\/infoecos.com.ar\/index.php\/wp-json\/wp\/v2\/posts"}],"about":[{"href":"https:\/\/infoecos.com.ar\/index.php\/wp-json\/wp\/v2\/types\/post"}],"author":[{"embeddable":true,"href":"https:\/\/infoecos.com.ar\/index.php\/wp-json\/wp\/v2\/users\/2"}],"replies":[{"embeddable":true,"href":"https:\/\/infoecos.com.ar\/index.php\/wp-json\/wp\/v2\/comments?post=73195"}],"version-history":[{"count":1,"href":"https:\/\/infoecos.com.ar\/index.php\/wp-json\/wp\/v2\/posts\/73195\/revisions"}],"predecessor-version":[{"id":73198,"href":"https:\/\/infoecos.com.ar\/index.php\/wp-json\/wp\/v2\/posts\/73195\/revisions\/73198"}],"wp:featuredmedia":[{"embeddable":true,"href":"https:\/\/infoecos.com.ar\/index.php\/wp-json\/wp\/v2\/media\/73197"}],"wp:attachment":[{"href":"https:\/\/infoecos.com.ar\/index.php\/wp-json\/wp\/v2\/media?parent=73195"}],"wp:term":[{"taxonomy":"category","embeddable":true,"href":"https:\/\/infoecos.com.ar\/index.php\/wp-json\/wp\/v2\/categories?post=73195"},{"taxonomy":"post_tag","embeddable":true,"href":"https:\/\/infoecos.com.ar\/index.php\/wp-json\/wp\/v2\/tags?post=73195"}],"curies":[{"name":"wp","href":"https:\/\/api.w.org\/{rel}","templated":true}]}}