{"id":73225,"date":"2021-01-24T13:48:45","date_gmt":"2021-01-24T16:48:45","guid":{"rendered":"http:\/\/infoecos.com.ar\/?p=73225"},"modified":"2021-01-24T13:55:13","modified_gmt":"2021-01-24T16:55:13","slug":"monzo-en-trenque-lauquen-este-lunes","status":"publish","type":"post","link":"https:\/\/infoecos.com.ar\/index.php\/monzo-en-trenque-lauquen-este-lunes\/","title":{"rendered":"Este lunes estar\u00e1 en Trenque Lauquen, Emilio Monz\u00f3"},"content":{"rendered":"\n<p class=\"wp-block-paragraph\">Este lunes, y tal como se adelantara a trav\u00e9s de Infoecos, visitar\u00e1 Trenque Lauquen el ex presidente de la C\u00e1mara de Diputados de la Naci\u00f3n, doctor Emilio Monz\u00f3.<\/p>\n\n\n\n<div class=\"wp-block-image\"><figure class=\"aligncenter size-medium\"><img decoding=\"async\" src=\"http:\/\/infoecos.com.ar\/wp-content\/uploads\/descarga-460x258.png\" alt=\"\" class=\"wp-image-30353\"\/><figcaption>Monz\u00f3 Emilio<\/figcaption><\/figure><\/div>\n\n\n\n<p class=\"wp-block-paragraph\">El dirigente pol\u00edtico que est\u00e1 recorriendo distintos distritos de la provincia de Buenos Aires, mantendr\u00e1 una intensa actividad en horas de la tarde y noche.<\/p>\n\n\n\n<p class=\"wp-block-paragraph\">En coincidencia con el cumplea\u00f1os de su hermana, Virginia, que integra el bloque de Juntos por el Cambio en Trenque Lauquen, Monz\u00f3 se reunir\u00e1 con dirigentes que adhieren a su acci\u00f3n pol\u00edtica y se adelant\u00f3 que visitar\u00e1 el frigor\u00edfico de cerdos Aguita Clara.<\/p>\n\n\n\n<p class=\"wp-block-paragraph\">No se descarta que concurra a saludar al intendente, doctor Miguel Fern\u00e1ndez, con qui\u00e9n mantiene una muy buena relaci\u00f3n.<\/p>\n\n\n\n<p class=\"wp-block-paragraph\">En tanto, por estas horas, se viene registrando una intensa actividad de j\u00f3venes que han resultado sumarse a la conformaci\u00f3n de un grupo que alienta los pr\u00f3ximos pasos que el ex titular de la c\u00e1mara baja tiene previsto concretar a nivel provincial y nacional. Y ha manifestado que entre sus aspiraciones figura la de ser candidato a gobernador en el 2023.<\/p>\n","protected":false},"excerpt":{"rendered":"<p>En coincidencia con el cumplea\u00f1os de su hermana, Virginia, que integra el bloque de Juntos por el Cambio en Trenque Lauquen<\/p>\n","protected":false},"author":2,"featured_media":73171,"comment_status":"closed","ping_status":"open","sticky":false,"template":"","format":"standard","meta":{"footnotes":""},"categories":[28],"tags":[2686],"class_list":["post-73225","post","type-post","status-publish","format-standard","has-post-thumbnail","hentry","category-c1nota1","tag-reuniones-y-visitara-el-frigorifico-de-cerdos"],"featured_image_urls":{"full":["https:\/\/infoecos.com.ar\/wp-content\/uploads\/2021\/01\/MONZO.jpg",1032,774,false],"thumbnail":["https:\/\/infoecos.com.ar\/wp-content\/uploads\/2021\/01\/MONZO-150x150.jpg",150,150,true],"medium":["https:\/\/infoecos.com.ar\/wp-content\/uploads\/2021\/01\/MONZO-460x345.jpg",460,345,true],"medium_large":["https:\/\/infoecos.com.ar\/wp-content\/uploads\/2021\/01\/MONZO-768x576.jpg",640,480,true],"large":["https:\/\/infoecos.com.ar\/wp-content\/uploads\/2021\/01\/MONZO-920x690.jpg",640,480,true],"1536x1536":["https:\/\/infoecos.com.ar\/wp-content\/uploads\/2021\/01\/MONZO.jpg",1032,774,false],"2048x2048":["https:\/\/infoecos.com.ar\/wp-content\/uploads\/2021\/01\/MONZO.jpg",1032,774,false],"covernews-slider-full":["https:\/\/infoecos.com.ar\/wp-content\/uploads\/2021\/01\/MONZO.jpg",953,715,false],"covernews-slider-center":["https:\/\/infoecos.com.ar\/wp-content\/uploads\/2021\/01\/MONZO-936x774.jpg",605,500,true],"covernews-featured":["https:\/\/infoecos.com.ar\/wp-content\/uploads\/2021\/01\/MONZO-1024x768.jpg",1024,768,true],"covernews-medium":["https:\/\/infoecos.com.ar\/wp-content\/uploads\/2021\/01\/MONZO-720x380.jpg",540,285,true],"covernews-medium-square":["https:\/\/infoecos.com.ar\/wp-content\/uploads\/2021\/01\/MONZO-675x450.jpg",375,250,true]},"author_info":{"info":["Jorge Matheus"]},"category_info":"<a href=\"https:\/\/infoecos.com.ar\/index.php\/category\/c1nota1\/\" rel=\"category tag\">C1 N1<\/a>","tag_info":"C1 N1","comment_count":"0","_links":{"self":[{"href":"https:\/\/infoecos.com.ar\/index.php\/wp-json\/wp\/v2\/posts\/73225","targetHints":{"allow":["GET"]}}],"collection":[{"href":"https:\/\/infoecos.com.ar\/index.php\/wp-json\/wp\/v2\/posts"}],"about":[{"href":"https:\/\/infoecos.com.ar\/index.php\/wp-json\/wp\/v2\/types\/post"}],"author":[{"embeddable":true,"href":"https:\/\/infoecos.com.ar\/index.php\/wp-json\/wp\/v2\/users\/2"}],"replies":[{"embeddable":true,"href":"https:\/\/infoecos.com.ar\/index.php\/wp-json\/wp\/v2\/comments?post=73225"}],"version-history":[{"count":2,"href":"https:\/\/infoecos.com.ar\/index.php\/wp-json\/wp\/v2\/posts\/73225\/revisions"}],"predecessor-version":[{"id":73230,"href":"https:\/\/infoecos.com.ar\/index.php\/wp-json\/wp\/v2\/posts\/73225\/revisions\/73230"}],"wp:featuredmedia":[{"embeddable":true,"href":"https:\/\/infoecos.com.ar\/index.php\/wp-json\/wp\/v2\/media\/73171"}],"wp:attachment":[{"href":"https:\/\/infoecos.com.ar\/index.php\/wp-json\/wp\/v2\/media?parent=73225"}],"wp:term":[{"taxonomy":"category","embeddable":true,"href":"https:\/\/infoecos.com.ar\/index.php\/wp-json\/wp\/v2\/categories?post=73225"},{"taxonomy":"post_tag","embeddable":true,"href":"https:\/\/infoecos.com.ar\/index.php\/wp-json\/wp\/v2\/tags?post=73225"}],"curies":[{"name":"wp","href":"https:\/\/api.w.org\/{rel}","templated":true}]}}