{"id":73242,"date":"2021-01-24T15:23:56","date_gmt":"2021-01-24T18:23:56","guid":{"rendered":"http:\/\/infoecos.com.ar\/?p=73242"},"modified":"2021-01-24T15:23:59","modified_gmt":"2021-01-24T18:23:59","slug":"la-vicepresidenta-de-la-nacion-cristina-fernandez-de-kirchner-se-vacuno-este-domingo","status":"publish","type":"post","link":"https:\/\/infoecos.com.ar\/index.php\/la-vicepresidenta-de-la-nacion-cristina-fernandez-de-kirchner-se-vacuno-este-domingo\/","title":{"rendered":"La vicepresidenta de la Naci\u00f3n, Cristina Fern\u00e1ndez de Kirchner, se vacun\u00f3 este domingo"},"content":{"rendered":"\n<p class=\"wp-block-paragraph\">La vicepresidenta de la Naci\u00f3n,<strong>\u00a0<\/strong>Cristina Fern\u00e1ndez de Kirchner<strong>\u00a0<\/strong>se aplic\u00f3 la primera dosis de la vacuna Sputnik V contra el Covid-19. \u201cHaci\u00e9ndolo, no solo me estoy cuidando, sino que tambi\u00e9n cuido a los dem\u00e1s\u201d escribi\u00f3 en su cuenta de Twitter.<\/p>\n\n\n\n<div class=\"wp-block-image\"><figure class=\"aligncenter size-medium\"><img loading=\"lazy\" decoding=\"async\" width=\"460\" height=\"306\" src=\"http:\/\/infoecos.com.ar\/wp-content\/uploads\/2021\/01\/cfkvacuna-460x306.jpg\" alt=\"\" class=\"wp-image-73243\" srcset=\"https:\/\/infoecos.com.ar\/wp-content\/uploads\/2021\/01\/cfkvacuna-460x306.jpg 460w, https:\/\/infoecos.com.ar\/wp-content\/uploads\/2021\/01\/cfkvacuna-675x450.jpg 675w, https:\/\/infoecos.com.ar\/wp-content\/uploads\/2021\/01\/cfkvacuna.jpg 680w\" sizes=\"auto, (max-width: 460px) 100vw, 460px\" \/><figcaption>El viceministro de Salud de la provincia, doctor Kreplak aplica la vacuna a la vicepresidenta<\/figcaption><\/figure><\/div>\n\n\n\n<p class=\"wp-block-paragraph\">Pasado el mediod\u00eda de este domingo, ingres\u00f3 al Hospital Presidente Per\u00f3n de Avellaneda y fue vacunada contra el coronavirus. \u201cGracias al personal de salud por el enorme esfuerzo que est\u00e1n haciendo en esta pandemia\u201d afirm\u00f3, acompa\u00f1ando el mensaje con im\u00e1genes del momento, en la red Twitter.<\/p>\n\n\n\n<p class=\"wp-block-paragraph\">Cristina Fern\u00e1ndez recibi\u00f3 la vacuna desarrollada por el instituto Gamaleya de Rusia d\u00edas despu\u00e9s de que se aprobara su uso para mayores de 60 a\u00f1os por la ANMAT.\u00a0<\/p>\n","protected":false},"excerpt":{"rendered":"<p>\u201cGracias al personal de salud por el enorme esfuerzo que est\u00e1n haciendo en esta pandemia\u201d afirm\u00f3, acompa\u00f1ando el mensaje con im\u00e1genes del moment<\/p>\n","protected":false},"author":2,"featured_media":73244,"comment_status":"closed","ping_status":"open","sticky":false,"template":"","format":"standard","meta":{"footnotes":""},"categories":[46],"tags":[2689],"class_list":["post-73242","post","type-post","status-publish","format-standard","has-post-thumbnail","hentry","category-c2nota2","tag-en-avellaneda"],"featured_image_urls":{"full":["https:\/\/infoecos.com.ar\/wp-content\/uploads\/2021\/01\/cfkvacuna1.jpg",679,509,false],"thumbnail":["https:\/\/infoecos.com.ar\/wp-content\/uploads\/2021\/01\/cfkvacuna1-150x150.jpg",150,150,true],"medium":["https:\/\/infoecos.com.ar\/wp-content\/uploads\/2021\/01\/cfkvacuna1-460x345.jpg",460,345,true],"medium_large":["https:\/\/infoecos.com.ar\/wp-content\/uploads\/2021\/01\/cfkvacuna1.jpg",640,480,false],"large":["https:\/\/infoecos.com.ar\/wp-content\/uploads\/2021\/01\/cfkvacuna1.jpg",640,480,false],"1536x1536":["https:\/\/infoecos.com.ar\/wp-content\/uploads\/2021\/01\/cfkvacuna1.jpg",679,509,false],"2048x2048":["https:\/\/infoecos.com.ar\/wp-content\/uploads\/2021\/01\/cfkvacuna1.jpg",679,509,false],"covernews-slider-full":["https:\/\/infoecos.com.ar\/wp-content\/uploads\/2021\/01\/cfkvacuna1.jpg",679,509,false],"covernews-slider-center":["https:\/\/infoecos.com.ar\/wp-content\/uploads\/2021\/01\/cfkvacuna1.jpg",667,500,false],"covernews-featured":["https:\/\/infoecos.com.ar\/wp-content\/uploads\/2021\/01\/cfkvacuna1.jpg",679,509,false],"covernews-medium":["https:\/\/infoecos.com.ar\/wp-content\/uploads\/2021\/01\/cfkvacuna1-679x380.jpg",540,302,true],"covernews-medium-square":["https:\/\/infoecos.com.ar\/wp-content\/uploads\/2021\/01\/cfkvacuna1-675x450.jpg",375,250,true]},"author_info":{"info":["Jorge Matheus"]},"category_info":"<a href=\"https:\/\/infoecos.com.ar\/index.php\/category\/c2nota2\/\" rel=\"category tag\">C2 N2<\/a>","tag_info":"C2 N2","comment_count":"0","_links":{"self":[{"href":"https:\/\/infoecos.com.ar\/index.php\/wp-json\/wp\/v2\/posts\/73242","targetHints":{"allow":["GET"]}}],"collection":[{"href":"https:\/\/infoecos.com.ar\/index.php\/wp-json\/wp\/v2\/posts"}],"about":[{"href":"https:\/\/infoecos.com.ar\/index.php\/wp-json\/wp\/v2\/types\/post"}],"author":[{"embeddable":true,"href":"https:\/\/infoecos.com.ar\/index.php\/wp-json\/wp\/v2\/users\/2"}],"replies":[{"embeddable":true,"href":"https:\/\/infoecos.com.ar\/index.php\/wp-json\/wp\/v2\/comments?post=73242"}],"version-history":[{"count":1,"href":"https:\/\/infoecos.com.ar\/index.php\/wp-json\/wp\/v2\/posts\/73242\/revisions"}],"predecessor-version":[{"id":73245,"href":"https:\/\/infoecos.com.ar\/index.php\/wp-json\/wp\/v2\/posts\/73242\/revisions\/73245"}],"wp:featuredmedia":[{"embeddable":true,"href":"https:\/\/infoecos.com.ar\/index.php\/wp-json\/wp\/v2\/media\/73244"}],"wp:attachment":[{"href":"https:\/\/infoecos.com.ar\/index.php\/wp-json\/wp\/v2\/media?parent=73242"}],"wp:term":[{"taxonomy":"category","embeddable":true,"href":"https:\/\/infoecos.com.ar\/index.php\/wp-json\/wp\/v2\/categories?post=73242"},{"taxonomy":"post_tag","embeddable":true,"href":"https:\/\/infoecos.com.ar\/index.php\/wp-json\/wp\/v2\/tags?post=73242"}],"curies":[{"name":"wp","href":"https:\/\/api.w.org\/{rel}","templated":true}]}}