{"id":73278,"date":"2021-01-25T01:55:25","date_gmt":"2021-01-25T04:55:25","guid":{"rendered":"http:\/\/infoecos.com.ar\/?p=73278"},"modified":"2021-01-27T02:00:29","modified_gmt":"2021-01-27T05:00:29","slug":"cerraron-el-ingreso-a-cochico-y-redistribuyeron-a-los-turistas","status":"publish","type":"post","link":"https:\/\/infoecos.com.ar\/index.php\/cerraron-el-ingreso-a-cochico-y-redistribuyeron-a-los-turistas\/","title":{"rendered":"Cerraron el ingreso a Cochic\u00f3 y redistribuyeron a los turistas"},"content":{"rendered":"\n<p class=\"wp-block-paragraph\">El municipio de Guamin\u00ed cerr\u00f3 el ingreso al balneario Cochic\u00f3 el d\u00eda domingo ante la importante concurrencia que se registr\u00f3, lo que hac\u00eda imposible se respetaran los protocolos vigentes.<\/p>\n\n\n\n<div class=\"wp-block-image\"><figure class=\"aligncenter size-large\"><img decoding=\"async\" src=\"http:\/\/infoecos.com.ar\/wp-content\/uploads\/c.jpg\" alt=\"\" class=\"wp-image-14870\"\/><figcaption>Cochic\u00f3<\/figcaption><\/figure><\/div>\n\n\n\n<p class=\"wp-block-paragraph\">Las autoridades comunales resolvieron, en consecuencia, redistribuir a los visitantes en los distintos balnearios existentes en el distrito: Laguna Alsina y Lago del Monte.<\/p>\n\n\n\n<p class=\"wp-block-paragraph\">En un breve comunicado publicado en redes sociales el municipio pidi\u00f3 disculpas por estas medidas, se\u00f1alando que las mismas se adoptaban para \u00abcuidarnos y cuidar de todos\u00bb. <\/p>\n\n\n\n<p class=\"wp-block-paragraph\"><\/p>\n","protected":false},"excerpt":{"rendered":"<p>En un breve comunicado publicado en redes sociales el municipio pidi\u00f3 disculpas por esta medida, se\u00f1alando que la misma se adoptaba para \u00abcuidarnos y cuidar de todos\u00bb<\/p>\n","protected":false},"author":2,"featured_media":14870,"comment_status":"closed","ping_status":"open","sticky":false,"template":"","format":"standard","meta":{"footnotes":""},"categories":[1333],"tags":[2693],"class_list":["post-73278","post","type-post","status-publish","format-standard","has-post-thumbnail","hentry","category-inferior13","tag-ante-la-numerosa-concurrencia"],"featured_image_urls":{"full":"","thumbnail":"","medium":"","medium_large":"","large":"","1536x1536":"","2048x2048":"","covernews-slider-full":"","covernews-slider-center":"","covernews-featured":"","covernews-medium":"","covernews-medium-square":""},"author_info":{"info":["Jorge Matheus"]},"category_info":"<a href=\"https:\/\/infoecos.com.ar\/index.php\/category\/inferior13\/\" rel=\"category tag\">Bloque inferior - 13<\/a>","tag_info":"Bloque inferior - 13","comment_count":"0","_links":{"self":[{"href":"https:\/\/infoecos.com.ar\/index.php\/wp-json\/wp\/v2\/posts\/73278","targetHints":{"allow":["GET"]}}],"collection":[{"href":"https:\/\/infoecos.com.ar\/index.php\/wp-json\/wp\/v2\/posts"}],"about":[{"href":"https:\/\/infoecos.com.ar\/index.php\/wp-json\/wp\/v2\/types\/post"}],"author":[{"embeddable":true,"href":"https:\/\/infoecos.com.ar\/index.php\/wp-json\/wp\/v2\/users\/2"}],"replies":[{"embeddable":true,"href":"https:\/\/infoecos.com.ar\/index.php\/wp-json\/wp\/v2\/comments?post=73278"}],"version-history":[{"count":1,"href":"https:\/\/infoecos.com.ar\/index.php\/wp-json\/wp\/v2\/posts\/73278\/revisions"}],"predecessor-version":[{"id":73279,"href":"https:\/\/infoecos.com.ar\/index.php\/wp-json\/wp\/v2\/posts\/73278\/revisions\/73279"}],"wp:attachment":[{"href":"https:\/\/infoecos.com.ar\/index.php\/wp-json\/wp\/v2\/media?parent=73278"}],"wp:term":[{"taxonomy":"category","embeddable":true,"href":"https:\/\/infoecos.com.ar\/index.php\/wp-json\/wp\/v2\/categories?post=73278"},{"taxonomy":"post_tag","embeddable":true,"href":"https:\/\/infoecos.com.ar\/index.php\/wp-json\/wp\/v2\/tags?post=73278"}],"curies":[{"name":"wp","href":"https:\/\/api.w.org\/{rel}","templated":true}]}}