{"id":73280,"date":"2021-01-25T02:04:52","date_gmt":"2021-01-25T05:04:52","guid":{"rendered":"http:\/\/infoecos.com.ar\/?p=73280"},"modified":"2021-01-25T02:04:54","modified_gmt":"2021-01-25T05:04:54","slug":"pehuajo-registra-el-mayor-numero-de-ciudadanos-decididos-a-vacunarse-contra-el-covid-19","status":"publish","type":"post","link":"https:\/\/infoecos.com.ar\/index.php\/pehuajo-registra-el-mayor-numero-de-ciudadanos-decididos-a-vacunarse-contra-el-covid-19\/","title":{"rendered":"Pehuaj\u00f3 registra el mayor n\u00famero de ciudadanos decididos a vacunarse contra el COVID-19"},"content":{"rendered":"\n<p class=\"wp-block-paragraph\">El Ministerio de Salud de la Provincia de Buenos Aires en la \u00faltima actualizaci\u00f3n de datos durante la tarde noche del domingo, inform\u00f3 que Pehuaj\u00f3 sum\u00f3 la inscripci\u00f3n de 3.400 vecinos para aplicarse la vacuna contra el COVID-19. <\/p>\n\n\n\n<div class=\"wp-block-image\"><figure class=\"aligncenter size-medium\"><img loading=\"lazy\" decoding=\"async\" width=\"460\" height=\"307\" src=\"http:\/\/infoecos.com.ar\/wp-content\/uploads\/2021\/01\/Vacunacion-3-460x307.jpg\" alt=\"\" class=\"wp-image-72324\" srcset=\"https:\/\/infoecos.com.ar\/wp-content\/uploads\/2021\/01\/Vacunacion-3-460x307.jpg 460w, https:\/\/infoecos.com.ar\/wp-content\/uploads\/2021\/01\/Vacunacion-3-768x512.jpg 768w, https:\/\/infoecos.com.ar\/wp-content\/uploads\/2021\/01\/Vacunacion-3-675x450.jpg 675w, https:\/\/infoecos.com.ar\/wp-content\/uploads\/2021\/01\/Vacunacion-3.jpg 852w\" sizes=\"auto, (max-width: 460px) 100vw, 460px\" \/><\/figure><\/div>\n\n\n\n<p class=\"wp-block-paragraph\">Desde el municipio se indic\u00f3 que se posiciona como el distrito de la regi\u00f3n con m\u00e1s inscriptos.\u00a0 <\/p>\n\n\n\n<p class=\"wp-block-paragraph\">\u00abQuiero agradecer a todas las vecinas y todos los vecinos que se han sumado, sobre todo durante la campa\u00f1a puerta a puerta que desarrollamos desde la tarde del d\u00eda jueves. En total el partido de Pehuaj\u00f3 suma 4717 inscriptos, e iremos por m\u00e1s, como lo venimos haciendo en la ciudad cabecera y las localidades del distrito\u00bb, se\u00f1al\u00f3 el intendente municipal Pablo Zurro, a trav\u00e9s de un informe de prensa.<\/p>\n","protected":false},"excerpt":{"rendered":"<p>\u00abEn total el partido de Pehuaj\u00f3 suma 4717 inscriptos\u00bb, manifest\u00f3 el intendente Pablo Zurro<\/p>\n","protected":false},"author":2,"featured_media":72324,"comment_status":"closed","ping_status":"open","sticky":false,"template":"","format":"standard","meta":{"footnotes":""},"categories":[1326],"tags":[2694],"class_list":["post-73280","post","type-post","status-publish","format-standard","has-post-thumbnail","hentry","category-c2nota6","tag-informe-del-ministerio-de-salud"],"featured_image_urls":{"full":["https:\/\/infoecos.com.ar\/wp-content\/uploads\/2021\/01\/Vacunacion-3.jpg",852,568,false],"thumbnail":["https:\/\/infoecos.com.ar\/wp-content\/uploads\/2021\/01\/Vacunacion-3-150x150.jpg",150,150,true],"medium":["https:\/\/infoecos.com.ar\/wp-content\/uploads\/2021\/01\/Vacunacion-3-460x307.jpg",460,307,true],"medium_large":["https:\/\/infoecos.com.ar\/wp-content\/uploads\/2021\/01\/Vacunacion-3-768x512.jpg",640,427,true],"large":["https:\/\/infoecos.com.ar\/wp-content\/uploads\/2021\/01\/Vacunacion-3.jpg",640,427,false],"1536x1536":["https:\/\/infoecos.com.ar\/wp-content\/uploads\/2021\/01\/Vacunacion-3.jpg",852,568,false],"2048x2048":["https:\/\/infoecos.com.ar\/wp-content\/uploads\/2021\/01\/Vacunacion-3.jpg",852,568,false],"covernews-slider-full":["https:\/\/infoecos.com.ar\/wp-content\/uploads\/2021\/01\/Vacunacion-3.jpg",852,568,false],"covernews-slider-center":["https:\/\/infoecos.com.ar\/wp-content\/uploads\/2021\/01\/Vacunacion-3.jpg",750,500,false],"covernews-featured":["https:\/\/infoecos.com.ar\/wp-content\/uploads\/2021\/01\/Vacunacion-3.jpg",852,568,false],"covernews-medium":["https:\/\/infoecos.com.ar\/wp-content\/uploads\/2021\/01\/Vacunacion-3-720x380.jpg",540,285,true],"covernews-medium-square":["https:\/\/infoecos.com.ar\/wp-content\/uploads\/2021\/01\/Vacunacion-3-675x450.jpg",375,250,true]},"author_info":{"info":["Jorge Matheus"]},"category_info":"<a href=\"https:\/\/infoecos.com.ar\/index.php\/category\/c2nota6\/\" rel=\"category tag\">C2 N6<\/a>","tag_info":"C2 N6","comment_count":"0","_links":{"self":[{"href":"https:\/\/infoecos.com.ar\/index.php\/wp-json\/wp\/v2\/posts\/73280","targetHints":{"allow":["GET"]}}],"collection":[{"href":"https:\/\/infoecos.com.ar\/index.php\/wp-json\/wp\/v2\/posts"}],"about":[{"href":"https:\/\/infoecos.com.ar\/index.php\/wp-json\/wp\/v2\/types\/post"}],"author":[{"embeddable":true,"href":"https:\/\/infoecos.com.ar\/index.php\/wp-json\/wp\/v2\/users\/2"}],"replies":[{"embeddable":true,"href":"https:\/\/infoecos.com.ar\/index.php\/wp-json\/wp\/v2\/comments?post=73280"}],"version-history":[{"count":1,"href":"https:\/\/infoecos.com.ar\/index.php\/wp-json\/wp\/v2\/posts\/73280\/revisions"}],"predecessor-version":[{"id":73281,"href":"https:\/\/infoecos.com.ar\/index.php\/wp-json\/wp\/v2\/posts\/73280\/revisions\/73281"}],"wp:featuredmedia":[{"embeddable":true,"href":"https:\/\/infoecos.com.ar\/index.php\/wp-json\/wp\/v2\/media\/72324"}],"wp:attachment":[{"href":"https:\/\/infoecos.com.ar\/index.php\/wp-json\/wp\/v2\/media?parent=73280"}],"wp:term":[{"taxonomy":"category","embeddable":true,"href":"https:\/\/infoecos.com.ar\/index.php\/wp-json\/wp\/v2\/categories?post=73280"},{"taxonomy":"post_tag","embeddable":true,"href":"https:\/\/infoecos.com.ar\/index.php\/wp-json\/wp\/v2\/tags?post=73280"}],"curies":[{"name":"wp","href":"https:\/\/api.w.org\/{rel}","templated":true}]}}