{"id":73309,"date":"2021-01-25T16:12:45","date_gmt":"2021-01-25T19:12:45","guid":{"rendered":"http:\/\/infoecos.com.ar\/?p=73309"},"modified":"2021-01-27T01:57:20","modified_gmt":"2021-01-27T04:57:20","slug":"otro-intendente-que-paso-por-el-vacunatorio-juan-miguel-nosetti-de-salliquelo","status":"publish","type":"post","link":"https:\/\/infoecos.com.ar\/index.php\/otro-intendente-que-paso-por-el-vacunatorio-juan-miguel-nosetti-de-salliquelo\/","title":{"rendered":"Otro intendente que pas\u00f3 por el vacunatorio: Juan Miguel Nosetti de Salliquel\u00f3"},"content":{"rendered":"\n<p class=\"wp-block-paragraph\">El Intendente Municipal de Salliquel\u00f3, Ing. Juan Miguel Nosetti, recibi\u00f3 la primera dosis de la vacuna Sputnik V contra el COVID-19, el pasado s\u00e1bado. <\/p>\n\n\n\n<p class=\"wp-block-paragraph\">Desde el municipio, al dar a conocer la informaci\u00f3n, se aprovech\u00f3 para aconsejar a la comunidad.<\/p>\n\n\n\n<p class=\"wp-block-paragraph\">\u00abUna vez m\u00e1s, desde la Direcci\u00f3n de salud se recuerda la importancia de lograr vacunar a la mayor cantidad de poblaci\u00f3n posible, por lo que se invita a los vecinos a realizar la inscripci\u00f3n correspondiente, ingresando a <a rel=\"noreferrer noopener\" href=\"https:\/\/www.vacunatepba.gba.gob.ar\/?fbclid=IwAR1Rtp-Wbm_MpfJMVHPZ-n21czsPNr6z7_K2rA2l9cb_Cku-TIUmXw_96fQ\" target=\"_blank\">www.vacunatepba.gba.gob.ar<\/a> o acerc\u00e1ndose a los puntos de referencia\u00bb, se se\u00f1ala escuetamente en la p\u00e1gina oficial que posee el gobierno comunal en la red social Facebook.<\/p>\n\n\n\n<div class=\"wp-block-image\"><figure class=\"aligncenter size-medium\"><img loading=\"lazy\" decoding=\"async\" width=\"345\" height=\"460\" src=\"http:\/\/infoecos.com.ar\/wp-content\/uploads\/2021\/01\/nosetti-345x460.jpg\" alt=\"\" class=\"wp-image-73310\" srcset=\"https:\/\/infoecos.com.ar\/wp-content\/uploads\/2021\/01\/nosetti-345x460.jpg 345w, https:\/\/infoecos.com.ar\/wp-content\/uploads\/2021\/01\/nosetti.jpg 526w\" sizes=\"auto, (max-width: 345px) 100vw, 345px\" \/><\/figure><\/div>\n","protected":false},"excerpt":{"rendered":"<p>Desde el municipio, al dar a conocer la informaci\u00f3n, se aprovech\u00f3 para aconsejar a la comunidad<\/p>\n","protected":false},"author":2,"featured_media":73310,"comment_status":"closed","ping_status":"open","sticky":false,"template":"","format":"standard","meta":{"footnotes":""},"categories":[200],"tags":[2699],"class_list":["post-73309","post","type-post","status-publish","format-standard","has-post-thumbnail","hentry","category-inferior8","tag-ferreo-acompanamiento-al-plan"],"featured_image_urls":{"full":["https:\/\/infoecos.com.ar\/wp-content\/uploads\/2021\/01\/nosetti.jpg",526,701,false],"thumbnail":["https:\/\/infoecos.com.ar\/wp-content\/uploads\/2021\/01\/nosetti-150x150.jpg",150,150,true],"medium":["https:\/\/infoecos.com.ar\/wp-content\/uploads\/2021\/01\/nosetti-345x460.jpg",345,460,true],"medium_large":["https:\/\/infoecos.com.ar\/wp-content\/uploads\/2021\/01\/nosetti.jpg",526,701,false],"large":["https:\/\/infoecos.com.ar\/wp-content\/uploads\/2021\/01\/nosetti.jpg",526,701,false],"1536x1536":["https:\/\/infoecos.com.ar\/wp-content\/uploads\/2021\/01\/nosetti.jpg",526,701,false],"2048x2048":["https:\/\/infoecos.com.ar\/wp-content\/uploads\/2021\/01\/nosetti.jpg",526,701,false],"covernews-slider-full":["https:\/\/infoecos.com.ar\/wp-content\/uploads\/2021\/01\/nosetti.jpg",526,701,false],"covernews-slider-center":["https:\/\/infoecos.com.ar\/wp-content\/uploads\/2021\/01\/nosetti.jpg",375,500,false],"covernews-featured":["https:\/\/infoecos.com.ar\/wp-content\/uploads\/2021\/01\/nosetti.jpg",526,701,false],"covernews-medium":["https:\/\/infoecos.com.ar\/wp-content\/uploads\/2021\/01\/nosetti-526x380.jpg",471,340,true],"covernews-medium-square":["https:\/\/infoecos.com.ar\/wp-content\/uploads\/2021\/01\/nosetti-526x450.jpg",292,250,true]},"author_info":{"info":["Jorge Matheus"]},"category_info":"<a href=\"https:\/\/infoecos.com.ar\/index.php\/category\/inferior8\/\" rel=\"category tag\">Bloque inferior - 8<\/a>","tag_info":"Bloque inferior - 8","comment_count":"0","_links":{"self":[{"href":"https:\/\/infoecos.com.ar\/index.php\/wp-json\/wp\/v2\/posts\/73309","targetHints":{"allow":["GET"]}}],"collection":[{"href":"https:\/\/infoecos.com.ar\/index.php\/wp-json\/wp\/v2\/posts"}],"about":[{"href":"https:\/\/infoecos.com.ar\/index.php\/wp-json\/wp\/v2\/types\/post"}],"author":[{"embeddable":true,"href":"https:\/\/infoecos.com.ar\/index.php\/wp-json\/wp\/v2\/users\/2"}],"replies":[{"embeddable":true,"href":"https:\/\/infoecos.com.ar\/index.php\/wp-json\/wp\/v2\/comments?post=73309"}],"version-history":[{"count":1,"href":"https:\/\/infoecos.com.ar\/index.php\/wp-json\/wp\/v2\/posts\/73309\/revisions"}],"predecessor-version":[{"id":73311,"href":"https:\/\/infoecos.com.ar\/index.php\/wp-json\/wp\/v2\/posts\/73309\/revisions\/73311"}],"wp:featuredmedia":[{"embeddable":true,"href":"https:\/\/infoecos.com.ar\/index.php\/wp-json\/wp\/v2\/media\/73310"}],"wp:attachment":[{"href":"https:\/\/infoecos.com.ar\/index.php\/wp-json\/wp\/v2\/media?parent=73309"}],"wp:term":[{"taxonomy":"category","embeddable":true,"href":"https:\/\/infoecos.com.ar\/index.php\/wp-json\/wp\/v2\/categories?post=73309"},{"taxonomy":"post_tag","embeddable":true,"href":"https:\/\/infoecos.com.ar\/index.php\/wp-json\/wp\/v2\/tags?post=73309"}],"curies":[{"name":"wp","href":"https:\/\/api.w.org\/{rel}","templated":true}]}}