{"id":73320,"date":"2021-01-26T00:49:49","date_gmt":"2021-01-26T03:49:49","guid":{"rendered":"http:\/\/infoecos.com.ar\/?p=73320"},"modified":"2021-01-27T01:56:08","modified_gmt":"2021-01-27T04:56:08","slug":"advertencia-con-apelacion-del-viceministro-de-salud-de-la-provincia-se-preve-un-invierno-con-mas-casos-que-el-ano-pasado","status":"publish","type":"post","link":"https:\/\/infoecos.com.ar\/index.php\/advertencia-con-apelacion-del-viceministro-de-salud-de-la-provincia-se-preve-un-invierno-con-mas-casos-que-el-ano-pasado\/","title":{"rendered":"Advertencia con apelaci\u00f3n del viceministro de Salud de la provincia: \u00abse prev\u00e9 un invierno con m\u00e1s casos que el a\u00f1o pasado\u00bb"},"content":{"rendered":"\n<p>El viceministro de Salud de la Provincia de Buenos Aires,<strong>&nbsp;<\/strong>Nicol\u00e1s Kreplak, analiz\u00f3 la situaci\u00f3n epidemiol\u00f3gica actual y, en declaraciones radiales dijo que se prev\u00e9 un invierno con m\u00e1s casos que el a\u00f1o pasado, tal como ocurri\u00f3 en el resto del mundo, pero aclar\u00f3 que si la poblaci\u00f3n de riesgo se vacuna, se reducir\u00e1 ostensiblemente la cantidad de fallecidos por COVID-19.<\/p>\n\n\n\n<div class=\"wp-block-image\"><figure class=\"aligncenter size-medium\"><img loading=\"lazy\" decoding=\"async\" width=\"460\" height=\"306\" src=\"http:\/\/infoecos.com.ar\/wp-content\/uploads\/2020\/11\/2020_10_03_CB_Conferencia-de-prensa-Salud_SGE_1429-460x306.jpg\" alt=\"\" class=\"wp-image-70244\" srcset=\"https:\/\/infoecos.com.ar\/wp-content\/uploads\/2020\/11\/2020_10_03_CB_Conferencia-de-prensa-Salud_SGE_1429-460x306.jpg 460w, https:\/\/infoecos.com.ar\/wp-content\/uploads\/2020\/11\/2020_10_03_CB_Conferencia-de-prensa-Salud_SGE_1429-920x612.jpg 920w, https:\/\/infoecos.com.ar\/wp-content\/uploads\/2020\/11\/2020_10_03_CB_Conferencia-de-prensa-Salud_SGE_1429-768x511.jpg 768w, https:\/\/infoecos.com.ar\/wp-content\/uploads\/2020\/11\/2020_10_03_CB_Conferencia-de-prensa-Salud_SGE_1429-1536x1020.jpg 1536w, https:\/\/infoecos.com.ar\/wp-content\/uploads\/2020\/11\/2020_10_03_CB_Conferencia-de-prensa-Salud_SGE_1429-2048x1363.jpg 2048w, https:\/\/infoecos.com.ar\/wp-content\/uploads\/2020\/11\/2020_10_03_CB_Conferencia-de-prensa-Salud_SGE_1429-1024x682.jpg 1024w, https:\/\/infoecos.com.ar\/wp-content\/uploads\/2020\/11\/2020_10_03_CB_Conferencia-de-prensa-Salud_SGE_1429-675x450.jpg 675w\" sizes=\"(max-width: 460px) 100vw, 460px\" \/><\/figure><\/div>\n\n\n\n<p>El funcionario bonaerense explic\u00f3 que cuando comiencen los meses fr\u00edos \u00abvamos a tener una segunda ola significativa y superior a la primera seguramente en cantidad de casos, porque es lo que ocurri\u00f3 en todo el mundo, pero con una letalidad infinitamente inferior si los grupos de riesgo se vacunan\u201d.<\/p>\n\n\n\n<p>Kreplak, que el pasado domingo vacun\u00f3 a la vicepresidenta&nbsp;Cristina Fern\u00e1ndez de Kirchner<strong>&nbsp;<\/strong>en el hospital provincial Eva Per\u00f3n de Avellanada, cont\u00f3 que difundir este tipo de acciones \u201cayuda a visibilizar la campa\u00f1a y a sensibilizar, porque como esta vacuna es de aplicaci\u00f3n voluntaria necesitamos que la poblaci\u00f3n manifieste su deseo de vacunarse\u201d.&nbsp;<\/p>\n\n\n\n<p>Para hacerlo, las personas que integran los grupos de riesgo deben registrarse en la p\u00e1gina web Buenos Aires Vacunate (vacunatepba.gba.gob.ar), a trav\u00e9s de la aplicaci\u00f3n VacunatePBA. En los pr\u00f3ximos d\u00edas, tambi\u00e9n se habilitar\u00e1n oficinas de asesoramiento e inscripci\u00f3n presencial en organismos p\u00fablicos como IOMA y PAMI, para las personas que tienen dificultades en el acceso a internet.<\/p>\n\n\n\n<p>El funcionario bonaerense hizo hincapi\u00e9 en la importancia de que la poblaci\u00f3n de riesgo se anote para recibir la vacuna \u201cporque por ejemplo, en promedio, las personas mayores de 60 a\u00f1os tienen 24 veces m\u00e1s posibilidades de fallecer que las menores de 60. Si tenemos a toda esa poblaci\u00f3n vacunada podemos tener una letalidad muy baja, que se puede parecer a una enfermedad respiratoria m\u00e1s del invierno\u201d.<\/p>\n","protected":false},"excerpt":{"rendered":"<p>Aclar\u00f3 que si la poblaci\u00f3n de riesgo se vacuna, se reducir\u00e1 ostensiblemente la cantidad de fallecidos por COVID-19<\/p>\n","protected":false},"author":2,"featured_media":70244,"comment_status":"closed","ping_status":"open","sticky":false,"template":"","format":"standard","meta":{"footnotes":""},"categories":[26],"tags":[2703],"class_list":["post-73320","post","type-post","status-publish","format-standard","has-post-thumbnail","hentry","category-inferior6","tag-declaraciones-de-nicolas-kreplak"],"yoast_head":"<!-- This site is optimized with the Yoast SEO plugin v23.4 - https:\/\/yoast.com\/wordpress\/plugins\/seo\/ -->\n<title>Advertencia con apelaci\u00f3n del viceministro de Salud de la provincia: &quot;se prev\u00e9 un invierno con m\u00e1s casos que el a\u00f1o pasado&quot; - Infoecos<\/title>\n<meta name=\"robots\" content=\"index, follow, max-snippet:-1, max-image-preview:large, max-video-preview:-1\" \/>\n<link rel=\"canonical\" href=\"https:\/\/infoecos.com.ar\/index.php\/advertencia-con-apelacion-del-viceministro-de-salud-de-la-provincia-se-preve-un-invierno-con-mas-casos-que-el-ano-pasado\/\" \/>\n<meta property=\"og:locale\" content=\"es_ES\" \/>\n<meta property=\"og:type\" content=\"article\" \/>\n<meta property=\"og:title\" content=\"Advertencia con apelaci\u00f3n del viceministro de Salud de la provincia: &quot;se prev\u00e9 un invierno con m\u00e1s casos que el a\u00f1o pasado&quot; - Infoecos\" \/>\n<meta property=\"og:description\" content=\"Aclar\u00f3 que si la poblaci\u00f3n de riesgo se vacuna, se reducir\u00e1 ostensiblemente la cantidad de fallecidos por COVID-19\" \/>\n<meta property=\"og:url\" content=\"https:\/\/infoecos.com.ar\/index.php\/advertencia-con-apelacion-del-viceministro-de-salud-de-la-provincia-se-preve-un-invierno-con-mas-casos-que-el-ano-pasado\/\" \/>\n<meta property=\"og:site_name\" content=\"Infoecos\" \/>\n<meta property=\"article:publisher\" content=\"https:\/\/www.facebook.com\/profile.php?id=100063200290284\" \/>\n<meta property=\"article:published_time\" content=\"2021-01-26T03:49:49+00:00\" \/>\n<meta property=\"article:modified_time\" content=\"2021-01-27T04:56:08+00:00\" \/>\n<meta property=\"og:image\" content=\"https:\/\/infoecos.com.ar\/wp-content\/uploads\/2020\/11\/2020_10_03_CB_Conferencia-de-prensa-Salud_SGE_1429-scaled.jpg\" \/>\n\t<meta property=\"og:image:width\" content=\"2560\" \/>\n\t<meta property=\"og:image:height\" content=\"1704\" \/>\n\t<meta property=\"og:image:type\" content=\"image\/jpeg\" \/>\n<meta name=\"author\" content=\"Jorge Matheus\" \/>\n<meta name=\"twitter:card\" content=\"summary_large_image\" \/>\n<meta name=\"twitter:creator\" content=\"@infoecos\" \/>\n<meta name=\"twitter:site\" content=\"@infoecos\" \/>\n<meta name=\"twitter:label1\" content=\"Escrito por\" \/>\n\t<meta name=\"twitter:data1\" content=\"Jorge Matheus\" \/>\n\t<meta name=\"twitter:label2\" content=\"Tiempo de lectura\" \/>\n\t<meta name=\"twitter:data2\" content=\"2 minutos\" \/>\n<script type=\"application\/ld+json\" class=\"yoast-schema-graph\">{\"@context\":\"https:\/\/schema.org\",\"@graph\":[{\"@type\":\"Article\",\"@id\":\"https:\/\/infoecos.com.ar\/index.php\/advertencia-con-apelacion-del-viceministro-de-salud-de-la-provincia-se-preve-un-invierno-con-mas-casos-que-el-ano-pasado\/#article\",\"isPartOf\":{\"@id\":\"https:\/\/infoecos.com.ar\/index.php\/advertencia-con-apelacion-del-viceministro-de-salud-de-la-provincia-se-preve-un-invierno-con-mas-casos-que-el-ano-pasado\/\"},\"author\":{\"name\":\"Jorge Matheus\",\"@id\":\"https:\/\/infoecos.com.ar\/#\/schema\/person\/8f5ace5ce73b4b4aac4b7245aee6f191\"},\"headline\":\"Advertencia con apelaci\u00f3n del viceministro de Salud de la provincia: \u00abse prev\u00e9 un invierno con m\u00e1s casos que el a\u00f1o pasado\u00bb\",\"datePublished\":\"2021-01-26T03:49:49+00:00\",\"dateModified\":\"2021-01-27T04:56:08+00:00\",\"mainEntityOfPage\":{\"@id\":\"https:\/\/infoecos.com.ar\/index.php\/advertencia-con-apelacion-del-viceministro-de-salud-de-la-provincia-se-preve-un-invierno-con-mas-casos-que-el-ano-pasado\/\"},\"wordCount\":341,\"publisher\":{\"@id\":\"https:\/\/infoecos.com.ar\/#organization\"},\"image\":{\"@id\":\"https:\/\/infoecos.com.ar\/index.php\/advertencia-con-apelacion-del-viceministro-de-salud-de-la-provincia-se-preve-un-invierno-con-mas-casos-que-el-ano-pasado\/#primaryimage\"},\"thumbnailUrl\":\"https:\/\/infoecos.com.ar\/wp-content\/uploads\/2020\/11\/2020_10_03_CB_Conferencia-de-prensa-Salud_SGE_1429-scaled.jpg\",\"keywords\":[\"DECLARACIONES DE NICOL\u00c1S KREPLAK\"],\"articleSection\":[\"Bloque inferior - 6\"],\"inLanguage\":\"es\"},{\"@type\":\"WebPage\",\"@id\":\"https:\/\/infoecos.com.ar\/index.php\/advertencia-con-apelacion-del-viceministro-de-salud-de-la-provincia-se-preve-un-invierno-con-mas-casos-que-el-ano-pasado\/\",\"url\":\"https:\/\/infoecos.com.ar\/index.php\/advertencia-con-apelacion-del-viceministro-de-salud-de-la-provincia-se-preve-un-invierno-con-mas-casos-que-el-ano-pasado\/\",\"name\":\"Advertencia con apelaci\u00f3n del viceministro de Salud de la provincia: \\\"se prev\u00e9 un invierno con m\u00e1s casos que el a\u00f1o pasado\\\" - Infoecos\",\"isPartOf\":{\"@id\":\"https:\/\/infoecos.com.ar\/#website\"},\"primaryImageOfPage\":{\"@id\":\"https:\/\/infoecos.com.ar\/index.php\/advertencia-con-apelacion-del-viceministro-de-salud-de-la-provincia-se-preve-un-invierno-con-mas-casos-que-el-ano-pasado\/#primaryimage\"},\"image\":{\"@id\":\"https:\/\/infoecos.com.ar\/index.php\/advertencia-con-apelacion-del-viceministro-de-salud-de-la-provincia-se-preve-un-invierno-con-mas-casos-que-el-ano-pasado\/#primaryimage\"},\"thumbnailUrl\":\"https:\/\/infoecos.com.ar\/wp-content\/uploads\/2020\/11\/2020_10_03_CB_Conferencia-de-prensa-Salud_SGE_1429-scaled.jpg\",\"datePublished\":\"2021-01-26T03:49:49+00:00\",\"dateModified\":\"2021-01-27T04:56:08+00:00\",\"breadcrumb\":{\"@id\":\"https:\/\/infoecos.com.ar\/index.php\/advertencia-con-apelacion-del-viceministro-de-salud-de-la-provincia-se-preve-un-invierno-con-mas-casos-que-el-ano-pasado\/#breadcrumb\"},\"inLanguage\":\"es\",\"potentialAction\":[{\"@type\":\"ReadAction\",\"target\":[\"https:\/\/infoecos.com.ar\/index.php\/advertencia-con-apelacion-del-viceministro-de-salud-de-la-provincia-se-preve-un-invierno-con-mas-casos-que-el-ano-pasado\/\"]}]},{\"@type\":\"ImageObject\",\"inLanguage\":\"es\",\"@id\":\"https:\/\/infoecos.com.ar\/index.php\/advertencia-con-apelacion-del-viceministro-de-salud-de-la-provincia-se-preve-un-invierno-con-mas-casos-que-el-ano-pasado\/#primaryimage\",\"url\":\"https:\/\/infoecos.com.ar\/wp-content\/uploads\/2020\/11\/2020_10_03_CB_Conferencia-de-prensa-Salud_SGE_1429-scaled.jpg\",\"contentUrl\":\"https:\/\/infoecos.com.ar\/wp-content\/uploads\/2020\/11\/2020_10_03_CB_Conferencia-de-prensa-Salud_SGE_1429-scaled.jpg\",\"width\":2560,\"height\":1704},{\"@type\":\"BreadcrumbList\",\"@id\":\"https:\/\/infoecos.com.ar\/index.php\/advertencia-con-apelacion-del-viceministro-de-salud-de-la-provincia-se-preve-un-invierno-con-mas-casos-que-el-ano-pasado\/#breadcrumb\",\"itemListElement\":[{\"@type\":\"ListItem\",\"position\":1,\"name\":\"Portada\",\"item\":\"https:\/\/infoecos.com.ar\/\"},{\"@type\":\"ListItem\",\"position\":2,\"name\":\"Advertencia con apelaci\u00f3n del viceministro de Salud de la provincia: \u00abse prev\u00e9 un invierno con m\u00e1s casos que el a\u00f1o pasado\u00bb\"}]},{\"@type\":\"WebSite\",\"@id\":\"https:\/\/infoecos.com.ar\/#website\",\"url\":\"https:\/\/infoecos.com.ar\/\",\"name\":\"Infoecos\",\"description\":\"Noticias de trenque lauquen y la zona\",\"publisher\":{\"@id\":\"https:\/\/infoecos.com.ar\/#organization\"},\"alternateName\":\"Noticias\",\"potentialAction\":[{\"@type\":\"SearchAction\",\"target\":{\"@type\":\"EntryPoint\",\"urlTemplate\":\"https:\/\/infoecos.com.ar\/?s={search_term_string}\"},\"query-input\":{\"@type\":\"PropertyValueSpecification\",\"valueRequired\":true,\"valueName\":\"search_term_string\"}}],\"inLanguage\":\"es\"},{\"@type\":\"Organization\",\"@id\":\"https:\/\/infoecos.com.ar\/#organization\",\"name\":\"Infoecos\",\"alternateName\":\"Noticias\",\"url\":\"https:\/\/infoecos.com.ar\/\",\"logo\":{\"@type\":\"ImageObject\",\"inLanguage\":\"es\",\"@id\":\"https:\/\/infoecos.com.ar\/#\/schema\/logo\/image\/\",\"url\":\"https:\/\/infoecos.com.ar\/wp-content\/uploads\/2024\/03\/cropped-logo.png\",\"contentUrl\":\"https:\/\/infoecos.com.ar\/wp-content\/uploads\/2024\/03\/cropped-logo.png\",\"width\":374,\"height\":90,\"caption\":\"Infoecos\"},\"image\":{\"@id\":\"https:\/\/infoecos.com.ar\/#\/schema\/logo\/image\/\"},\"sameAs\":[\"https:\/\/www.facebook.com\/profile.php?id=100063200290284\",\"https:\/\/x.com\/infoecos\"]},{\"@type\":\"Person\",\"@id\":\"https:\/\/infoecos.com.ar\/#\/schema\/person\/8f5ace5ce73b4b4aac4b7245aee6f191\",\"name\":\"Jorge Matheus\",\"url\":\"https:\/\/infoecos.com.ar\/index.php\/author\/jomatheus\/\"}]}<\/script>\n<!-- \/ Yoast SEO plugin. -->","yoast_head_json":{"title":"Advertencia con apelaci\u00f3n del viceministro de Salud de la provincia: \"se prev\u00e9 un invierno con m\u00e1s casos que el a\u00f1o pasado\" - Infoecos","robots":{"index":"index","follow":"follow","max-snippet":"max-snippet:-1","max-image-preview":"max-image-preview:large","max-video-preview":"max-video-preview:-1"},"canonical":"https:\/\/infoecos.com.ar\/index.php\/advertencia-con-apelacion-del-viceministro-de-salud-de-la-provincia-se-preve-un-invierno-con-mas-casos-que-el-ano-pasado\/","og_locale":"es_ES","og_type":"article","og_title":"Advertencia con apelaci\u00f3n del viceministro de Salud de la provincia: \"se prev\u00e9 un invierno con m\u00e1s casos que el a\u00f1o pasado\" - Infoecos","og_description":"Aclar\u00f3 que si la poblaci\u00f3n de riesgo se vacuna, se reducir\u00e1 ostensiblemente la cantidad de fallecidos por COVID-19","og_url":"https:\/\/infoecos.com.ar\/index.php\/advertencia-con-apelacion-del-viceministro-de-salud-de-la-provincia-se-preve-un-invierno-con-mas-casos-que-el-ano-pasado\/","og_site_name":"Infoecos","article_publisher":"https:\/\/www.facebook.com\/profile.php?id=100063200290284","article_published_time":"2021-01-26T03:49:49+00:00","article_modified_time":"2021-01-27T04:56:08+00:00","og_image":[{"width":2560,"height":1704,"url":"https:\/\/infoecos.com.ar\/wp-content\/uploads\/2020\/11\/2020_10_03_CB_Conferencia-de-prensa-Salud_SGE_1429-scaled.jpg","type":"image\/jpeg"}],"author":"Jorge Matheus","twitter_card":"summary_large_image","twitter_creator":"@infoecos","twitter_site":"@infoecos","twitter_misc":{"Escrito por":"Jorge Matheus","Tiempo de lectura":"2 minutos"},"schema":{"@context":"https:\/\/schema.org","@graph":[{"@type":"Article","@id":"https:\/\/infoecos.com.ar\/index.php\/advertencia-con-apelacion-del-viceministro-de-salud-de-la-provincia-se-preve-un-invierno-con-mas-casos-que-el-ano-pasado\/#article","isPartOf":{"@id":"https:\/\/infoecos.com.ar\/index.php\/advertencia-con-apelacion-del-viceministro-de-salud-de-la-provincia-se-preve-un-invierno-con-mas-casos-que-el-ano-pasado\/"},"author":{"name":"Jorge Matheus","@id":"https:\/\/infoecos.com.ar\/#\/schema\/person\/8f5ace5ce73b4b4aac4b7245aee6f191"},"headline":"Advertencia con apelaci\u00f3n del viceministro de Salud de la provincia: \u00abse prev\u00e9 un invierno con m\u00e1s casos que el a\u00f1o pasado\u00bb","datePublished":"2021-01-26T03:49:49+00:00","dateModified":"2021-01-27T04:56:08+00:00","mainEntityOfPage":{"@id":"https:\/\/infoecos.com.ar\/index.php\/advertencia-con-apelacion-del-viceministro-de-salud-de-la-provincia-se-preve-un-invierno-con-mas-casos-que-el-ano-pasado\/"},"wordCount":341,"publisher":{"@id":"https:\/\/infoecos.com.ar\/#organization"},"image":{"@id":"https:\/\/infoecos.com.ar\/index.php\/advertencia-con-apelacion-del-viceministro-de-salud-de-la-provincia-se-preve-un-invierno-con-mas-casos-que-el-ano-pasado\/#primaryimage"},"thumbnailUrl":"https:\/\/infoecos.com.ar\/wp-content\/uploads\/2020\/11\/2020_10_03_CB_Conferencia-de-prensa-Salud_SGE_1429-scaled.jpg","keywords":["DECLARACIONES DE NICOL\u00c1S KREPLAK"],"articleSection":["Bloque inferior - 6"],"inLanguage":"es"},{"@type":"WebPage","@id":"https:\/\/infoecos.com.ar\/index.php\/advertencia-con-apelacion-del-viceministro-de-salud-de-la-provincia-se-preve-un-invierno-con-mas-casos-que-el-ano-pasado\/","url":"https:\/\/infoecos.com.ar\/index.php\/advertencia-con-apelacion-del-viceministro-de-salud-de-la-provincia-se-preve-un-invierno-con-mas-casos-que-el-ano-pasado\/","name":"Advertencia con apelaci\u00f3n del viceministro de Salud de la provincia: \"se prev\u00e9 un invierno con m\u00e1s casos que el a\u00f1o pasado\" - Infoecos","isPartOf":{"@id":"https:\/\/infoecos.com.ar\/#website"},"primaryImageOfPage":{"@id":"https:\/\/infoecos.com.ar\/index.php\/advertencia-con-apelacion-del-viceministro-de-salud-de-la-provincia-se-preve-un-invierno-con-mas-casos-que-el-ano-pasado\/#primaryimage"},"image":{"@id":"https:\/\/infoecos.com.ar\/index.php\/advertencia-con-apelacion-del-viceministro-de-salud-de-la-provincia-se-preve-un-invierno-con-mas-casos-que-el-ano-pasado\/#primaryimage"},"thumbnailUrl":"https:\/\/infoecos.com.ar\/wp-content\/uploads\/2020\/11\/2020_10_03_CB_Conferencia-de-prensa-Salud_SGE_1429-scaled.jpg","datePublished":"2021-01-26T03:49:49+00:00","dateModified":"2021-01-27T04:56:08+00:00","breadcrumb":{"@id":"https:\/\/infoecos.com.ar\/index.php\/advertencia-con-apelacion-del-viceministro-de-salud-de-la-provincia-se-preve-un-invierno-con-mas-casos-que-el-ano-pasado\/#breadcrumb"},"inLanguage":"es","potentialAction":[{"@type":"ReadAction","target":["https:\/\/infoecos.com.ar\/index.php\/advertencia-con-apelacion-del-viceministro-de-salud-de-la-provincia-se-preve-un-invierno-con-mas-casos-que-el-ano-pasado\/"]}]},{"@type":"ImageObject","inLanguage":"es","@id":"https:\/\/infoecos.com.ar\/index.php\/advertencia-con-apelacion-del-viceministro-de-salud-de-la-provincia-se-preve-un-invierno-con-mas-casos-que-el-ano-pasado\/#primaryimage","url":"https:\/\/infoecos.com.ar\/wp-content\/uploads\/2020\/11\/2020_10_03_CB_Conferencia-de-prensa-Salud_SGE_1429-scaled.jpg","contentUrl":"https:\/\/infoecos.com.ar\/wp-content\/uploads\/2020\/11\/2020_10_03_CB_Conferencia-de-prensa-Salud_SGE_1429-scaled.jpg","width":2560,"height":1704},{"@type":"BreadcrumbList","@id":"https:\/\/infoecos.com.ar\/index.php\/advertencia-con-apelacion-del-viceministro-de-salud-de-la-provincia-se-preve-un-invierno-con-mas-casos-que-el-ano-pasado\/#breadcrumb","itemListElement":[{"@type":"ListItem","position":1,"name":"Portada","item":"https:\/\/infoecos.com.ar\/"},{"@type":"ListItem","position":2,"name":"Advertencia con apelaci\u00f3n del viceministro de Salud de la provincia: \u00abse prev\u00e9 un invierno con m\u00e1s casos que el a\u00f1o pasado\u00bb"}]},{"@type":"WebSite","@id":"https:\/\/infoecos.com.ar\/#website","url":"https:\/\/infoecos.com.ar\/","name":"Infoecos","description":"Noticias de trenque lauquen y la zona","publisher":{"@id":"https:\/\/infoecos.com.ar\/#organization"},"alternateName":"Noticias","potentialAction":[{"@type":"SearchAction","target":{"@type":"EntryPoint","urlTemplate":"https:\/\/infoecos.com.ar\/?s={search_term_string}"},"query-input":{"@type":"PropertyValueSpecification","valueRequired":true,"valueName":"search_term_string"}}],"inLanguage":"es"},{"@type":"Organization","@id":"https:\/\/infoecos.com.ar\/#organization","name":"Infoecos","alternateName":"Noticias","url":"https:\/\/infoecos.com.ar\/","logo":{"@type":"ImageObject","inLanguage":"es","@id":"https:\/\/infoecos.com.ar\/#\/schema\/logo\/image\/","url":"https:\/\/infoecos.com.ar\/wp-content\/uploads\/2024\/03\/cropped-logo.png","contentUrl":"https:\/\/infoecos.com.ar\/wp-content\/uploads\/2024\/03\/cropped-logo.png","width":374,"height":90,"caption":"Infoecos"},"image":{"@id":"https:\/\/infoecos.com.ar\/#\/schema\/logo\/image\/"},"sameAs":["https:\/\/www.facebook.com\/profile.php?id=100063200290284","https:\/\/x.com\/infoecos"]},{"@type":"Person","@id":"https:\/\/infoecos.com.ar\/#\/schema\/person\/8f5ace5ce73b4b4aac4b7245aee6f191","name":"Jorge Matheus","url":"https:\/\/infoecos.com.ar\/index.php\/author\/jomatheus\/"}]}},"featured_image_urls":{"full":["https:\/\/infoecos.com.ar\/wp-content\/uploads\/2020\/11\/2020_10_03_CB_Conferencia-de-prensa-Salud_SGE_1429-scaled.jpg",2560,1704,false],"thumbnail":["https:\/\/infoecos.com.ar\/wp-content\/uploads\/2020\/11\/2020_10_03_CB_Conferencia-de-prensa-Salud_SGE_1429-150x150.jpg",150,150,true],"medium":["https:\/\/infoecos.com.ar\/wp-content\/uploads\/2020\/11\/2020_10_03_CB_Conferencia-de-prensa-Salud_SGE_1429-460x306.jpg",460,306,true],"medium_large":["https:\/\/infoecos.com.ar\/wp-content\/uploads\/2020\/11\/2020_10_03_CB_Conferencia-de-prensa-Salud_SGE_1429-768x511.jpg",640,426,true],"large":["https:\/\/infoecos.com.ar\/wp-content\/uploads\/2020\/11\/2020_10_03_CB_Conferencia-de-prensa-Salud_SGE_1429-920x612.jpg",640,426,true],"1536x1536":["https:\/\/infoecos.com.ar\/wp-content\/uploads\/2020\/11\/2020_10_03_CB_Conferencia-de-prensa-Salud_SGE_1429-1536x1022.jpg",1536,1022,true],"2048x2048":["https:\/\/infoecos.com.ar\/wp-content\/uploads\/2020\/11\/2020_10_03_CB_Conferencia-de-prensa-Salud_SGE_1429-2048x1363.jpg",2048,1363,true],"covernews-slider-full":["https:\/\/infoecos.com.ar\/wp-content\/uploads\/2020\/11\/2020_10_03_CB_Conferencia-de-prensa-Salud_SGE_1429-1536x1020.jpg",1077,715,true],"covernews-slider-center":["https:\/\/infoecos.com.ar\/wp-content\/uploads\/2020\/11\/2020_10_03_CB_Conferencia-de-prensa-Salud_SGE_1429-936x897.jpg",522,500,true],"covernews-featured":["https:\/\/infoecos.com.ar\/wp-content\/uploads\/2020\/11\/2020_10_03_CB_Conferencia-de-prensa-Salud_SGE_1429-1024x682.jpg",1024,682,true],"covernews-medium":["https:\/\/infoecos.com.ar\/wp-content\/uploads\/2020\/11\/2020_10_03_CB_Conferencia-de-prensa-Salud_SGE_1429-720x380.jpg",540,285,true],"covernews-medium-square":["https:\/\/infoecos.com.ar\/wp-content\/uploads\/2020\/11\/2020_10_03_CB_Conferencia-de-prensa-Salud_SGE_1429-675x450.jpg",375,250,true]},"author_info":{"info":["Jorge Matheus"]},"category_info":"<a href=\"https:\/\/infoecos.com.ar\/index.php\/category\/inferior6\/\" rel=\"category tag\">Bloque inferior - 6<\/a>","tag_info":"Bloque inferior - 6","comment_count":"0","_links":{"self":[{"href":"https:\/\/infoecos.com.ar\/index.php\/wp-json\/wp\/v2\/posts\/73320"}],"collection":[{"href":"https:\/\/infoecos.com.ar\/index.php\/wp-json\/wp\/v2\/posts"}],"about":[{"href":"https:\/\/infoecos.com.ar\/index.php\/wp-json\/wp\/v2\/types\/post"}],"author":[{"embeddable":true,"href":"https:\/\/infoecos.com.ar\/index.php\/wp-json\/wp\/v2\/users\/2"}],"replies":[{"embeddable":true,"href":"https:\/\/infoecos.com.ar\/index.php\/wp-json\/wp\/v2\/comments?post=73320"}],"version-history":[{"count":2,"href":"https:\/\/infoecos.com.ar\/index.php\/wp-json\/wp\/v2\/posts\/73320\/revisions"}],"predecessor-version":[{"id":73414,"href":"https:\/\/infoecos.com.ar\/index.php\/wp-json\/wp\/v2\/posts\/73320\/revisions\/73414"}],"wp:featuredmedia":[{"embeddable":true,"href":"https:\/\/infoecos.com.ar\/index.php\/wp-json\/wp\/v2\/media\/70244"}],"wp:attachment":[{"href":"https:\/\/infoecos.com.ar\/index.php\/wp-json\/wp\/v2\/media?parent=73320"}],"wp:term":[{"taxonomy":"category","embeddable":true,"href":"https:\/\/infoecos.com.ar\/index.php\/wp-json\/wp\/v2\/categories?post=73320"},{"taxonomy":"post_tag","embeddable":true,"href":"https:\/\/infoecos.com.ar\/index.php\/wp-json\/wp\/v2\/tags?post=73320"}],"curies":[{"name":"wp","href":"https:\/\/api.w.org\/{rel}","templated":true}]}}