{"id":73324,"date":"2021-01-26T01:23:04","date_gmt":"2021-01-26T04:23:04","guid":{"rendered":"http:\/\/infoecos.com.ar\/?p=73324"},"modified":"2021-01-27T01:55:02","modified_gmt":"2021-01-27T04:55:02","slug":"supervisaron-obras-que-se-realizan-en-establecimientos-educativos-de-bayauca","status":"publish","type":"post","link":"https:\/\/infoecos.com.ar\/index.php\/supervisaron-obras-que-se-realizan-en-establecimientos-educativos-de-bayauca\/","title":{"rendered":"Supervisaron obras que se realizan en establecimientos educativos de Bayauca"},"content":{"rendered":"\n<p>La secretaria de Cultura y Educaci\u00f3n de la municipalidad de Lincoln, Marisa Serenal; el consejero escolar Nicol\u00e1s Gaina; y la delegada municipal Viviana Fardos, supervisaron el avance de la obra de construcci\u00f3n de nuevos sanitarios en la Escuela Secundaria N\u00b0 6 \u201cSoldado Heredia\u201d de la localidad de Bayauca.<\/p>\n\n\n\n<div class=\"wp-block-image\"><figure class=\"aligncenter size-medium\"><img loading=\"lazy\" decoding=\"async\" width=\"460\" height=\"307\" src=\"http:\/\/infoecos.com.ar\/wp-content\/uploads\/2021\/01\/PHOTO-2021-01-25-16-54-42-460x307.jpg\" alt=\"\" class=\"wp-image-73325\" srcset=\"https:\/\/infoecos.com.ar\/wp-content\/uploads\/2021\/01\/PHOTO-2021-01-25-16-54-42-460x307.jpg 460w, https:\/\/infoecos.com.ar\/wp-content\/uploads\/2021\/01\/PHOTO-2021-01-25-16-54-42-920x613.jpg 920w, https:\/\/infoecos.com.ar\/wp-content\/uploads\/2021\/01\/PHOTO-2021-01-25-16-54-42-768x512.jpg 768w, https:\/\/infoecos.com.ar\/wp-content\/uploads\/2021\/01\/PHOTO-2021-01-25-16-54-42-1024x682.jpg 1024w, https:\/\/infoecos.com.ar\/wp-content\/uploads\/2021\/01\/PHOTO-2021-01-25-16-54-42-675x450.jpg 675w, https:\/\/infoecos.com.ar\/wp-content\/uploads\/2021\/01\/PHOTO-2021-01-25-16-54-42.jpg 1280w\" sizes=\"(max-width: 460px) 100vw, 460px\" \/><\/figure><\/div>\n\n\n\n<p>Esta obra demandar\u00e1 una inversi\u00f3n cercana a los $ 4.000.000 y es ejecutada mediante el Fondo de Financiamiento Educativo. <\/p>\n\n\n\n<p>Los trabajos consisten en la construcci\u00f3n de dos nuevos ba\u00f1os \u2013 sanitario para mujeres y para hombres-&nbsp;&nbsp;con las correspondientes aberturas, cielorraso, grifer\u00edas, sanitarios e instalaci\u00f3n el\u00e9ctrica.<\/p>\n\n\n\n<p>En ese marco, la titular de la cartera de Cultura y Educaci\u00f3n municipal remarc\u00f3: \u201cEs una obra muy importante porque esta instituci\u00f3n es la \u00faltima escuela del distrito que quedaba con los ba\u00f1os compartidos entre el Nivel Primario y Secundario\u201d.<\/p>\n\n\n\n<p>A su vez, Marisa Serenal indic\u00f3 que, si bien estas tareas est\u00e1n contempladas en un plazo de ejecuci\u00f3n de 120 d\u00edas, \u201cse est\u00e1 poniendo much\u00edsimo esfuerzo para terminar la obra en el mes de marzo\u201d.<\/p>\n\n\n\n<div class=\"wp-block-image\"><figure class=\"aligncenter size-medium\"><img loading=\"lazy\" decoding=\"async\" width=\"460\" height=\"307\" src=\"http:\/\/infoecos.com.ar\/wp-content\/uploads\/2021\/01\/PHOTO-2021-01-25-16-54-35-460x307.jpg\" alt=\"\" class=\"wp-image-73326\" srcset=\"https:\/\/infoecos.com.ar\/wp-content\/uploads\/2021\/01\/PHOTO-2021-01-25-16-54-35-460x307.jpg 460w, https:\/\/infoecos.com.ar\/wp-content\/uploads\/2021\/01\/PHOTO-2021-01-25-16-54-35-920x613.jpg 920w, https:\/\/infoecos.com.ar\/wp-content\/uploads\/2021\/01\/PHOTO-2021-01-25-16-54-35-768x512.jpg 768w, https:\/\/infoecos.com.ar\/wp-content\/uploads\/2021\/01\/PHOTO-2021-01-25-16-54-35-1024x682.jpg 1024w, https:\/\/infoecos.com.ar\/wp-content\/uploads\/2021\/01\/PHOTO-2021-01-25-16-54-35-675x450.jpg 675w, https:\/\/infoecos.com.ar\/wp-content\/uploads\/2021\/01\/PHOTO-2021-01-25-16-54-35.jpg 1280w\" sizes=\"(max-width: 460px) 100vw, 460px\" \/><\/figure><\/div>\n\n\n\n<p>Durante la recorrida, los funcionarios tambi\u00e9n visitaron el Jard\u00edn de Infantes N\u00b0 904 \u201cJos\u00e9 Manuel Estrada\u201d de la misma localidad, donde se realizan trabajos de pintura en el exterior de la instituci\u00f3n.<\/p>\n\n\n\n<p>Seg\u00fan indicaron desde la Secretar\u00eda de Cultura y Educaci\u00f3n, en este establecimiento educativo, la puesta en valor de la fachada se lleva adelante mediante un acuerdo entre la Asociaci\u00f3n Cooperadora, que adquiri\u00f3 los materiales, y el municipio, que dispone de la mano de obra para la concreci\u00f3n de las tareas.&nbsp;<\/p>\n","protected":false},"excerpt":{"rendered":"<p>La obra en el colegio secundario demandar\u00e1 una inversi\u00f3n cercana a los $ 4.000.000 y es ejecutada mediante el Fondo de Financiamiento Educativo<\/p>\n","protected":false},"author":2,"featured_media":73325,"comment_status":"closed","ping_status":"open","sticky":false,"template":"","format":"standard","meta":{"footnotes":""},"categories":[43,51],"tags":[2705],"class_list":["post-73324","post","type-post","status-publish","format-standard","has-post-thumbnail","hentry","category-inferior4","category-c2nota4","tag-escuela-secundaria-y-jardin-de-infantes"],"yoast_head":"<!-- This site is optimized with the Yoast SEO plugin v23.4 - https:\/\/yoast.com\/wordpress\/plugins\/seo\/ -->\n<title>Supervisaron obras que se realizan en establecimientos educativos de Bayauca - Infoecos<\/title>\n<meta name=\"robots\" content=\"index, follow, max-snippet:-1, max-image-preview:large, max-video-preview:-1\" \/>\n<link rel=\"canonical\" href=\"https:\/\/infoecos.com.ar\/index.php\/supervisaron-obras-que-se-realizan-en-establecimientos-educativos-de-bayauca\/\" \/>\n<meta property=\"og:locale\" content=\"es_ES\" \/>\n<meta property=\"og:type\" content=\"article\" \/>\n<meta property=\"og:title\" content=\"Supervisaron obras que se realizan en establecimientos educativos de Bayauca - Infoecos\" \/>\n<meta property=\"og:description\" content=\"La obra en el colegio secundario demandar\u00e1 una inversi\u00f3n cercana a los $ 4.000.000 y es ejecutada mediante el Fondo de Financiamiento Educativo\" \/>\n<meta property=\"og:url\" content=\"https:\/\/infoecos.com.ar\/index.php\/supervisaron-obras-que-se-realizan-en-establecimientos-educativos-de-bayauca\/\" \/>\n<meta property=\"og:site_name\" content=\"Infoecos\" \/>\n<meta property=\"article:publisher\" content=\"https:\/\/www.facebook.com\/profile.php?id=100063200290284\" \/>\n<meta property=\"article:published_time\" content=\"2021-01-26T04:23:04+00:00\" \/>\n<meta property=\"article:modified_time\" content=\"2021-01-27T04:55:02+00:00\" \/>\n<meta property=\"og:image\" content=\"https:\/\/infoecos.com.ar\/wp-content\/uploads\/2021\/01\/PHOTO-2021-01-25-16-54-42.jpg\" \/>\n\t<meta property=\"og:image:width\" content=\"1280\" \/>\n\t<meta property=\"og:image:height\" content=\"853\" \/>\n\t<meta property=\"og:image:type\" content=\"image\/jpeg\" \/>\n<meta name=\"author\" content=\"Jorge Matheus\" \/>\n<meta name=\"twitter:card\" content=\"summary_large_image\" \/>\n<meta name=\"twitter:creator\" content=\"@infoecos\" \/>\n<meta name=\"twitter:site\" content=\"@infoecos\" \/>\n<meta name=\"twitter:label1\" content=\"Escrito por\" \/>\n\t<meta name=\"twitter:data1\" content=\"Jorge Matheus\" \/>\n\t<meta name=\"twitter:label2\" content=\"Tiempo de lectura\" \/>\n\t<meta name=\"twitter:data2\" content=\"1 minuto\" \/>\n<script type=\"application\/ld+json\" class=\"yoast-schema-graph\">{\"@context\":\"https:\/\/schema.org\",\"@graph\":[{\"@type\":\"Article\",\"@id\":\"https:\/\/infoecos.com.ar\/index.php\/supervisaron-obras-que-se-realizan-en-establecimientos-educativos-de-bayauca\/#article\",\"isPartOf\":{\"@id\":\"https:\/\/infoecos.com.ar\/index.php\/supervisaron-obras-que-se-realizan-en-establecimientos-educativos-de-bayauca\/\"},\"author\":{\"name\":\"Jorge Matheus\",\"@id\":\"https:\/\/infoecos.com.ar\/#\/schema\/person\/8f5ace5ce73b4b4aac4b7245aee6f191\"},\"headline\":\"Supervisaron obras que se realizan en establecimientos educativos de Bayauca\",\"datePublished\":\"2021-01-26T04:23:04+00:00\",\"dateModified\":\"2021-01-27T04:55:02+00:00\",\"mainEntityOfPage\":{\"@id\":\"https:\/\/infoecos.com.ar\/index.php\/supervisaron-obras-que-se-realizan-en-establecimientos-educativos-de-bayauca\/\"},\"wordCount\":282,\"publisher\":{\"@id\":\"https:\/\/infoecos.com.ar\/#organization\"},\"image\":{\"@id\":\"https:\/\/infoecos.com.ar\/index.php\/supervisaron-obras-que-se-realizan-en-establecimientos-educativos-de-bayauca\/#primaryimage\"},\"thumbnailUrl\":\"https:\/\/infoecos.com.ar\/wp-content\/uploads\/2021\/01\/PHOTO-2021-01-25-16-54-42.jpg\",\"keywords\":[\"escuela secundaria y jard\u00edn de infantes\"],\"articleSection\":[\"Bloque inferior - 4\",\"C2 N4\"],\"inLanguage\":\"es\"},{\"@type\":\"WebPage\",\"@id\":\"https:\/\/infoecos.com.ar\/index.php\/supervisaron-obras-que-se-realizan-en-establecimientos-educativos-de-bayauca\/\",\"url\":\"https:\/\/infoecos.com.ar\/index.php\/supervisaron-obras-que-se-realizan-en-establecimientos-educativos-de-bayauca\/\",\"name\":\"Supervisaron obras que se realizan en establecimientos educativos de Bayauca - Infoecos\",\"isPartOf\":{\"@id\":\"https:\/\/infoecos.com.ar\/#website\"},\"primaryImageOfPage\":{\"@id\":\"https:\/\/infoecos.com.ar\/index.php\/supervisaron-obras-que-se-realizan-en-establecimientos-educativos-de-bayauca\/#primaryimage\"},\"image\":{\"@id\":\"https:\/\/infoecos.com.ar\/index.php\/supervisaron-obras-que-se-realizan-en-establecimientos-educativos-de-bayauca\/#primaryimage\"},\"thumbnailUrl\":\"https:\/\/infoecos.com.ar\/wp-content\/uploads\/2021\/01\/PHOTO-2021-01-25-16-54-42.jpg\",\"datePublished\":\"2021-01-26T04:23:04+00:00\",\"dateModified\":\"2021-01-27T04:55:02+00:00\",\"breadcrumb\":{\"@id\":\"https:\/\/infoecos.com.ar\/index.php\/supervisaron-obras-que-se-realizan-en-establecimientos-educativos-de-bayauca\/#breadcrumb\"},\"inLanguage\":\"es\",\"potentialAction\":[{\"@type\":\"ReadAction\",\"target\":[\"https:\/\/infoecos.com.ar\/index.php\/supervisaron-obras-que-se-realizan-en-establecimientos-educativos-de-bayauca\/\"]}]},{\"@type\":\"ImageObject\",\"inLanguage\":\"es\",\"@id\":\"https:\/\/infoecos.com.ar\/index.php\/supervisaron-obras-que-se-realizan-en-establecimientos-educativos-de-bayauca\/#primaryimage\",\"url\":\"https:\/\/infoecos.com.ar\/wp-content\/uploads\/2021\/01\/PHOTO-2021-01-25-16-54-42.jpg\",\"contentUrl\":\"https:\/\/infoecos.com.ar\/wp-content\/uploads\/2021\/01\/PHOTO-2021-01-25-16-54-42.jpg\",\"width\":1280,\"height\":853},{\"@type\":\"BreadcrumbList\",\"@id\":\"https:\/\/infoecos.com.ar\/index.php\/supervisaron-obras-que-se-realizan-en-establecimientos-educativos-de-bayauca\/#breadcrumb\",\"itemListElement\":[{\"@type\":\"ListItem\",\"position\":1,\"name\":\"Portada\",\"item\":\"https:\/\/infoecos.com.ar\/\"},{\"@type\":\"ListItem\",\"position\":2,\"name\":\"Supervisaron obras que se realizan en establecimientos educativos de Bayauca\"}]},{\"@type\":\"WebSite\",\"@id\":\"https:\/\/infoecos.com.ar\/#website\",\"url\":\"https:\/\/infoecos.com.ar\/\",\"name\":\"Infoecos\",\"description\":\"Noticias de trenque lauquen y la zona\",\"publisher\":{\"@id\":\"https:\/\/infoecos.com.ar\/#organization\"},\"alternateName\":\"Noticias\",\"potentialAction\":[{\"@type\":\"SearchAction\",\"target\":{\"@type\":\"EntryPoint\",\"urlTemplate\":\"https:\/\/infoecos.com.ar\/?s={search_term_string}\"},\"query-input\":{\"@type\":\"PropertyValueSpecification\",\"valueRequired\":true,\"valueName\":\"search_term_string\"}}],\"inLanguage\":\"es\"},{\"@type\":\"Organization\",\"@id\":\"https:\/\/infoecos.com.ar\/#organization\",\"name\":\"Infoecos\",\"alternateName\":\"Noticias\",\"url\":\"https:\/\/infoecos.com.ar\/\",\"logo\":{\"@type\":\"ImageObject\",\"inLanguage\":\"es\",\"@id\":\"https:\/\/infoecos.com.ar\/#\/schema\/logo\/image\/\",\"url\":\"https:\/\/infoecos.com.ar\/wp-content\/uploads\/2024\/03\/cropped-logo.png\",\"contentUrl\":\"https:\/\/infoecos.com.ar\/wp-content\/uploads\/2024\/03\/cropped-logo.png\",\"width\":374,\"height\":90,\"caption\":\"Infoecos\"},\"image\":{\"@id\":\"https:\/\/infoecos.com.ar\/#\/schema\/logo\/image\/\"},\"sameAs\":[\"https:\/\/www.facebook.com\/profile.php?id=100063200290284\",\"https:\/\/x.com\/infoecos\"]},{\"@type\":\"Person\",\"@id\":\"https:\/\/infoecos.com.ar\/#\/schema\/person\/8f5ace5ce73b4b4aac4b7245aee6f191\",\"name\":\"Jorge Matheus\",\"url\":\"https:\/\/infoecos.com.ar\/index.php\/author\/jomatheus\/\"}]}<\/script>\n<!-- \/ Yoast SEO plugin. -->","yoast_head_json":{"title":"Supervisaron obras que se realizan en establecimientos educativos de Bayauca - Infoecos","robots":{"index":"index","follow":"follow","max-snippet":"max-snippet:-1","max-image-preview":"max-image-preview:large","max-video-preview":"max-video-preview:-1"},"canonical":"https:\/\/infoecos.com.ar\/index.php\/supervisaron-obras-que-se-realizan-en-establecimientos-educativos-de-bayauca\/","og_locale":"es_ES","og_type":"article","og_title":"Supervisaron obras que se realizan en establecimientos educativos de Bayauca - Infoecos","og_description":"La obra en el colegio secundario demandar\u00e1 una inversi\u00f3n cercana a los $ 4.000.000 y es ejecutada mediante el Fondo de Financiamiento Educativo","og_url":"https:\/\/infoecos.com.ar\/index.php\/supervisaron-obras-que-se-realizan-en-establecimientos-educativos-de-bayauca\/","og_site_name":"Infoecos","article_publisher":"https:\/\/www.facebook.com\/profile.php?id=100063200290284","article_published_time":"2021-01-26T04:23:04+00:00","article_modified_time":"2021-01-27T04:55:02+00:00","og_image":[{"width":1280,"height":853,"url":"https:\/\/infoecos.com.ar\/wp-content\/uploads\/2021\/01\/PHOTO-2021-01-25-16-54-42.jpg","type":"image\/jpeg"}],"author":"Jorge Matheus","twitter_card":"summary_large_image","twitter_creator":"@infoecos","twitter_site":"@infoecos","twitter_misc":{"Escrito por":"Jorge Matheus","Tiempo de lectura":"1 minuto"},"schema":{"@context":"https:\/\/schema.org","@graph":[{"@type":"Article","@id":"https:\/\/infoecos.com.ar\/index.php\/supervisaron-obras-que-se-realizan-en-establecimientos-educativos-de-bayauca\/#article","isPartOf":{"@id":"https:\/\/infoecos.com.ar\/index.php\/supervisaron-obras-que-se-realizan-en-establecimientos-educativos-de-bayauca\/"},"author":{"name":"Jorge Matheus","@id":"https:\/\/infoecos.com.ar\/#\/schema\/person\/8f5ace5ce73b4b4aac4b7245aee6f191"},"headline":"Supervisaron obras que se realizan en establecimientos educativos de Bayauca","datePublished":"2021-01-26T04:23:04+00:00","dateModified":"2021-01-27T04:55:02+00:00","mainEntityOfPage":{"@id":"https:\/\/infoecos.com.ar\/index.php\/supervisaron-obras-que-se-realizan-en-establecimientos-educativos-de-bayauca\/"},"wordCount":282,"publisher":{"@id":"https:\/\/infoecos.com.ar\/#organization"},"image":{"@id":"https:\/\/infoecos.com.ar\/index.php\/supervisaron-obras-que-se-realizan-en-establecimientos-educativos-de-bayauca\/#primaryimage"},"thumbnailUrl":"https:\/\/infoecos.com.ar\/wp-content\/uploads\/2021\/01\/PHOTO-2021-01-25-16-54-42.jpg","keywords":["escuela secundaria y jard\u00edn de infantes"],"articleSection":["Bloque inferior - 4","C2 N4"],"inLanguage":"es"},{"@type":"WebPage","@id":"https:\/\/infoecos.com.ar\/index.php\/supervisaron-obras-que-se-realizan-en-establecimientos-educativos-de-bayauca\/","url":"https:\/\/infoecos.com.ar\/index.php\/supervisaron-obras-que-se-realizan-en-establecimientos-educativos-de-bayauca\/","name":"Supervisaron obras que se realizan en establecimientos educativos de Bayauca - Infoecos","isPartOf":{"@id":"https:\/\/infoecos.com.ar\/#website"},"primaryImageOfPage":{"@id":"https:\/\/infoecos.com.ar\/index.php\/supervisaron-obras-que-se-realizan-en-establecimientos-educativos-de-bayauca\/#primaryimage"},"image":{"@id":"https:\/\/infoecos.com.ar\/index.php\/supervisaron-obras-que-se-realizan-en-establecimientos-educativos-de-bayauca\/#primaryimage"},"thumbnailUrl":"https:\/\/infoecos.com.ar\/wp-content\/uploads\/2021\/01\/PHOTO-2021-01-25-16-54-42.jpg","datePublished":"2021-01-26T04:23:04+00:00","dateModified":"2021-01-27T04:55:02+00:00","breadcrumb":{"@id":"https:\/\/infoecos.com.ar\/index.php\/supervisaron-obras-que-se-realizan-en-establecimientos-educativos-de-bayauca\/#breadcrumb"},"inLanguage":"es","potentialAction":[{"@type":"ReadAction","target":["https:\/\/infoecos.com.ar\/index.php\/supervisaron-obras-que-se-realizan-en-establecimientos-educativos-de-bayauca\/"]}]},{"@type":"ImageObject","inLanguage":"es","@id":"https:\/\/infoecos.com.ar\/index.php\/supervisaron-obras-que-se-realizan-en-establecimientos-educativos-de-bayauca\/#primaryimage","url":"https:\/\/infoecos.com.ar\/wp-content\/uploads\/2021\/01\/PHOTO-2021-01-25-16-54-42.jpg","contentUrl":"https:\/\/infoecos.com.ar\/wp-content\/uploads\/2021\/01\/PHOTO-2021-01-25-16-54-42.jpg","width":1280,"height":853},{"@type":"BreadcrumbList","@id":"https:\/\/infoecos.com.ar\/index.php\/supervisaron-obras-que-se-realizan-en-establecimientos-educativos-de-bayauca\/#breadcrumb","itemListElement":[{"@type":"ListItem","position":1,"name":"Portada","item":"https:\/\/infoecos.com.ar\/"},{"@type":"ListItem","position":2,"name":"Supervisaron obras que se realizan en establecimientos educativos de Bayauca"}]},{"@type":"WebSite","@id":"https:\/\/infoecos.com.ar\/#website","url":"https:\/\/infoecos.com.ar\/","name":"Infoecos","description":"Noticias de trenque lauquen y la zona","publisher":{"@id":"https:\/\/infoecos.com.ar\/#organization"},"alternateName":"Noticias","potentialAction":[{"@type":"SearchAction","target":{"@type":"EntryPoint","urlTemplate":"https:\/\/infoecos.com.ar\/?s={search_term_string}"},"query-input":{"@type":"PropertyValueSpecification","valueRequired":true,"valueName":"search_term_string"}}],"inLanguage":"es"},{"@type":"Organization","@id":"https:\/\/infoecos.com.ar\/#organization","name":"Infoecos","alternateName":"Noticias","url":"https:\/\/infoecos.com.ar\/","logo":{"@type":"ImageObject","inLanguage":"es","@id":"https:\/\/infoecos.com.ar\/#\/schema\/logo\/image\/","url":"https:\/\/infoecos.com.ar\/wp-content\/uploads\/2024\/03\/cropped-logo.png","contentUrl":"https:\/\/infoecos.com.ar\/wp-content\/uploads\/2024\/03\/cropped-logo.png","width":374,"height":90,"caption":"Infoecos"},"image":{"@id":"https:\/\/infoecos.com.ar\/#\/schema\/logo\/image\/"},"sameAs":["https:\/\/www.facebook.com\/profile.php?id=100063200290284","https:\/\/x.com\/infoecos"]},{"@type":"Person","@id":"https:\/\/infoecos.com.ar\/#\/schema\/person\/8f5ace5ce73b4b4aac4b7245aee6f191","name":"Jorge Matheus","url":"https:\/\/infoecos.com.ar\/index.php\/author\/jomatheus\/"}]}},"featured_image_urls":{"full":["https:\/\/infoecos.com.ar\/wp-content\/uploads\/2021\/01\/PHOTO-2021-01-25-16-54-42.jpg",1280,853,false],"thumbnail":["https:\/\/infoecos.com.ar\/wp-content\/uploads\/2021\/01\/PHOTO-2021-01-25-16-54-42-150x150.jpg",150,150,true],"medium":["https:\/\/infoecos.com.ar\/wp-content\/uploads\/2021\/01\/PHOTO-2021-01-25-16-54-42-460x307.jpg",460,307,true],"medium_large":["https:\/\/infoecos.com.ar\/wp-content\/uploads\/2021\/01\/PHOTO-2021-01-25-16-54-42-768x512.jpg",640,427,true],"large":["https:\/\/infoecos.com.ar\/wp-content\/uploads\/2021\/01\/PHOTO-2021-01-25-16-54-42-920x613.jpg",640,426,true],"1536x1536":["https:\/\/infoecos.com.ar\/wp-content\/uploads\/2021\/01\/PHOTO-2021-01-25-16-54-42.jpg",1280,853,false],"2048x2048":["https:\/\/infoecos.com.ar\/wp-content\/uploads\/2021\/01\/PHOTO-2021-01-25-16-54-42.jpg",1280,853,false],"covernews-slider-full":["https:\/\/infoecos.com.ar\/wp-content\/uploads\/2021\/01\/PHOTO-2021-01-25-16-54-42.jpg",1073,715,false],"covernews-slider-center":["https:\/\/infoecos.com.ar\/wp-content\/uploads\/2021\/01\/PHOTO-2021-01-25-16-54-42-936x853.jpg",549,500,true],"covernews-featured":["https:\/\/infoecos.com.ar\/wp-content\/uploads\/2021\/01\/PHOTO-2021-01-25-16-54-42-1024x682.jpg",1024,682,true],"covernews-medium":["https:\/\/infoecos.com.ar\/wp-content\/uploads\/2021\/01\/PHOTO-2021-01-25-16-54-42-720x380.jpg",540,285,true],"covernews-medium-square":["https:\/\/infoecos.com.ar\/wp-content\/uploads\/2021\/01\/PHOTO-2021-01-25-16-54-42-675x450.jpg",375,250,true]},"author_info":{"info":["Jorge Matheus"]},"category_info":"<a href=\"https:\/\/infoecos.com.ar\/index.php\/category\/inferior4\/\" rel=\"category tag\">Bloque inferior - 4<\/a> <a href=\"https:\/\/infoecos.com.ar\/index.php\/category\/c2nota4\/\" rel=\"category tag\">C2 N4<\/a>","tag_info":"C2 N4","comment_count":"0","_links":{"self":[{"href":"https:\/\/infoecos.com.ar\/index.php\/wp-json\/wp\/v2\/posts\/73324"}],"collection":[{"href":"https:\/\/infoecos.com.ar\/index.php\/wp-json\/wp\/v2\/posts"}],"about":[{"href":"https:\/\/infoecos.com.ar\/index.php\/wp-json\/wp\/v2\/types\/post"}],"author":[{"embeddable":true,"href":"https:\/\/infoecos.com.ar\/index.php\/wp-json\/wp\/v2\/users\/2"}],"replies":[{"embeddable":true,"href":"https:\/\/infoecos.com.ar\/index.php\/wp-json\/wp\/v2\/comments?post=73324"}],"version-history":[{"count":1,"href":"https:\/\/infoecos.com.ar\/index.php\/wp-json\/wp\/v2\/posts\/73324\/revisions"}],"predecessor-version":[{"id":73327,"href":"https:\/\/infoecos.com.ar\/index.php\/wp-json\/wp\/v2\/posts\/73324\/revisions\/73327"}],"wp:featuredmedia":[{"embeddable":true,"href":"https:\/\/infoecos.com.ar\/index.php\/wp-json\/wp\/v2\/media\/73325"}],"wp:attachment":[{"href":"https:\/\/infoecos.com.ar\/index.php\/wp-json\/wp\/v2\/media?parent=73324"}],"wp:term":[{"taxonomy":"category","embeddable":true,"href":"https:\/\/infoecos.com.ar\/index.php\/wp-json\/wp\/v2\/categories?post=73324"},{"taxonomy":"post_tag","embeddable":true,"href":"https:\/\/infoecos.com.ar\/index.php\/wp-json\/wp\/v2\/tags?post=73324"}],"curies":[{"name":"wp","href":"https:\/\/api.w.org\/{rel}","templated":true}]}}