{"id":73328,"date":"2021-01-26T01:35:13","date_gmt":"2021-01-26T04:35:13","guid":{"rendered":"http:\/\/infoecos.com.ar\/?p=73328"},"modified":"2021-01-27T01:54:24","modified_gmt":"2021-01-27T04:54:24","slug":"epecuen-cumplio-100-anos-el-sabado-y-se-realizaran-actos-hasta-el-23-de-enero-del-2022","status":"publish","type":"post","link":"https:\/\/infoecos.com.ar\/index.php\/epecuen-cumplio-100-anos-el-sabado-y-se-realizaran-actos-hasta-el-23-de-enero-del-2022\/","title":{"rendered":"Epecu\u00e9n cumpli\u00f3 100 a\u00f1os el s\u00e1bado y se realizar\u00e1n actos hasta el 23 de Enero del 2022"},"content":{"rendered":"\n<p>Epecu\u00e9n cumpli\u00f3 100 a\u00f1os. El acto conmemorativo se concret\u00f3 este s\u00e1bado. A lo largo de todo el 2021 se ir\u00e1n realizando distintas actividades vinculadas con la centuria de esta comunidad. El programa que ha elaborado el municipio se extiende hasta el 23 de enero de 2022.<\/p>\n\n\n\n<div class=\"wp-block-image\"><figure class=\"aligncenter size-medium\"><img decoding=\"async\" src=\"http:\/\/infoecos.com.ar\/wp-content\/uploads\/epe1-460x305.jpg\" alt=\"\" class=\"wp-image-41239\"\/><figcaption>Epecu\u00e9n Ruinas<\/figcaption><\/figure><\/div>\n\n\n\n<p>El intendente municipal, Javier Andres dijo el s\u00e1bado que \u00abestos son 100 a\u00f1os de historia de esplendor, tragedia y resiliencia; nada, ni la tragedia m\u00e1s dram\u00e1tica, pudo ponerle fin a la historia de Epecu\u00e9n y mucho menos a su encanto\u00bb.<\/p>\n\n\n\n<p>En el ingreso a las ruinas de la villa se descubri\u00f3 una placa conmemorativa y un mapa en que se ilustran los lugares m\u00e1s emblem\u00e1ticos del lugar.<\/p>\n","protected":false},"excerpt":{"rendered":"<p>\u00abNi la tragedia m\u00e1s dram\u00e1tica, pudo ponerle fin a la historia de Epecu\u00e9n y mucho menos a su encanto\u00bb, dijo el intendente de Adolfo Alsina<\/p>\n","protected":false},"author":2,"featured_media":73329,"comment_status":"closed","ping_status":"open","sticky":false,"template":"","format":"standard","meta":{"footnotes":""},"categories":[42],"tags":[2706],"class_list":["post-73328","post","type-post","status-publish","format-standard","has-post-thumbnail","hentry","category-inferior3","tag-con-trascendencia-internacional"],"yoast_head":"<!-- This site is optimized with the Yoast SEO plugin v23.4 - https:\/\/yoast.com\/wordpress\/plugins\/seo\/ -->\n<title>Epecu\u00e9n cumpli\u00f3 100 a\u00f1os el s\u00e1bado y se realizar\u00e1n actos hasta el 23 de Enero del 2022 - Infoecos<\/title>\n<meta name=\"robots\" content=\"index, follow, max-snippet:-1, max-image-preview:large, max-video-preview:-1\" \/>\n<link rel=\"canonical\" href=\"https:\/\/infoecos.com.ar\/index.php\/epecuen-cumplio-100-anos-el-sabado-y-se-realizaran-actos-hasta-el-23-de-enero-del-2022\/\" \/>\n<meta property=\"og:locale\" content=\"es_ES\" \/>\n<meta property=\"og:type\" content=\"article\" \/>\n<meta property=\"og:title\" content=\"Epecu\u00e9n cumpli\u00f3 100 a\u00f1os el s\u00e1bado y se realizar\u00e1n actos hasta el 23 de Enero del 2022 - Infoecos\" \/>\n<meta property=\"og:description\" content=\"&quot;Ni la tragedia m\u00e1s dram\u00e1tica, pudo ponerle fin a la historia de Epecu\u00e9n y mucho menos a su encanto&quot;, dijo el intendente de Adolfo Alsina\" \/>\n<meta property=\"og:url\" content=\"https:\/\/infoecos.com.ar\/index.php\/epecuen-cumplio-100-anos-el-sabado-y-se-realizaran-actos-hasta-el-23-de-enero-del-2022\/\" \/>\n<meta property=\"og:site_name\" content=\"Infoecos\" \/>\n<meta property=\"article:publisher\" content=\"https:\/\/www.facebook.com\/profile.php?id=100063200290284\" \/>\n<meta property=\"article:published_time\" content=\"2021-01-26T04:35:13+00:00\" \/>\n<meta property=\"article:modified_time\" content=\"2021-01-27T04:54:24+00:00\" \/>\n<meta property=\"og:image\" content=\"https:\/\/infoecos.com.ar\/wp-content\/uploads\/2021\/01\/epecuen.jpg\" \/>\n\t<meta property=\"og:image:width\" content=\"1021\" \/>\n\t<meta property=\"og:image:height\" content=\"574\" \/>\n\t<meta property=\"og:image:type\" content=\"image\/jpeg\" \/>\n<meta name=\"author\" content=\"Jorge Matheus\" \/>\n<meta name=\"twitter:card\" content=\"summary_large_image\" \/>\n<meta name=\"twitter:creator\" content=\"@infoecos\" \/>\n<meta name=\"twitter:site\" content=\"@infoecos\" \/>\n<meta name=\"twitter:label1\" content=\"Escrito por\" \/>\n\t<meta name=\"twitter:data1\" content=\"Jorge Matheus\" \/>\n\t<meta name=\"twitter:label2\" content=\"Tiempo de lectura\" \/>\n\t<meta name=\"twitter:data2\" content=\"1 minuto\" \/>\n<script type=\"application\/ld+json\" class=\"yoast-schema-graph\">{\"@context\":\"https:\/\/schema.org\",\"@graph\":[{\"@type\":\"Article\",\"@id\":\"https:\/\/infoecos.com.ar\/index.php\/epecuen-cumplio-100-anos-el-sabado-y-se-realizaran-actos-hasta-el-23-de-enero-del-2022\/#article\",\"isPartOf\":{\"@id\":\"https:\/\/infoecos.com.ar\/index.php\/epecuen-cumplio-100-anos-el-sabado-y-se-realizaran-actos-hasta-el-23-de-enero-del-2022\/\"},\"author\":{\"name\":\"Jorge Matheus\",\"@id\":\"https:\/\/infoecos.com.ar\/#\/schema\/person\/8f5ace5ce73b4b4aac4b7245aee6f191\"},\"headline\":\"Epecu\u00e9n cumpli\u00f3 100 a\u00f1os el s\u00e1bado y se realizar\u00e1n actos hasta el 23 de Enero del 2022\",\"datePublished\":\"2021-01-26T04:35:13+00:00\",\"dateModified\":\"2021-01-27T04:54:24+00:00\",\"mainEntityOfPage\":{\"@id\":\"https:\/\/infoecos.com.ar\/index.php\/epecuen-cumplio-100-anos-el-sabado-y-se-realizaran-actos-hasta-el-23-de-enero-del-2022\/\"},\"wordCount\":140,\"publisher\":{\"@id\":\"https:\/\/infoecos.com.ar\/#organization\"},\"image\":{\"@id\":\"https:\/\/infoecos.com.ar\/index.php\/epecuen-cumplio-100-anos-el-sabado-y-se-realizaran-actos-hasta-el-23-de-enero-del-2022\/#primaryimage\"},\"thumbnailUrl\":\"https:\/\/infoecos.com.ar\/wp-content\/uploads\/2021\/01\/epecuen.jpg\",\"keywords\":[\"CON TRASCENDENCIA INTERNACIONAL\"],\"articleSection\":[\"Bloque inferior - 3\"],\"inLanguage\":\"es\"},{\"@type\":\"WebPage\",\"@id\":\"https:\/\/infoecos.com.ar\/index.php\/epecuen-cumplio-100-anos-el-sabado-y-se-realizaran-actos-hasta-el-23-de-enero-del-2022\/\",\"url\":\"https:\/\/infoecos.com.ar\/index.php\/epecuen-cumplio-100-anos-el-sabado-y-se-realizaran-actos-hasta-el-23-de-enero-del-2022\/\",\"name\":\"Epecu\u00e9n cumpli\u00f3 100 a\u00f1os el s\u00e1bado y se realizar\u00e1n actos hasta el 23 de Enero del 2022 - Infoecos\",\"isPartOf\":{\"@id\":\"https:\/\/infoecos.com.ar\/#website\"},\"primaryImageOfPage\":{\"@id\":\"https:\/\/infoecos.com.ar\/index.php\/epecuen-cumplio-100-anos-el-sabado-y-se-realizaran-actos-hasta-el-23-de-enero-del-2022\/#primaryimage\"},\"image\":{\"@id\":\"https:\/\/infoecos.com.ar\/index.php\/epecuen-cumplio-100-anos-el-sabado-y-se-realizaran-actos-hasta-el-23-de-enero-del-2022\/#primaryimage\"},\"thumbnailUrl\":\"https:\/\/infoecos.com.ar\/wp-content\/uploads\/2021\/01\/epecuen.jpg\",\"datePublished\":\"2021-01-26T04:35:13+00:00\",\"dateModified\":\"2021-01-27T04:54:24+00:00\",\"breadcrumb\":{\"@id\":\"https:\/\/infoecos.com.ar\/index.php\/epecuen-cumplio-100-anos-el-sabado-y-se-realizaran-actos-hasta-el-23-de-enero-del-2022\/#breadcrumb\"},\"inLanguage\":\"es\",\"potentialAction\":[{\"@type\":\"ReadAction\",\"target\":[\"https:\/\/infoecos.com.ar\/index.php\/epecuen-cumplio-100-anos-el-sabado-y-se-realizaran-actos-hasta-el-23-de-enero-del-2022\/\"]}]},{\"@type\":\"ImageObject\",\"inLanguage\":\"es\",\"@id\":\"https:\/\/infoecos.com.ar\/index.php\/epecuen-cumplio-100-anos-el-sabado-y-se-realizaran-actos-hasta-el-23-de-enero-del-2022\/#primaryimage\",\"url\":\"https:\/\/infoecos.com.ar\/wp-content\/uploads\/2021\/01\/epecuen.jpg\",\"contentUrl\":\"https:\/\/infoecos.com.ar\/wp-content\/uploads\/2021\/01\/epecuen.jpg\",\"width\":1021,\"height\":574},{\"@type\":\"BreadcrumbList\",\"@id\":\"https:\/\/infoecos.com.ar\/index.php\/epecuen-cumplio-100-anos-el-sabado-y-se-realizaran-actos-hasta-el-23-de-enero-del-2022\/#breadcrumb\",\"itemListElement\":[{\"@type\":\"ListItem\",\"position\":1,\"name\":\"Portada\",\"item\":\"https:\/\/infoecos.com.ar\/\"},{\"@type\":\"ListItem\",\"position\":2,\"name\":\"Epecu\u00e9n cumpli\u00f3 100 a\u00f1os el s\u00e1bado y se realizar\u00e1n actos hasta el 23 de Enero del 2022\"}]},{\"@type\":\"WebSite\",\"@id\":\"https:\/\/infoecos.com.ar\/#website\",\"url\":\"https:\/\/infoecos.com.ar\/\",\"name\":\"Infoecos\",\"description\":\"Noticias de trenque lauquen y la zona\",\"publisher\":{\"@id\":\"https:\/\/infoecos.com.ar\/#organization\"},\"alternateName\":\"Noticias\",\"potentialAction\":[{\"@type\":\"SearchAction\",\"target\":{\"@type\":\"EntryPoint\",\"urlTemplate\":\"https:\/\/infoecos.com.ar\/?s={search_term_string}\"},\"query-input\":{\"@type\":\"PropertyValueSpecification\",\"valueRequired\":true,\"valueName\":\"search_term_string\"}}],\"inLanguage\":\"es\"},{\"@type\":\"Organization\",\"@id\":\"https:\/\/infoecos.com.ar\/#organization\",\"name\":\"Infoecos\",\"alternateName\":\"Noticias\",\"url\":\"https:\/\/infoecos.com.ar\/\",\"logo\":{\"@type\":\"ImageObject\",\"inLanguage\":\"es\",\"@id\":\"https:\/\/infoecos.com.ar\/#\/schema\/logo\/image\/\",\"url\":\"https:\/\/infoecos.com.ar\/wp-content\/uploads\/2024\/03\/cropped-logo.png\",\"contentUrl\":\"https:\/\/infoecos.com.ar\/wp-content\/uploads\/2024\/03\/cropped-logo.png\",\"width\":374,\"height\":90,\"caption\":\"Infoecos\"},\"image\":{\"@id\":\"https:\/\/infoecos.com.ar\/#\/schema\/logo\/image\/\"},\"sameAs\":[\"https:\/\/www.facebook.com\/profile.php?id=100063200290284\",\"https:\/\/x.com\/infoecos\"]},{\"@type\":\"Person\",\"@id\":\"https:\/\/infoecos.com.ar\/#\/schema\/person\/8f5ace5ce73b4b4aac4b7245aee6f191\",\"name\":\"Jorge Matheus\",\"url\":\"https:\/\/infoecos.com.ar\/index.php\/author\/jomatheus\/\"}]}<\/script>\n<!-- \/ Yoast SEO plugin. -->","yoast_head_json":{"title":"Epecu\u00e9n cumpli\u00f3 100 a\u00f1os el s\u00e1bado y se realizar\u00e1n actos hasta el 23 de Enero del 2022 - Infoecos","robots":{"index":"index","follow":"follow","max-snippet":"max-snippet:-1","max-image-preview":"max-image-preview:large","max-video-preview":"max-video-preview:-1"},"canonical":"https:\/\/infoecos.com.ar\/index.php\/epecuen-cumplio-100-anos-el-sabado-y-se-realizaran-actos-hasta-el-23-de-enero-del-2022\/","og_locale":"es_ES","og_type":"article","og_title":"Epecu\u00e9n cumpli\u00f3 100 a\u00f1os el s\u00e1bado y se realizar\u00e1n actos hasta el 23 de Enero del 2022 - Infoecos","og_description":"\"Ni la tragedia m\u00e1s dram\u00e1tica, pudo ponerle fin a la historia de Epecu\u00e9n y mucho menos a su encanto\", dijo el intendente de Adolfo Alsina","og_url":"https:\/\/infoecos.com.ar\/index.php\/epecuen-cumplio-100-anos-el-sabado-y-se-realizaran-actos-hasta-el-23-de-enero-del-2022\/","og_site_name":"Infoecos","article_publisher":"https:\/\/www.facebook.com\/profile.php?id=100063200290284","article_published_time":"2021-01-26T04:35:13+00:00","article_modified_time":"2021-01-27T04:54:24+00:00","og_image":[{"width":1021,"height":574,"url":"https:\/\/infoecos.com.ar\/wp-content\/uploads\/2021\/01\/epecuen.jpg","type":"image\/jpeg"}],"author":"Jorge Matheus","twitter_card":"summary_large_image","twitter_creator":"@infoecos","twitter_site":"@infoecos","twitter_misc":{"Escrito por":"Jorge Matheus","Tiempo de lectura":"1 minuto"},"schema":{"@context":"https:\/\/schema.org","@graph":[{"@type":"Article","@id":"https:\/\/infoecos.com.ar\/index.php\/epecuen-cumplio-100-anos-el-sabado-y-se-realizaran-actos-hasta-el-23-de-enero-del-2022\/#article","isPartOf":{"@id":"https:\/\/infoecos.com.ar\/index.php\/epecuen-cumplio-100-anos-el-sabado-y-se-realizaran-actos-hasta-el-23-de-enero-del-2022\/"},"author":{"name":"Jorge Matheus","@id":"https:\/\/infoecos.com.ar\/#\/schema\/person\/8f5ace5ce73b4b4aac4b7245aee6f191"},"headline":"Epecu\u00e9n cumpli\u00f3 100 a\u00f1os el s\u00e1bado y se realizar\u00e1n actos hasta el 23 de Enero del 2022","datePublished":"2021-01-26T04:35:13+00:00","dateModified":"2021-01-27T04:54:24+00:00","mainEntityOfPage":{"@id":"https:\/\/infoecos.com.ar\/index.php\/epecuen-cumplio-100-anos-el-sabado-y-se-realizaran-actos-hasta-el-23-de-enero-del-2022\/"},"wordCount":140,"publisher":{"@id":"https:\/\/infoecos.com.ar\/#organization"},"image":{"@id":"https:\/\/infoecos.com.ar\/index.php\/epecuen-cumplio-100-anos-el-sabado-y-se-realizaran-actos-hasta-el-23-de-enero-del-2022\/#primaryimage"},"thumbnailUrl":"https:\/\/infoecos.com.ar\/wp-content\/uploads\/2021\/01\/epecuen.jpg","keywords":["CON TRASCENDENCIA INTERNACIONAL"],"articleSection":["Bloque inferior - 3"],"inLanguage":"es"},{"@type":"WebPage","@id":"https:\/\/infoecos.com.ar\/index.php\/epecuen-cumplio-100-anos-el-sabado-y-se-realizaran-actos-hasta-el-23-de-enero-del-2022\/","url":"https:\/\/infoecos.com.ar\/index.php\/epecuen-cumplio-100-anos-el-sabado-y-se-realizaran-actos-hasta-el-23-de-enero-del-2022\/","name":"Epecu\u00e9n cumpli\u00f3 100 a\u00f1os el s\u00e1bado y se realizar\u00e1n actos hasta el 23 de Enero del 2022 - Infoecos","isPartOf":{"@id":"https:\/\/infoecos.com.ar\/#website"},"primaryImageOfPage":{"@id":"https:\/\/infoecos.com.ar\/index.php\/epecuen-cumplio-100-anos-el-sabado-y-se-realizaran-actos-hasta-el-23-de-enero-del-2022\/#primaryimage"},"image":{"@id":"https:\/\/infoecos.com.ar\/index.php\/epecuen-cumplio-100-anos-el-sabado-y-se-realizaran-actos-hasta-el-23-de-enero-del-2022\/#primaryimage"},"thumbnailUrl":"https:\/\/infoecos.com.ar\/wp-content\/uploads\/2021\/01\/epecuen.jpg","datePublished":"2021-01-26T04:35:13+00:00","dateModified":"2021-01-27T04:54:24+00:00","breadcrumb":{"@id":"https:\/\/infoecos.com.ar\/index.php\/epecuen-cumplio-100-anos-el-sabado-y-se-realizaran-actos-hasta-el-23-de-enero-del-2022\/#breadcrumb"},"inLanguage":"es","potentialAction":[{"@type":"ReadAction","target":["https:\/\/infoecos.com.ar\/index.php\/epecuen-cumplio-100-anos-el-sabado-y-se-realizaran-actos-hasta-el-23-de-enero-del-2022\/"]}]},{"@type":"ImageObject","inLanguage":"es","@id":"https:\/\/infoecos.com.ar\/index.php\/epecuen-cumplio-100-anos-el-sabado-y-se-realizaran-actos-hasta-el-23-de-enero-del-2022\/#primaryimage","url":"https:\/\/infoecos.com.ar\/wp-content\/uploads\/2021\/01\/epecuen.jpg","contentUrl":"https:\/\/infoecos.com.ar\/wp-content\/uploads\/2021\/01\/epecuen.jpg","width":1021,"height":574},{"@type":"BreadcrumbList","@id":"https:\/\/infoecos.com.ar\/index.php\/epecuen-cumplio-100-anos-el-sabado-y-se-realizaran-actos-hasta-el-23-de-enero-del-2022\/#breadcrumb","itemListElement":[{"@type":"ListItem","position":1,"name":"Portada","item":"https:\/\/infoecos.com.ar\/"},{"@type":"ListItem","position":2,"name":"Epecu\u00e9n cumpli\u00f3 100 a\u00f1os el s\u00e1bado y se realizar\u00e1n actos hasta el 23 de Enero del 2022"}]},{"@type":"WebSite","@id":"https:\/\/infoecos.com.ar\/#website","url":"https:\/\/infoecos.com.ar\/","name":"Infoecos","description":"Noticias de trenque lauquen y la zona","publisher":{"@id":"https:\/\/infoecos.com.ar\/#organization"},"alternateName":"Noticias","potentialAction":[{"@type":"SearchAction","target":{"@type":"EntryPoint","urlTemplate":"https:\/\/infoecos.com.ar\/?s={search_term_string}"},"query-input":{"@type":"PropertyValueSpecification","valueRequired":true,"valueName":"search_term_string"}}],"inLanguage":"es"},{"@type":"Organization","@id":"https:\/\/infoecos.com.ar\/#organization","name":"Infoecos","alternateName":"Noticias","url":"https:\/\/infoecos.com.ar\/","logo":{"@type":"ImageObject","inLanguage":"es","@id":"https:\/\/infoecos.com.ar\/#\/schema\/logo\/image\/","url":"https:\/\/infoecos.com.ar\/wp-content\/uploads\/2024\/03\/cropped-logo.png","contentUrl":"https:\/\/infoecos.com.ar\/wp-content\/uploads\/2024\/03\/cropped-logo.png","width":374,"height":90,"caption":"Infoecos"},"image":{"@id":"https:\/\/infoecos.com.ar\/#\/schema\/logo\/image\/"},"sameAs":["https:\/\/www.facebook.com\/profile.php?id=100063200290284","https:\/\/x.com\/infoecos"]},{"@type":"Person","@id":"https:\/\/infoecos.com.ar\/#\/schema\/person\/8f5ace5ce73b4b4aac4b7245aee6f191","name":"Jorge Matheus","url":"https:\/\/infoecos.com.ar\/index.php\/author\/jomatheus\/"}]}},"featured_image_urls":{"full":["https:\/\/infoecos.com.ar\/wp-content\/uploads\/2021\/01\/epecuen.jpg",1021,574,false],"thumbnail":["https:\/\/infoecos.com.ar\/wp-content\/uploads\/2021\/01\/epecuen-150x150.jpg",150,150,true],"medium":["https:\/\/infoecos.com.ar\/wp-content\/uploads\/2021\/01\/epecuen-460x259.jpg",460,259,true],"medium_large":["https:\/\/infoecos.com.ar\/wp-content\/uploads\/2021\/01\/epecuen-768x432.jpg",640,360,true],"large":["https:\/\/infoecos.com.ar\/wp-content\/uploads\/2021\/01\/epecuen-920x517.jpg",640,360,true],"1536x1536":["https:\/\/infoecos.com.ar\/wp-content\/uploads\/2021\/01\/epecuen.jpg",1021,574,false],"2048x2048":["https:\/\/infoecos.com.ar\/wp-content\/uploads\/2021\/01\/epecuen.jpg",1021,574,false],"covernews-slider-full":["https:\/\/infoecos.com.ar\/wp-content\/uploads\/2021\/01\/epecuen.jpg",1021,574,false],"covernews-slider-center":["https:\/\/infoecos.com.ar\/wp-content\/uploads\/2021\/01\/epecuen-936x574.jpg",800,491,true],"covernews-featured":["https:\/\/infoecos.com.ar\/wp-content\/uploads\/2021\/01\/epecuen.jpg",1021,574,false],"covernews-medium":["https:\/\/infoecos.com.ar\/wp-content\/uploads\/2021\/01\/epecuen-720x380.jpg",540,285,true],"covernews-medium-square":["https:\/\/infoecos.com.ar\/wp-content\/uploads\/2021\/01\/epecuen-675x450.jpg",375,250,true]},"author_info":{"info":["Jorge Matheus"]},"category_info":"<a href=\"https:\/\/infoecos.com.ar\/index.php\/category\/inferior3\/\" rel=\"category tag\">Bloque inferior - 3<\/a>","tag_info":"Bloque inferior - 3","comment_count":"0","_links":{"self":[{"href":"https:\/\/infoecos.com.ar\/index.php\/wp-json\/wp\/v2\/posts\/73328"}],"collection":[{"href":"https:\/\/infoecos.com.ar\/index.php\/wp-json\/wp\/v2\/posts"}],"about":[{"href":"https:\/\/infoecos.com.ar\/index.php\/wp-json\/wp\/v2\/types\/post"}],"author":[{"embeddable":true,"href":"https:\/\/infoecos.com.ar\/index.php\/wp-json\/wp\/v2\/users\/2"}],"replies":[{"embeddable":true,"href":"https:\/\/infoecos.com.ar\/index.php\/wp-json\/wp\/v2\/comments?post=73328"}],"version-history":[{"count":1,"href":"https:\/\/infoecos.com.ar\/index.php\/wp-json\/wp\/v2\/posts\/73328\/revisions"}],"predecessor-version":[{"id":73330,"href":"https:\/\/infoecos.com.ar\/index.php\/wp-json\/wp\/v2\/posts\/73328\/revisions\/73330"}],"wp:featuredmedia":[{"embeddable":true,"href":"https:\/\/infoecos.com.ar\/index.php\/wp-json\/wp\/v2\/media\/73329"}],"wp:attachment":[{"href":"https:\/\/infoecos.com.ar\/index.php\/wp-json\/wp\/v2\/media?parent=73328"}],"wp:term":[{"taxonomy":"category","embeddable":true,"href":"https:\/\/infoecos.com.ar\/index.php\/wp-json\/wp\/v2\/categories?post=73328"},{"taxonomy":"post_tag","embeddable":true,"href":"https:\/\/infoecos.com.ar\/index.php\/wp-json\/wp\/v2\/tags?post=73328"}],"curies":[{"name":"wp","href":"https:\/\/api.w.org\/{rel}","templated":true}]}}