{"id":73335,"date":"2021-01-26T02:08:02","date_gmt":"2021-01-26T05:08:02","guid":{"rendered":"http:\/\/infoecos.com.ar\/?p=73335"},"modified":"2021-01-26T02:08:08","modified_gmt":"2021-01-26T05:08:08","slug":"este-martes-en-general-pico-y-santa-rosa-martin-guzman-wado-de-pedro-y-roberto-salvarezza","status":"publish","type":"post","link":"https:\/\/infoecos.com.ar\/index.php\/este-martes-en-general-pico-y-santa-rosa-martin-guzman-wado-de-pedro-y-roberto-salvarezza\/","title":{"rendered":"Este martes en General Pico y Santa Rosa: Mart\u00edn Guzm\u00e1n, Wado de Pedro y Roberto Salvarezza"},"content":{"rendered":"\n<p class=\"wp-block-paragraph\">A media ma\u00f1ana arribar\u00e1n al aeropuerto de General Pico el Ministro del Interior, Wado de Pedro; el Ministro de Ciencia, Tecnolog\u00eda e Innovaci\u00f3n Roberto Salvarezza; la Secretaria de Provincias, Silvina Batakis y la Presidenta del CONICET, Ana Mar\u00eda Franchi, entre otros funcionarios.<\/p>\n\n\n\n<div class=\"wp-block-image\"><figure class=\"aligncenter size-medium\"><img loading=\"lazy\" decoding=\"async\" width=\"460\" height=\"258\" src=\"http:\/\/infoecos.com.ar\/wp-content\/uploads\/guzman-460x258.jpg\" alt=\"\" class=\"wp-image-60755\" srcset=\"https:\/\/infoecos.com.ar\/wp-content\/uploads\/guzman-460x258.jpg 460w, https:\/\/infoecos.com.ar\/wp-content\/uploads\/guzman.jpg 600w\" sizes=\"auto, (max-width: 460px) 100vw, 460px\" \/><figcaption>Guzm\u00e1n, Mart\u00edn &#8211; ministro<\/figcaption><\/figure><\/div>\n\n\n\n<p class=\"wp-block-paragraph\">La comitiva ser\u00e1 recibida por el gobernador pampeano y a las 11 horas se firmar\u00e1 \u00a0un convenio vinculado al Polo Tecnol\u00f3gico; finalmente est\u00e1 prevista una conferencia de prensa con medios locales.<br><br>En tanto que tambi\u00e9n sobre media ma\u00f1ana\u00a0 llegar\u00e1 a la capital pampeana el ministro de Econom\u00eda Mart\u00edn Guzm\u00e1n, con miembros de su equipo de trabajo, con quienes visitar\u00e1 empresas locales, para posteriormente tambi\u00e9n trasladarse a General Pico.<\/p>\n\n\n\n<p class=\"wp-block-paragraph\">La agenda continuar\u00e1 a las 16 horas en Santa Rosa con la firma de diversos convenios durante un acto que se realizar\u00e1 en C\u00edrculo de Sub Oficiales y Agentes de la Polic\u00eda de La Pampa. Posteriormente tendr\u00e1 lugar un conversatorio con dirigentes de C\u00e1maras Empresariales y una rueda de prensa.<\/p>\n\n\n\n<p class=\"wp-block-paragraph\">La actividad de la comitiva del Gobierno Nacional concluir\u00e1 a las 18:00 horas con una charla acad\u00e9mica por parte del Ministro de Econom\u00eda, Mart\u00edn Guzm\u00e1n, en el Aula Magna de la Universidad Nacional de La Pampa.<\/p>\n\n\n\n<p class=\"wp-block-paragraph\"><\/p>\n","protected":false},"excerpt":{"rendered":"<p>La actividad de la comitiva del Gobierno Nacional concluir\u00e1 a las 18:00 horas con una charla acad\u00e9mica por parte del Ministro de Econom\u00eda, Mart\u00edn Guzm\u00e1n, en el Aula Magna de la Universidad Nacional de La Pampa<\/p>\n","protected":false},"author":2,"featured_media":60755,"comment_status":"closed","ping_status":"open","sticky":false,"template":"","format":"standard","meta":{"footnotes":""},"categories":[1326],"tags":[2708],"class_list":["post-73335","post","type-post","status-publish","format-standard","has-post-thumbnail","hentry","category-c2nota6","tag-gran-parte-del-gabinete-nacional"],"featured_image_urls":{"full":["https:\/\/infoecos.com.ar\/wp-content\/uploads\/guzman.jpg",600,337,false],"thumbnail":["https:\/\/infoecos.com.ar\/wp-content\/uploads\/guzman-150x150.jpg",150,150,true],"medium":["https:\/\/infoecos.com.ar\/wp-content\/uploads\/guzman-460x258.jpg",460,258,true],"medium_large":["https:\/\/infoecos.com.ar\/wp-content\/uploads\/guzman.jpg",600,337,false],"large":["https:\/\/infoecos.com.ar\/wp-content\/uploads\/guzman.jpg",600,337,false],"1536x1536":["https:\/\/infoecos.com.ar\/wp-content\/uploads\/guzman.jpg",600,337,false],"2048x2048":["https:\/\/infoecos.com.ar\/wp-content\/uploads\/guzman.jpg",600,337,false],"covernews-slider-full":["https:\/\/infoecos.com.ar\/wp-content\/uploads\/guzman.jpg",600,337,false],"covernews-slider-center":["https:\/\/infoecos.com.ar\/wp-content\/uploads\/guzman.jpg",600,337,false],"covernews-featured":["https:\/\/infoecos.com.ar\/wp-content\/uploads\/guzman.jpg",600,337,false],"covernews-medium":["https:\/\/infoecos.com.ar\/wp-content\/uploads\/guzman.jpg",540,303,false],"covernews-medium-square":["https:\/\/infoecos.com.ar\/wp-content\/uploads\/guzman.jpg",400,225,false]},"author_info":{"info":["Jorge Matheus"]},"category_info":"<a href=\"https:\/\/infoecos.com.ar\/index.php\/category\/c2nota6\/\" rel=\"category tag\">C2 N6<\/a>","tag_info":"C2 N6","comment_count":"0","_links":{"self":[{"href":"https:\/\/infoecos.com.ar\/index.php\/wp-json\/wp\/v2\/posts\/73335","targetHints":{"allow":["GET"]}}],"collection":[{"href":"https:\/\/infoecos.com.ar\/index.php\/wp-json\/wp\/v2\/posts"}],"about":[{"href":"https:\/\/infoecos.com.ar\/index.php\/wp-json\/wp\/v2\/types\/post"}],"author":[{"embeddable":true,"href":"https:\/\/infoecos.com.ar\/index.php\/wp-json\/wp\/v2\/users\/2"}],"replies":[{"embeddable":true,"href":"https:\/\/infoecos.com.ar\/index.php\/wp-json\/wp\/v2\/comments?post=73335"}],"version-history":[{"count":1,"href":"https:\/\/infoecos.com.ar\/index.php\/wp-json\/wp\/v2\/posts\/73335\/revisions"}],"predecessor-version":[{"id":73336,"href":"https:\/\/infoecos.com.ar\/index.php\/wp-json\/wp\/v2\/posts\/73335\/revisions\/73336"}],"wp:featuredmedia":[{"embeddable":true,"href":"https:\/\/infoecos.com.ar\/index.php\/wp-json\/wp\/v2\/media\/60755"}],"wp:attachment":[{"href":"https:\/\/infoecos.com.ar\/index.php\/wp-json\/wp\/v2\/media?parent=73335"}],"wp:term":[{"taxonomy":"category","embeddable":true,"href":"https:\/\/infoecos.com.ar\/index.php\/wp-json\/wp\/v2\/categories?post=73335"},{"taxonomy":"post_tag","embeddable":true,"href":"https:\/\/infoecos.com.ar\/index.php\/wp-json\/wp\/v2\/tags?post=73335"}],"curies":[{"name":"wp","href":"https:\/\/api.w.org\/{rel}","templated":true}]}}