{"id":73337,"date":"2021-01-26T02:15:29","date_gmt":"2021-01-26T05:15:29","guid":{"rendered":"http:\/\/infoecos.com.ar\/?p=73337"},"modified":"2021-01-27T01:53:07","modified_gmt":"2021-01-27T04:53:07","slug":"la-provincia-de-buenos-aires-ya-recibio-mas-de-3-millones-de-turistas","status":"publish","type":"post","link":"https:\/\/infoecos.com.ar\/index.php\/la-provincia-de-buenos-aires-ya-recibio-mas-de-3-millones-de-turistas\/","title":{"rendered":"La provincia de Buenos Aires ya recibi\u00f3 m\u00e1s de 3 millones de turistas"},"content":{"rendered":"\n<p class=\"wp-block-paragraph\">La provincia de Buenos Aires ya recibi\u00f3 m\u00e1s de 3 millones de turistas esta temporada de verano y se consolida como uno de los destinos m\u00e1s elegidos por las y los argentinos.<\/p>\n\n\n\n<div class=\"wp-block-image\"><figure class=\"aligncenter size-medium\"><img loading=\"lazy\" decoding=\"async\" width=\"460\" height=\"259\" src=\"http:\/\/infoecos.com.ar\/wp-content\/uploads\/2021\/01\/5abed5cba565f_1004x565-460x259.jpg\" alt=\"\" class=\"wp-image-73338\" srcset=\"https:\/\/infoecos.com.ar\/wp-content\/uploads\/2021\/01\/5abed5cba565f_1004x565-460x259.jpg 460w, https:\/\/infoecos.com.ar\/wp-content\/uploads\/2021\/01\/5abed5cba565f_1004x565-920x518.jpg 920w, https:\/\/infoecos.com.ar\/wp-content\/uploads\/2021\/01\/5abed5cba565f_1004x565-768x432.jpg 768w, https:\/\/infoecos.com.ar\/wp-content\/uploads\/2021\/01\/5abed5cba565f_1004x565.jpg 1004w\" sizes=\"auto, (max-width: 460px) 100vw, 460px\" \/><\/figure><\/div>\n\n\n\n<p class=\"wp-block-paragraph\">De acuerdo a los registros de los peajes de AUBASA y de los Certificados Verano emitidos, los destinos tur\u00edsticos bonaerenses recibieron este fin de semana la mayor cifra de visitas desde el inicio de la temporada. Adem\u00e1s, ya se emitieron un total de 1.431.823 Certificados Verano para viajar dentro de la provincia de Buenos Aires asociados a 3.030.345 de turistas, con un pico de 745.031 personas visitando la Provincia este s\u00e1bado 23 de enero.<\/p>\n\n\n\n<p class=\"wp-block-paragraph\">En ese marco, el ministro de Producci\u00f3n, Ciencia e Innovaci\u00f3n Tecnol\u00f3gica,&nbsp;<strong>Augusto Costa,<\/strong>&nbsp;se\u00f1al\u00f3 que \u00aben las \u00faltimas semanas, desde el Gobierno provincial se implementaron medidas muy importantes para reducir la tasa de contagios en nuestros destinos tur\u00edsticos. Tambi\u00e9n mayores controles en los municipios y se observ\u00f3 un gran esfuerzo de los operadores y comerciantes por cumplir con los protocolos y normas de funcionamiento de las actividades\u201d.<\/p>\n","protected":false},"excerpt":{"rendered":"<p>De acuerdo a los registros de los peajes de AUBASA y de los Certificados Verano emitidos, los destinos tur\u00edsticos bonaerenses recibieron este fin de semana la mayor cifra de visitas desde el inicio de la temporada<\/p>\n","protected":false},"author":2,"featured_media":73338,"comment_status":"closed","ping_status":"open","sticky":false,"template":"","format":"standard","meta":{"footnotes":""},"categories":[40],"tags":[2709],"class_list":["post-73337","post","type-post","status-publish","format-standard","has-post-thumbnail","hentry","category-inferior1","tag-uno-de-los-destinos-mas-elegido"],"featured_image_urls":{"full":["https:\/\/infoecos.com.ar\/wp-content\/uploads\/2021\/01\/5abed5cba565f_1004x565.jpg",1004,565,false],"thumbnail":["https:\/\/infoecos.com.ar\/wp-content\/uploads\/2021\/01\/5abed5cba565f_1004x565-150x150.jpg",150,150,true],"medium":["https:\/\/infoecos.com.ar\/wp-content\/uploads\/2021\/01\/5abed5cba565f_1004x565-460x259.jpg",460,259,true],"medium_large":["https:\/\/infoecos.com.ar\/wp-content\/uploads\/2021\/01\/5abed5cba565f_1004x565-768x432.jpg",640,360,true],"large":["https:\/\/infoecos.com.ar\/wp-content\/uploads\/2021\/01\/5abed5cba565f_1004x565-920x518.jpg",640,360,true],"1536x1536":["https:\/\/infoecos.com.ar\/wp-content\/uploads\/2021\/01\/5abed5cba565f_1004x565.jpg",1004,565,false],"2048x2048":["https:\/\/infoecos.com.ar\/wp-content\/uploads\/2021\/01\/5abed5cba565f_1004x565.jpg",1004,565,false],"covernews-slider-full":["https:\/\/infoecos.com.ar\/wp-content\/uploads\/2021\/01\/5abed5cba565f_1004x565.jpg",1004,565,false],"covernews-slider-center":["https:\/\/infoecos.com.ar\/wp-content\/uploads\/2021\/01\/5abed5cba565f_1004x565-936x565.jpg",800,483,true],"covernews-featured":["https:\/\/infoecos.com.ar\/wp-content\/uploads\/2021\/01\/5abed5cba565f_1004x565.jpg",1004,565,false],"covernews-medium":["https:\/\/infoecos.com.ar\/wp-content\/uploads\/2021\/01\/5abed5cba565f_1004x565-720x380.jpg",540,285,true],"covernews-medium-square":["https:\/\/infoecos.com.ar\/wp-content\/uploads\/2021\/01\/5abed5cba565f_1004x565-675x450.jpg",375,250,true]},"author_info":{"info":["Jorge Matheus"]},"category_info":"<a href=\"https:\/\/infoecos.com.ar\/index.php\/category\/inferior1\/\" rel=\"category tag\">Bloque inferior - 1<\/a>","tag_info":"Bloque inferior - 1","comment_count":"0","_links":{"self":[{"href":"https:\/\/infoecos.com.ar\/index.php\/wp-json\/wp\/v2\/posts\/73337","targetHints":{"allow":["GET"]}}],"collection":[{"href":"https:\/\/infoecos.com.ar\/index.php\/wp-json\/wp\/v2\/posts"}],"about":[{"href":"https:\/\/infoecos.com.ar\/index.php\/wp-json\/wp\/v2\/types\/post"}],"author":[{"embeddable":true,"href":"https:\/\/infoecos.com.ar\/index.php\/wp-json\/wp\/v2\/users\/2"}],"replies":[{"embeddable":true,"href":"https:\/\/infoecos.com.ar\/index.php\/wp-json\/wp\/v2\/comments?post=73337"}],"version-history":[{"count":1,"href":"https:\/\/infoecos.com.ar\/index.php\/wp-json\/wp\/v2\/posts\/73337\/revisions"}],"predecessor-version":[{"id":73339,"href":"https:\/\/infoecos.com.ar\/index.php\/wp-json\/wp\/v2\/posts\/73337\/revisions\/73339"}],"wp:featuredmedia":[{"embeddable":true,"href":"https:\/\/infoecos.com.ar\/index.php\/wp-json\/wp\/v2\/media\/73338"}],"wp:attachment":[{"href":"https:\/\/infoecos.com.ar\/index.php\/wp-json\/wp\/v2\/media?parent=73337"}],"wp:term":[{"taxonomy":"category","embeddable":true,"href":"https:\/\/infoecos.com.ar\/index.php\/wp-json\/wp\/v2\/categories?post=73337"},{"taxonomy":"post_tag","embeddable":true,"href":"https:\/\/infoecos.com.ar\/index.php\/wp-json\/wp\/v2\/tags?post=73337"}],"curies":[{"name":"wp","href":"https:\/\/api.w.org\/{rel}","templated":true}]}}