{"id":73346,"date":"2021-01-26T16:23:52","date_gmt":"2021-01-26T19:23:52","guid":{"rendered":"http:\/\/infoecos.com.ar\/?p=73346"},"modified":"2021-01-26T16:23:55","modified_gmt":"2021-01-26T19:23:55","slug":"descenso-en-la-cantidad-de-casos-positivos-en-trenque-lauquen","status":"publish","type":"post","link":"https:\/\/infoecos.com.ar\/index.php\/descenso-en-la-cantidad-de-casos-positivos-en-trenque-lauquen\/","title":{"rendered":"Descenso en la cantidad de casos positivos en Trenque Lauquen"},"content":{"rendered":"\n<p class=\"wp-block-paragraph\">La subsecretaria de Salud municipal de Trenque Lauquen report\u00f3 este martes 208 casos activos luego de registrarse 20 nuevos casos de Covid-19 confirmados \u201313 por testeo y siete (7) por nexo o criterio epidemiol\u00f3gico seg\u00fan protocolo actualizado vigente-, de recuperarse 34 personas m\u00e1s y descartarse otros 36 casos.<\/p>\n\n\n\n<div class=\"wp-block-image\"><figure class=\"aligncenter size-medium\"><img loading=\"lazy\" decoding=\"async\" width=\"460\" height=\"460\" src=\"http:\/\/infoecos.com.ar\/wp-content\/uploads\/2021\/01\/reportemartes-460x460.jpg\" alt=\"\" class=\"wp-image-73347\" srcset=\"https:\/\/infoecos.com.ar\/wp-content\/uploads\/2021\/01\/reportemartes-460x460.jpg 460w, https:\/\/infoecos.com.ar\/wp-content\/uploads\/2021\/01\/reportemartes-920x920.jpg 920w, https:\/\/infoecos.com.ar\/wp-content\/uploads\/2021\/01\/reportemartes-150x150.jpg 150w, https:\/\/infoecos.com.ar\/wp-content\/uploads\/2021\/01\/reportemartes-768x768.jpg 768w, https:\/\/infoecos.com.ar\/wp-content\/uploads\/2021\/01\/reportemartes-1024x1024.jpg 1024w, https:\/\/infoecos.com.ar\/wp-content\/uploads\/2021\/01\/reportemartes.jpg 1280w\" sizes=\"auto, (max-width: 460px) 100vw, 460px\" \/><\/figure><\/div>\n\n\n\n<p class=\"wp-block-paragraph\">De los 20 nuevos casos, 17 corresponden a Trenque Lauquen \u201311 por testeo y seis (6) por nexo o criterio- y tres (3) a Treinta de Agosto \u2013dos (2) por hisopado y uno (1) por nexo o criterio-.<\/p>\n\n\n\n<p class=\"wp-block-paragraph\">Entre los 208 casos activos, 156 son de la ciudad cabecera y 52 de Treinta de Agosto, encontr\u00e1ndose 187 en sus domicilios, ocho (8) en el Centro Extrahospitalario del ex Hotel Paill\u00e1 Hue y 13 internados, diez (10) en el Hospital Dr. Pedro T. Orellana y tres (3) en el Hospital Dr. Francisco Eguiguren, de Treinta de Agosto.<\/p>\n\n\n\n<p class=\"wp-block-paragraph\">El n\u00famero de personas recuperadas desde el inicio de la pandemia asciende a 1.669, incluidas las 34 de las \u00faltimas 24 horas, 25 de Trenque Lauquen y nueve (9) de Treinta de Agosto, mientras que los casos descartados, sumados los 36 de la fecha \u201335 de la ciudad cabecera y uno (1) de Treinta de Agosto- ya son 3.744.<\/p>\n\n\n\n<p class=\"wp-block-paragraph\">Hay 41 casos sospechosos, 31 de Trenque Lauquen y diez (10) de Treinta de Agosto y 588 personas aisladas, 307 de Trenque Lauquen y 281 de Treinta de Agosto.<\/p>\n","protected":false},"excerpt":{"rendered":"<p>Entre los 208 casos activos, 156 son de la ciudad cabecera y 52 de Treinta de Agosto, encontr\u00e1ndose 187 en sus domicilios, ocho (8) en el Centro Extrahospitalario del ex Hotel Paill\u00e1 Hue y 13 internados, diez (10) en el Hospital Dr. Pedro T. Orellana y tres (3) en el Hospital Dr. Francisco Eguiguren, de Treinta de Agosto<\/p>\n","protected":false},"author":2,"featured_media":60374,"comment_status":"closed","ping_status":"open","sticky":false,"template":"","format":"standard","meta":{"footnotes":""},"categories":[1613],"tags":[2711],"class_list":["post-73346","post","type-post","status-publish","format-standard","has-post-thumbnail","hentry","category-noticia-secundaria","tag-se-reportaron-208-este-martes"],"featured_image_urls":{"full":["https:\/\/infoecos.com.ar\/wp-content\/uploads\/tl45guardiahospital-2.jpg",912,608,false],"thumbnail":["https:\/\/infoecos.com.ar\/wp-content\/uploads\/tl45guardiahospital-2-150x150.jpg",150,150,true],"medium":["https:\/\/infoecos.com.ar\/wp-content\/uploads\/tl45guardiahospital-2-460x307.jpg",460,307,true],"medium_large":["https:\/\/infoecos.com.ar\/wp-content\/uploads\/tl45guardiahospital-2-768x512.jpg",640,427,true],"large":["https:\/\/infoecos.com.ar\/wp-content\/uploads\/tl45guardiahospital-2.jpg",640,427,false],"1536x1536":["https:\/\/infoecos.com.ar\/wp-content\/uploads\/tl45guardiahospital-2.jpg",912,608,false],"2048x2048":["https:\/\/infoecos.com.ar\/wp-content\/uploads\/tl45guardiahospital-2.jpg",912,608,false],"covernews-slider-full":["https:\/\/infoecos.com.ar\/wp-content\/uploads\/tl45guardiahospital-2.jpg",912,608,false],"covernews-slider-center":["https:\/\/infoecos.com.ar\/wp-content\/uploads\/tl45guardiahospital-2.jpg",750,500,false],"covernews-featured":["https:\/\/infoecos.com.ar\/wp-content\/uploads\/tl45guardiahospital-2.jpg",912,608,false],"covernews-medium":["https:\/\/infoecos.com.ar\/wp-content\/uploads\/tl45guardiahospital-2-720x380.jpg",540,285,true],"covernews-medium-square":["https:\/\/infoecos.com.ar\/wp-content\/uploads\/tl45guardiahospital-2-675x450.jpg",375,250,true]},"author_info":{"info":["Jorge Matheus"]},"category_info":"<a href=\"https:\/\/infoecos.com.ar\/index.php\/category\/noticia-secundaria\/\" rel=\"category tag\">Noticia Secundaria<\/a>","tag_info":"Noticia Secundaria","comment_count":"0","_links":{"self":[{"href":"https:\/\/infoecos.com.ar\/index.php\/wp-json\/wp\/v2\/posts\/73346","targetHints":{"allow":["GET"]}}],"collection":[{"href":"https:\/\/infoecos.com.ar\/index.php\/wp-json\/wp\/v2\/posts"}],"about":[{"href":"https:\/\/infoecos.com.ar\/index.php\/wp-json\/wp\/v2\/types\/post"}],"author":[{"embeddable":true,"href":"https:\/\/infoecos.com.ar\/index.php\/wp-json\/wp\/v2\/users\/2"}],"replies":[{"embeddable":true,"href":"https:\/\/infoecos.com.ar\/index.php\/wp-json\/wp\/v2\/comments?post=73346"}],"version-history":[{"count":1,"href":"https:\/\/infoecos.com.ar\/index.php\/wp-json\/wp\/v2\/posts\/73346\/revisions"}],"predecessor-version":[{"id":73348,"href":"https:\/\/infoecos.com.ar\/index.php\/wp-json\/wp\/v2\/posts\/73346\/revisions\/73348"}],"wp:featuredmedia":[{"embeddable":true,"href":"https:\/\/infoecos.com.ar\/index.php\/wp-json\/wp\/v2\/media\/60374"}],"wp:attachment":[{"href":"https:\/\/infoecos.com.ar\/index.php\/wp-json\/wp\/v2\/media?parent=73346"}],"wp:term":[{"taxonomy":"category","embeddable":true,"href":"https:\/\/infoecos.com.ar\/index.php\/wp-json\/wp\/v2\/categories?post=73346"},{"taxonomy":"post_tag","embeddable":true,"href":"https:\/\/infoecos.com.ar\/index.php\/wp-json\/wp\/v2\/tags?post=73346"}],"curies":[{"name":"wp","href":"https:\/\/api.w.org\/{rel}","templated":true}]}}