{"id":73373,"date":"2021-01-26T17:57:36","date_gmt":"2021-01-26T20:57:36","guid":{"rendered":"http:\/\/infoecos.com.ar\/?p=73373"},"modified":"2021-01-26T17:58:41","modified_gmt":"2021-01-26T20:58:41","slug":"repudio-de-la-bolsa-de-cereales-y-productos-de-bahia-blanca","status":"publish","type":"post","link":"https:\/\/infoecos.com.ar\/index.php\/repudio-de-la-bolsa-de-cereales-y-productos-de-bahia-blanca\/","title":{"rendered":"Repudio de la Bolsa de Cereales y Productos de Bah\u00eda Blanca"},"content":{"rendered":"\n<p class=\"wp-block-paragraph\">La Bolsa de Cereales y Productos de Bah\u00eda Blanca dio a conocer un comunicado a ra\u00edz de lo sucedido en el establecimiento agropecuario propiedad del presidente de la entidad.<\/p>\n\n\n\n<div class=\"wp-block-image\"><figure class=\"aligncenter size-large\"><img decoding=\"async\" src=\"http:\/\/infoecos.com.ar\/wp-content\/uploads\/logo_top.png\" alt=\"\" class=\"wp-image-55729\"\/><figcaption>Bolsa de Cereales Bah\u00eda Blanca &#8211; Logo<\/figcaption><\/figure><\/div>\n\n\n\n<p class=\"wp-block-paragraph\">Se\u00f1ala que \u00ablamenta profundamente los da\u00f1os intencionales que se le ocasionaron a su presidente, el Sr. Carlos A. Sosa el d\u00eda 24\/01\/21, habi\u00e9ndose procedido a la destrucci\u00f3n de silos bolsa de su propiedad con evidente finalidad intimidatoria hacia su persona y a los sectores integrantes de esta entidad. <\/p>\n\n\n\n<p class=\"wp-block-paragraph\">Se exhorta a los poderes p\u00fablicos a que extremen las medidas tendientes al esclarecimiento de los hechos, con el objeto de evitar la reiteraci\u00f3n de este tipo de desmanes que desalientan la inversi\u00f3n, aumentando la tensi\u00f3n y conflictividad social\u00bb.<\/p>\n","protected":false},"excerpt":{"rendered":"<p>En un comunicado se\u00f1ala: \u00abEsclarecimiento de los hechos, con el objeto de evitar la reiteraci\u00f3n de este tipo de desmanes que desalientan la inversi\u00f3n, aumentando la tensi\u00f3n y conflictividad social\u00bb<\/p>\n","protected":false},"author":2,"featured_media":55729,"comment_status":"closed","ping_status":"open","sticky":false,"template":"","format":"standard","meta":{"footnotes":""},"categories":[47],"tags":[2720],"class_list":["post-73373","post","type-post","status-publish","format-standard","has-post-thumbnail","hentry","category-c3nota2","tag-exhortacion-a-los-poderes-publicos"],"featured_image_urls":{"full":"","thumbnail":"","medium":"","medium_large":"","large":"","1536x1536":"","2048x2048":"","covernews-slider-full":"","covernews-slider-center":"","covernews-featured":"","covernews-medium":"","covernews-medium-square":""},"author_info":{"info":["Jorge Matheus"]},"category_info":"<a href=\"https:\/\/infoecos.com.ar\/index.php\/category\/c3nota2\/\" rel=\"category tag\">C3 N2<\/a>","tag_info":"C3 N2","comment_count":"0","_links":{"self":[{"href":"https:\/\/infoecos.com.ar\/index.php\/wp-json\/wp\/v2\/posts\/73373","targetHints":{"allow":["GET"]}}],"collection":[{"href":"https:\/\/infoecos.com.ar\/index.php\/wp-json\/wp\/v2\/posts"}],"about":[{"href":"https:\/\/infoecos.com.ar\/index.php\/wp-json\/wp\/v2\/types\/post"}],"author":[{"embeddable":true,"href":"https:\/\/infoecos.com.ar\/index.php\/wp-json\/wp\/v2\/users\/2"}],"replies":[{"embeddable":true,"href":"https:\/\/infoecos.com.ar\/index.php\/wp-json\/wp\/v2\/comments?post=73373"}],"version-history":[{"count":1,"href":"https:\/\/infoecos.com.ar\/index.php\/wp-json\/wp\/v2\/posts\/73373\/revisions"}],"predecessor-version":[{"id":73374,"href":"https:\/\/infoecos.com.ar\/index.php\/wp-json\/wp\/v2\/posts\/73373\/revisions\/73374"}],"wp:attachment":[{"href":"https:\/\/infoecos.com.ar\/index.php\/wp-json\/wp\/v2\/media?parent=73373"}],"wp:term":[{"taxonomy":"category","embeddable":true,"href":"https:\/\/infoecos.com.ar\/index.php\/wp-json\/wp\/v2\/categories?post=73373"},{"taxonomy":"post_tag","embeddable":true,"href":"https:\/\/infoecos.com.ar\/index.php\/wp-json\/wp\/v2\/tags?post=73373"}],"curies":[{"name":"wp","href":"https:\/\/api.w.org\/{rel}","templated":true}]}}