{"id":73379,"date":"2021-01-26T18:16:49","date_gmt":"2021-01-26T21:16:49","guid":{"rendered":"http:\/\/infoecos.com.ar\/?p=73379"},"modified":"2021-01-26T18:16:53","modified_gmt":"2021-01-26T21:16:53","slug":"el-intendente-de-salliquelo-tambien-se-manifesto-contrario-a-la-realizacion-de-las-paso","status":"publish","type":"post","link":"https:\/\/infoecos.com.ar\/index.php\/el-intendente-de-salliquelo-tambien-se-manifesto-contrario-a-la-realizacion-de-las-paso\/","title":{"rendered":"El intendente de Salliquel\u00f3 tambi\u00e9n se manifest\u00f3 contrario a la realizaci\u00f3n de las PASO"},"content":{"rendered":"\n<p>Los intendentes municipales vecinalistas de Salliquel\u00f3 y Villarino, Juan Miguel Nosetti y Carlos Bevilacqua, coincidieron con su par de Chivilcoy en torno a las <strong>PASO<\/strong> (<strong>Primarias Abiertas, Simult\u00e1neas y Obligatorias<\/strong>). <\/p>\n\n\n\n<div class=\"wp-block-image\"><figure class=\"aligncenter size-large\"><img decoding=\"async\" src=\"http:\/\/infoecos.com.ar\/wp-content\/uploads\/A-547nosetti2.jpg\" alt=\"\" class=\"wp-image-57219\"\/><figcaption>Nosetti, Juan Manuel &#8211; Intendente de Salliquel\u00f3<\/figcaption><\/figure><\/div>\n\n\n\n<p>En una nota publicada en el sitio latecla.info, el mandatario comunal salliquelense manifest\u00f3 que \u00abmi postura personal tambi\u00e9n es contraria. Es una encuesta pagada por todos y muy cara para agrupaciones municipales como la nuestra. En este momento y con esta situaci\u00f3n sanitaria no aportar\u00eda nada\u00bb.<\/p>\n\n\n\n<p>Por su parte, el Jefe Comunal de Villarino, Carlos Bevilacqua, tambi\u00e9n rechaz\u00f3 la realizaci\u00f3n de las <strong>PASO<\/strong> en 2021, asegurando que \u00abes un gasto innecesario, con los problemas que hay en el pa\u00eds. Si alg\u00fan partido tiene ganas de dirimir el liderazgo de su partido que lo pague con su propio presupuesto, con los recursos propios que tenga cada uno\u00bb.\u00a0<\/p>\n\n\n\n<p>\u00abNo puede ser que se gasten millonadas de pesos en eso, cuando la prioridad est\u00e1 en otras cuestiones.&nbsp;Esos recursos hay que ponerlos para Salud, para el tema de la pandemia, para Seguridad\u00bb, finaliz\u00f3. &nbsp;<\/p>\n","protected":false},"excerpt":{"rendered":"<p>Carlos Bevilacqua, tambi\u00e9n rechaz\u00f3 la realizaci\u00f3n de las PASO en 2021, asegurando que \u00abes un gasto innecesario, con los problemas que hay en el pa\u00eds\u00bb<\/p>\n","protected":false},"author":2,"featured_media":57219,"comment_status":"closed","ping_status":"open","sticky":false,"template":"","format":"standard","meta":{"footnotes":""},"categories":[48],"tags":[2722],"class_list":["post-73379","post","type-post","status-publish","format-standard","has-post-thumbnail","hentry","category-c2nota3","tag-coincidencia-con-su-par-de-villarino"],"yoast_head":"<!-- This site is optimized with the Yoast SEO plugin v23.4 - https:\/\/yoast.com\/wordpress\/plugins\/seo\/ -->\n<title>El intendente de Salliquel\u00f3 tambi\u00e9n se manifest\u00f3 contrario a la realizaci\u00f3n de las PASO - Infoecos<\/title>\n<meta name=\"robots\" content=\"index, follow, max-snippet:-1, max-image-preview:large, max-video-preview:-1\" \/>\n<link rel=\"canonical\" href=\"https:\/\/infoecos.com.ar\/index.php\/el-intendente-de-salliquelo-tambien-se-manifesto-contrario-a-la-realizacion-de-las-paso\/\" \/>\n<meta property=\"og:locale\" content=\"es_ES\" \/>\n<meta property=\"og:type\" content=\"article\" \/>\n<meta property=\"og:title\" content=\"El intendente de Salliquel\u00f3 tambi\u00e9n se manifest\u00f3 contrario a la realizaci\u00f3n de las PASO - Infoecos\" \/>\n<meta property=\"og:description\" content=\"Carlos Bevilacqua, tambi\u00e9n rechaz\u00f3 la realizaci\u00f3n de las PASO en 2021, asegurando que &quot;es un gasto innecesario, con los problemas que hay en el pa\u00eds&quot;\" \/>\n<meta property=\"og:url\" content=\"https:\/\/infoecos.com.ar\/index.php\/el-intendente-de-salliquelo-tambien-se-manifesto-contrario-a-la-realizacion-de-las-paso\/\" \/>\n<meta property=\"og:site_name\" content=\"Infoecos\" \/>\n<meta property=\"article:publisher\" content=\"https:\/\/www.facebook.com\/profile.php?id=100063200290284\" \/>\n<meta property=\"article:published_time\" content=\"2021-01-26T21:16:49+00:00\" \/>\n<meta property=\"article:modified_time\" content=\"2021-01-26T21:16:53+00:00\" \/>\n<meta property=\"og:image\" content=\"https:\/\/infoecos.com.ar\/wp-content\/uploads\/A-547nosetti2.jpg\" \/>\n\t<meta property=\"og:image:width\" content=\"368\" \/>\n\t<meta property=\"og:image:height\" content=\"187\" \/>\n\t<meta property=\"og:image:type\" content=\"image\/jpeg\" \/>\n<meta name=\"author\" content=\"Jorge Matheus\" \/>\n<meta name=\"twitter:card\" content=\"summary_large_image\" \/>\n<meta name=\"twitter:creator\" content=\"@infoecos\" \/>\n<meta name=\"twitter:site\" content=\"@infoecos\" \/>\n<meta name=\"twitter:label1\" content=\"Escrito por\" \/>\n\t<meta name=\"twitter:data1\" content=\"Jorge Matheus\" \/>\n\t<meta name=\"twitter:label2\" content=\"Tiempo de lectura\" \/>\n\t<meta name=\"twitter:data2\" content=\"1 minuto\" \/>\n<script type=\"application\/ld+json\" class=\"yoast-schema-graph\">{\"@context\":\"https:\/\/schema.org\",\"@graph\":[{\"@type\":\"Article\",\"@id\":\"https:\/\/infoecos.com.ar\/index.php\/el-intendente-de-salliquelo-tambien-se-manifesto-contrario-a-la-realizacion-de-las-paso\/#article\",\"isPartOf\":{\"@id\":\"https:\/\/infoecos.com.ar\/index.php\/el-intendente-de-salliquelo-tambien-se-manifesto-contrario-a-la-realizacion-de-las-paso\/\"},\"author\":{\"name\":\"Jorge Matheus\",\"@id\":\"https:\/\/infoecos.com.ar\/#\/schema\/person\/8f5ace5ce73b4b4aac4b7245aee6f191\"},\"headline\":\"El intendente de Salliquel\u00f3 tambi\u00e9n se manifest\u00f3 contrario a la realizaci\u00f3n de las PASO\",\"datePublished\":\"2021-01-26T21:16:49+00:00\",\"dateModified\":\"2021-01-26T21:16:53+00:00\",\"mainEntityOfPage\":{\"@id\":\"https:\/\/infoecos.com.ar\/index.php\/el-intendente-de-salliquelo-tambien-se-manifesto-contrario-a-la-realizacion-de-las-paso\/\"},\"wordCount\":203,\"publisher\":{\"@id\":\"https:\/\/infoecos.com.ar\/#organization\"},\"image\":{\"@id\":\"https:\/\/infoecos.com.ar\/index.php\/el-intendente-de-salliquelo-tambien-se-manifesto-contrario-a-la-realizacion-de-las-paso\/#primaryimage\"},\"thumbnailUrl\":\"\",\"keywords\":[\"COINCIDENCIA CON SU PAR DE VILLARINO\"],\"articleSection\":[\"C2 N3\"],\"inLanguage\":\"es\"},{\"@type\":\"WebPage\",\"@id\":\"https:\/\/infoecos.com.ar\/index.php\/el-intendente-de-salliquelo-tambien-se-manifesto-contrario-a-la-realizacion-de-las-paso\/\",\"url\":\"https:\/\/infoecos.com.ar\/index.php\/el-intendente-de-salliquelo-tambien-se-manifesto-contrario-a-la-realizacion-de-las-paso\/\",\"name\":\"El intendente de Salliquel\u00f3 tambi\u00e9n se manifest\u00f3 contrario a la realizaci\u00f3n de las PASO - Infoecos\",\"isPartOf\":{\"@id\":\"https:\/\/infoecos.com.ar\/#website\"},\"primaryImageOfPage\":{\"@id\":\"https:\/\/infoecos.com.ar\/index.php\/el-intendente-de-salliquelo-tambien-se-manifesto-contrario-a-la-realizacion-de-las-paso\/#primaryimage\"},\"image\":{\"@id\":\"https:\/\/infoecos.com.ar\/index.php\/el-intendente-de-salliquelo-tambien-se-manifesto-contrario-a-la-realizacion-de-las-paso\/#primaryimage\"},\"thumbnailUrl\":\"\",\"datePublished\":\"2021-01-26T21:16:49+00:00\",\"dateModified\":\"2021-01-26T21:16:53+00:00\",\"breadcrumb\":{\"@id\":\"https:\/\/infoecos.com.ar\/index.php\/el-intendente-de-salliquelo-tambien-se-manifesto-contrario-a-la-realizacion-de-las-paso\/#breadcrumb\"},\"inLanguage\":\"es\",\"potentialAction\":[{\"@type\":\"ReadAction\",\"target\":[\"https:\/\/infoecos.com.ar\/index.php\/el-intendente-de-salliquelo-tambien-se-manifesto-contrario-a-la-realizacion-de-las-paso\/\"]}]},{\"@type\":\"ImageObject\",\"inLanguage\":\"es\",\"@id\":\"https:\/\/infoecos.com.ar\/index.php\/el-intendente-de-salliquelo-tambien-se-manifesto-contrario-a-la-realizacion-de-las-paso\/#primaryimage\",\"url\":\"\",\"contentUrl\":\"\"},{\"@type\":\"BreadcrumbList\",\"@id\":\"https:\/\/infoecos.com.ar\/index.php\/el-intendente-de-salliquelo-tambien-se-manifesto-contrario-a-la-realizacion-de-las-paso\/#breadcrumb\",\"itemListElement\":[{\"@type\":\"ListItem\",\"position\":1,\"name\":\"Portada\",\"item\":\"https:\/\/infoecos.com.ar\/\"},{\"@type\":\"ListItem\",\"position\":2,\"name\":\"El intendente de Salliquel\u00f3 tambi\u00e9n se manifest\u00f3 contrario a la realizaci\u00f3n de las PASO\"}]},{\"@type\":\"WebSite\",\"@id\":\"https:\/\/infoecos.com.ar\/#website\",\"url\":\"https:\/\/infoecos.com.ar\/\",\"name\":\"Infoecos\",\"description\":\"Noticias de trenque lauquen y la zona\",\"publisher\":{\"@id\":\"https:\/\/infoecos.com.ar\/#organization\"},\"alternateName\":\"Noticias\",\"potentialAction\":[{\"@type\":\"SearchAction\",\"target\":{\"@type\":\"EntryPoint\",\"urlTemplate\":\"https:\/\/infoecos.com.ar\/?s={search_term_string}\"},\"query-input\":{\"@type\":\"PropertyValueSpecification\",\"valueRequired\":true,\"valueName\":\"search_term_string\"}}],\"inLanguage\":\"es\"},{\"@type\":\"Organization\",\"@id\":\"https:\/\/infoecos.com.ar\/#organization\",\"name\":\"Infoecos\",\"alternateName\":\"Noticias\",\"url\":\"https:\/\/infoecos.com.ar\/\",\"logo\":{\"@type\":\"ImageObject\",\"inLanguage\":\"es\",\"@id\":\"https:\/\/infoecos.com.ar\/#\/schema\/logo\/image\/\",\"url\":\"https:\/\/infoecos.com.ar\/wp-content\/uploads\/2024\/03\/cropped-logo.png\",\"contentUrl\":\"https:\/\/infoecos.com.ar\/wp-content\/uploads\/2024\/03\/cropped-logo.png\",\"width\":374,\"height\":90,\"caption\":\"Infoecos\"},\"image\":{\"@id\":\"https:\/\/infoecos.com.ar\/#\/schema\/logo\/image\/\"},\"sameAs\":[\"https:\/\/www.facebook.com\/profile.php?id=100063200290284\",\"https:\/\/x.com\/infoecos\"]},{\"@type\":\"Person\",\"@id\":\"https:\/\/infoecos.com.ar\/#\/schema\/person\/8f5ace5ce73b4b4aac4b7245aee6f191\",\"name\":\"Jorge Matheus\",\"url\":\"https:\/\/infoecos.com.ar\/index.php\/author\/jomatheus\/\"}]}<\/script>\n<!-- \/ Yoast SEO plugin. -->","yoast_head_json":{"title":"El intendente de Salliquel\u00f3 tambi\u00e9n se manifest\u00f3 contrario a la realizaci\u00f3n de las PASO - Infoecos","robots":{"index":"index","follow":"follow","max-snippet":"max-snippet:-1","max-image-preview":"max-image-preview:large","max-video-preview":"max-video-preview:-1"},"canonical":"https:\/\/infoecos.com.ar\/index.php\/el-intendente-de-salliquelo-tambien-se-manifesto-contrario-a-la-realizacion-de-las-paso\/","og_locale":"es_ES","og_type":"article","og_title":"El intendente de Salliquel\u00f3 tambi\u00e9n se manifest\u00f3 contrario a la realizaci\u00f3n de las PASO - Infoecos","og_description":"Carlos Bevilacqua, tambi\u00e9n rechaz\u00f3 la realizaci\u00f3n de las PASO en 2021, asegurando que \"es un gasto innecesario, con los problemas que hay en el pa\u00eds\"","og_url":"https:\/\/infoecos.com.ar\/index.php\/el-intendente-de-salliquelo-tambien-se-manifesto-contrario-a-la-realizacion-de-las-paso\/","og_site_name":"Infoecos","article_publisher":"https:\/\/www.facebook.com\/profile.php?id=100063200290284","article_published_time":"2021-01-26T21:16:49+00:00","article_modified_time":"2021-01-26T21:16:53+00:00","og_image":[{"width":368,"height":187,"url":"https:\/\/infoecos.com.ar\/wp-content\/uploads\/A-547nosetti2.jpg","type":"image\/jpeg"}],"author":"Jorge Matheus","twitter_card":"summary_large_image","twitter_creator":"@infoecos","twitter_site":"@infoecos","twitter_misc":{"Escrito por":"Jorge Matheus","Tiempo de lectura":"1 minuto"},"schema":{"@context":"https:\/\/schema.org","@graph":[{"@type":"Article","@id":"https:\/\/infoecos.com.ar\/index.php\/el-intendente-de-salliquelo-tambien-se-manifesto-contrario-a-la-realizacion-de-las-paso\/#article","isPartOf":{"@id":"https:\/\/infoecos.com.ar\/index.php\/el-intendente-de-salliquelo-tambien-se-manifesto-contrario-a-la-realizacion-de-las-paso\/"},"author":{"name":"Jorge Matheus","@id":"https:\/\/infoecos.com.ar\/#\/schema\/person\/8f5ace5ce73b4b4aac4b7245aee6f191"},"headline":"El intendente de Salliquel\u00f3 tambi\u00e9n se manifest\u00f3 contrario a la realizaci\u00f3n de las PASO","datePublished":"2021-01-26T21:16:49+00:00","dateModified":"2021-01-26T21:16:53+00:00","mainEntityOfPage":{"@id":"https:\/\/infoecos.com.ar\/index.php\/el-intendente-de-salliquelo-tambien-se-manifesto-contrario-a-la-realizacion-de-las-paso\/"},"wordCount":203,"publisher":{"@id":"https:\/\/infoecos.com.ar\/#organization"},"image":{"@id":"https:\/\/infoecos.com.ar\/index.php\/el-intendente-de-salliquelo-tambien-se-manifesto-contrario-a-la-realizacion-de-las-paso\/#primaryimage"},"thumbnailUrl":"","keywords":["COINCIDENCIA CON SU PAR DE VILLARINO"],"articleSection":["C2 N3"],"inLanguage":"es"},{"@type":"WebPage","@id":"https:\/\/infoecos.com.ar\/index.php\/el-intendente-de-salliquelo-tambien-se-manifesto-contrario-a-la-realizacion-de-las-paso\/","url":"https:\/\/infoecos.com.ar\/index.php\/el-intendente-de-salliquelo-tambien-se-manifesto-contrario-a-la-realizacion-de-las-paso\/","name":"El intendente de Salliquel\u00f3 tambi\u00e9n se manifest\u00f3 contrario a la realizaci\u00f3n de las PASO - Infoecos","isPartOf":{"@id":"https:\/\/infoecos.com.ar\/#website"},"primaryImageOfPage":{"@id":"https:\/\/infoecos.com.ar\/index.php\/el-intendente-de-salliquelo-tambien-se-manifesto-contrario-a-la-realizacion-de-las-paso\/#primaryimage"},"image":{"@id":"https:\/\/infoecos.com.ar\/index.php\/el-intendente-de-salliquelo-tambien-se-manifesto-contrario-a-la-realizacion-de-las-paso\/#primaryimage"},"thumbnailUrl":"","datePublished":"2021-01-26T21:16:49+00:00","dateModified":"2021-01-26T21:16:53+00:00","breadcrumb":{"@id":"https:\/\/infoecos.com.ar\/index.php\/el-intendente-de-salliquelo-tambien-se-manifesto-contrario-a-la-realizacion-de-las-paso\/#breadcrumb"},"inLanguage":"es","potentialAction":[{"@type":"ReadAction","target":["https:\/\/infoecos.com.ar\/index.php\/el-intendente-de-salliquelo-tambien-se-manifesto-contrario-a-la-realizacion-de-las-paso\/"]}]},{"@type":"ImageObject","inLanguage":"es","@id":"https:\/\/infoecos.com.ar\/index.php\/el-intendente-de-salliquelo-tambien-se-manifesto-contrario-a-la-realizacion-de-las-paso\/#primaryimage","url":"","contentUrl":""},{"@type":"BreadcrumbList","@id":"https:\/\/infoecos.com.ar\/index.php\/el-intendente-de-salliquelo-tambien-se-manifesto-contrario-a-la-realizacion-de-las-paso\/#breadcrumb","itemListElement":[{"@type":"ListItem","position":1,"name":"Portada","item":"https:\/\/infoecos.com.ar\/"},{"@type":"ListItem","position":2,"name":"El intendente de Salliquel\u00f3 tambi\u00e9n se manifest\u00f3 contrario a la realizaci\u00f3n de las PASO"}]},{"@type":"WebSite","@id":"https:\/\/infoecos.com.ar\/#website","url":"https:\/\/infoecos.com.ar\/","name":"Infoecos","description":"Noticias de trenque lauquen y la zona","publisher":{"@id":"https:\/\/infoecos.com.ar\/#organization"},"alternateName":"Noticias","potentialAction":[{"@type":"SearchAction","target":{"@type":"EntryPoint","urlTemplate":"https:\/\/infoecos.com.ar\/?s={search_term_string}"},"query-input":{"@type":"PropertyValueSpecification","valueRequired":true,"valueName":"search_term_string"}}],"inLanguage":"es"},{"@type":"Organization","@id":"https:\/\/infoecos.com.ar\/#organization","name":"Infoecos","alternateName":"Noticias","url":"https:\/\/infoecos.com.ar\/","logo":{"@type":"ImageObject","inLanguage":"es","@id":"https:\/\/infoecos.com.ar\/#\/schema\/logo\/image\/","url":"https:\/\/infoecos.com.ar\/wp-content\/uploads\/2024\/03\/cropped-logo.png","contentUrl":"https:\/\/infoecos.com.ar\/wp-content\/uploads\/2024\/03\/cropped-logo.png","width":374,"height":90,"caption":"Infoecos"},"image":{"@id":"https:\/\/infoecos.com.ar\/#\/schema\/logo\/image\/"},"sameAs":["https:\/\/www.facebook.com\/profile.php?id=100063200290284","https:\/\/x.com\/infoecos"]},{"@type":"Person","@id":"https:\/\/infoecos.com.ar\/#\/schema\/person\/8f5ace5ce73b4b4aac4b7245aee6f191","name":"Jorge Matheus","url":"https:\/\/infoecos.com.ar\/index.php\/author\/jomatheus\/"}]}},"featured_image_urls":{"full":"","thumbnail":"","medium":"","medium_large":"","large":"","1536x1536":"","2048x2048":"","covernews-slider-full":"","covernews-slider-center":"","covernews-featured":"","covernews-medium":"","covernews-medium-square":""},"author_info":{"info":["Jorge Matheus"]},"category_info":"<a href=\"https:\/\/infoecos.com.ar\/index.php\/category\/c2nota3\/\" rel=\"category tag\">C2 N3<\/a>","tag_info":"C2 N3","comment_count":"0","_links":{"self":[{"href":"https:\/\/infoecos.com.ar\/index.php\/wp-json\/wp\/v2\/posts\/73379"}],"collection":[{"href":"https:\/\/infoecos.com.ar\/index.php\/wp-json\/wp\/v2\/posts"}],"about":[{"href":"https:\/\/infoecos.com.ar\/index.php\/wp-json\/wp\/v2\/types\/post"}],"author":[{"embeddable":true,"href":"https:\/\/infoecos.com.ar\/index.php\/wp-json\/wp\/v2\/users\/2"}],"replies":[{"embeddable":true,"href":"https:\/\/infoecos.com.ar\/index.php\/wp-json\/wp\/v2\/comments?post=73379"}],"version-history":[{"count":1,"href":"https:\/\/infoecos.com.ar\/index.php\/wp-json\/wp\/v2\/posts\/73379\/revisions"}],"predecessor-version":[{"id":73380,"href":"https:\/\/infoecos.com.ar\/index.php\/wp-json\/wp\/v2\/posts\/73379\/revisions\/73380"}],"wp:featuredmedia":[{"embeddable":true,"href":"https:\/\/infoecos.com.ar\/index.php\/wp-json\/"}],"wp:attachment":[{"href":"https:\/\/infoecos.com.ar\/index.php\/wp-json\/wp\/v2\/media?parent=73379"}],"wp:term":[{"taxonomy":"category","embeddable":true,"href":"https:\/\/infoecos.com.ar\/index.php\/wp-json\/wp\/v2\/categories?post=73379"},{"taxonomy":"post_tag","embeddable":true,"href":"https:\/\/infoecos.com.ar\/index.php\/wp-json\/wp\/v2\/tags?post=73379"}],"curies":[{"name":"wp","href":"https:\/\/api.w.org\/{rel}","templated":true}]}}