{"id":73396,"date":"2021-01-27T01:18:34","date_gmt":"2021-01-27T04:18:34","guid":{"rendered":"http:\/\/infoecos.com.ar\/?p=73396"},"modified":"2021-01-29T02:45:08","modified_gmt":"2021-01-29T05:45:08","slug":"mas-aportes-para-la-reactivacion-cultural-y-artistica-en-guamini","status":"publish","type":"post","link":"https:\/\/infoecos.com.ar\/index.php\/mas-aportes-para-la-reactivacion-cultural-y-artistica-en-guamini\/","title":{"rendered":"Mas aportes para la reactivaci\u00f3n cultural y art\u00edstica en Guamin\u00ed"},"content":{"rendered":"\n<p class=\"wp-block-paragraph\">El Intendente Municipal de Guamin\u00ed, Jos\u00e9 Augusto Nobre Ferreira, acompa\u00f1ado por Claudia Elorza en representaci\u00f3n del Secretario de Turismo, Patrimonio y Desarrollo Rural Sostenible y las directoras de Cultura, Clara Palacio y de Turismo, Carola Del R\u00edo, hizo entrega de una nueva tanda de subsidios correspondientes al programa de <strong>Reactivaci\u00f3n Cultural y Art\u00edstica<\/strong> que implement\u00f3 la provincia que benefici\u00f3 a 37 actores del distrito.<\/p>\n\n\n\n<div class=\"wp-block-image\"><figure class=\"aligncenter size-medium\"><img loading=\"lazy\" decoding=\"async\" width=\"258\" height=\"460\" src=\"http:\/\/infoecos.com.ar\/wp-content\/uploads\/2021\/01\/GUAMINI-258x460.jpg\" alt=\"\" class=\"wp-image-73397\" srcset=\"https:\/\/infoecos.com.ar\/wp-content\/uploads\/2021\/01\/GUAMINI-258x460.jpg 258w, https:\/\/infoecos.com.ar\/wp-content\/uploads\/2021\/01\/GUAMINI.jpg 368w\" sizes=\"auto, (max-width: 258px) 100vw, 258px\" \/><\/figure><\/div>\n\n\n\n<p class=\"wp-block-paragraph\">En este oportunidad se distribuyeron $2.027.051 que se gestionaron desde el Municipio.<\/p>\n\n\n\n<p class=\"wp-block-paragraph\">De esta manera, desde el mes de noviembre de 2020 que se hab\u00eda acreditado la primera cuota, la Municipalidad de Guamin\u00ed ha posibilitado la llegada de aproximadamente $3.500.000 en pos de mitigar los efectos de la pandemia sobre actores privados y p\u00fablicos e instituciones vinculadas a actividades tur\u00edsticas y culturales.<\/p>\n","protected":false},"excerpt":{"rendered":"<p>Ayer se distribuyeron $2.027.051 que se gestionaron desde el Municipio<\/p>\n","protected":false},"author":2,"featured_media":73397,"comment_status":"closed","ping_status":"open","sticky":false,"template":"","format":"standard","meta":{"footnotes":""},"categories":[1335],"tags":[2726],"class_list":["post-73396","post","type-post","status-publish","format-standard","has-post-thumbnail","hentry","category-inferior15","tag-se-llevan-entregados-mas-de-3-millones"],"featured_image_urls":{"full":["https:\/\/infoecos.com.ar\/wp-content\/uploads\/2021\/01\/GUAMINI.jpg",368,656,false],"thumbnail":["https:\/\/infoecos.com.ar\/wp-content\/uploads\/2021\/01\/GUAMINI-150x150.jpg",150,150,true],"medium":["https:\/\/infoecos.com.ar\/wp-content\/uploads\/2021\/01\/GUAMINI-258x460.jpg",258,460,true],"medium_large":["https:\/\/infoecos.com.ar\/wp-content\/uploads\/2021\/01\/GUAMINI.jpg",368,656,false],"large":["https:\/\/infoecos.com.ar\/wp-content\/uploads\/2021\/01\/GUAMINI.jpg",368,656,false],"1536x1536":["https:\/\/infoecos.com.ar\/wp-content\/uploads\/2021\/01\/GUAMINI.jpg",368,656,false],"2048x2048":["https:\/\/infoecos.com.ar\/wp-content\/uploads\/2021\/01\/GUAMINI.jpg",368,656,false],"covernews-slider-full":["https:\/\/infoecos.com.ar\/wp-content\/uploads\/2021\/01\/GUAMINI.jpg",368,656,false],"covernews-slider-center":["https:\/\/infoecos.com.ar\/wp-content\/uploads\/2021\/01\/GUAMINI.jpg",280,500,false],"covernews-featured":["https:\/\/infoecos.com.ar\/wp-content\/uploads\/2021\/01\/GUAMINI.jpg",368,656,false],"covernews-medium":["https:\/\/infoecos.com.ar\/wp-content\/uploads\/2021\/01\/GUAMINI-368x380.jpg",329,340,true],"covernews-medium-square":["https:\/\/infoecos.com.ar\/wp-content\/uploads\/2021\/01\/GUAMINI-368x450.jpg",204,250,true]},"author_info":{"info":["Jorge Matheus"]},"category_info":"<a href=\"https:\/\/infoecos.com.ar\/index.php\/category\/inferior15\/\" rel=\"category tag\">Bloque inferior - 15<\/a>","tag_info":"Bloque inferior - 15","comment_count":"0","_links":{"self":[{"href":"https:\/\/infoecos.com.ar\/index.php\/wp-json\/wp\/v2\/posts\/73396","targetHints":{"allow":["GET"]}}],"collection":[{"href":"https:\/\/infoecos.com.ar\/index.php\/wp-json\/wp\/v2\/posts"}],"about":[{"href":"https:\/\/infoecos.com.ar\/index.php\/wp-json\/wp\/v2\/types\/post"}],"author":[{"embeddable":true,"href":"https:\/\/infoecos.com.ar\/index.php\/wp-json\/wp\/v2\/users\/2"}],"replies":[{"embeddable":true,"href":"https:\/\/infoecos.com.ar\/index.php\/wp-json\/wp\/v2\/comments?post=73396"}],"version-history":[{"count":1,"href":"https:\/\/infoecos.com.ar\/index.php\/wp-json\/wp\/v2\/posts\/73396\/revisions"}],"predecessor-version":[{"id":73398,"href":"https:\/\/infoecos.com.ar\/index.php\/wp-json\/wp\/v2\/posts\/73396\/revisions\/73398"}],"wp:featuredmedia":[{"embeddable":true,"href":"https:\/\/infoecos.com.ar\/index.php\/wp-json\/wp\/v2\/media\/73397"}],"wp:attachment":[{"href":"https:\/\/infoecos.com.ar\/index.php\/wp-json\/wp\/v2\/media?parent=73396"}],"wp:term":[{"taxonomy":"category","embeddable":true,"href":"https:\/\/infoecos.com.ar\/index.php\/wp-json\/wp\/v2\/categories?post=73396"},{"taxonomy":"post_tag","embeddable":true,"href":"https:\/\/infoecos.com.ar\/index.php\/wp-json\/wp\/v2\/tags?post=73396"}],"curies":[{"name":"wp","href":"https:\/\/api.w.org\/{rel}","templated":true}]}}