{"id":73423,"date":"2021-01-27T15:18:35","date_gmt":"2021-01-27T18:18:35","guid":{"rendered":"http:\/\/infoecos.com.ar\/?p=73423"},"modified":"2021-01-29T02:41:01","modified_gmt":"2021-01-29T05:41:01","slug":"el-1-de-marzo-comienza-el-ciclo-lectivo-2021-con-la-mayor-presencialidad-posible-en-toda-la-provincia-de-buenos-aires","status":"publish","type":"post","link":"https:\/\/infoecos.com.ar\/index.php\/el-1-de-marzo-comienza-el-ciclo-lectivo-2021-con-la-mayor-presencialidad-posible-en-toda-la-provincia-de-buenos-aires\/","title":{"rendered":"\u201cEl 1\u00b0 de marzo comienza el ciclo lectivo 2021, con la mayor presencialidad posible, en toda la provincia de Buenos Aires\u201d"},"content":{"rendered":"\n<p>En declaraciones radiales, la directora General de Cultura y Educaci\u00f3n de la provincia de Buenos Aires Agustina Vila afirm\u00f3: \u201cEl 1\u00b0 de marzo comienza el ciclo lectivo 2021, con la mayor presencialidad posible, en toda la provincia de Buenos Aires. Unos d\u00edas antes, el 17 de febrero, las escuelas convocar\u00e1n a las y los estudiantes que tuvieron una continuidad pedag\u00f3gica con dificultades durante el 2020.\u201d<\/p>\n\n\n\n<div class=\"wp-block-image\"><figure class=\"aligncenter size-medium\"><img loading=\"lazy\" decoding=\"async\" width=\"460\" height=\"196\" src=\"http:\/\/infoecos.com.ar\/wp-content\/uploads\/2021\/01\/VILAAGUSTINA-460x196.jpg\" alt=\"\" class=\"wp-image-73424\" srcset=\"https:\/\/infoecos.com.ar\/wp-content\/uploads\/2021\/01\/VILAAGUSTINA-460x196.jpg 460w, https:\/\/infoecos.com.ar\/wp-content\/uploads\/2021\/01\/VILAAGUSTINA-920x391.jpg 920w, https:\/\/infoecos.com.ar\/wp-content\/uploads\/2021\/01\/VILAAGUSTINA-768x327.jpg 768w, https:\/\/infoecos.com.ar\/wp-content\/uploads\/2021\/01\/VILAAGUSTINA-936x400.jpg 936w, https:\/\/infoecos.com.ar\/wp-content\/uploads\/2021\/01\/VILAAGUSTINA.jpg 940w\" sizes=\"(max-width: 460px) 100vw, 460px\" \/><\/figure><\/div>\n\n\n\n<p>La provincia cuenta desde octubre del a\u00f1o pasado con un Plan para el Regreso Seguro a Clases Presenciales que establece pautas obligatorias y orientativas para la organizaci\u00f3n institucional y pedag\u00f3gica de las escuelas. Al respecto, Vila explic\u00f3 que \u201cEl uso de tapabocas, la adecuada circulaci\u00f3n de aire con puertas y ventanas siempre abiertas, la limpieza y la desinfecci\u00f3n de los espacios, as\u00ed como la higiene personal y los elementos de protecci\u00f3n en el caso de los trabajadores son claves para una presencialidad segura. &nbsp;En esta etapa tambi\u00e9n ser\u00e1 fundamental el cumplimiento de la distancia social entre las y los estudiantes y docentes en las aulas. Tiene que haber un metro y medio de distancia entre cada estudiante y dos metros entre los estudiantes y su docente\u201d.<br>En ese sentido agreg\u00f3 que \u201cpara cumplir con este criterio de distancia, l\u00f3gicamente, ser\u00e1 necesario subdividir los grupos de cada secci\u00f3n\u201d y remarc\u00f3 que las actividades presenciales ser\u00e1n \u201cen jornadas de cuatro horas como m\u00e1ximo, con grupos reducidos, y, por supuesto, tambi\u00e9n conforme a la situaci\u00f3n epidemiol\u00f3gica.\u201d &nbsp;<\/p>\n\n\n\n<p>Los encuentros presenciales se articular\u00e1n con clases no presenciales. La ense\u00f1anza y el aprendizaje en entornos virtuales seguir\u00e1n siendo fortalecidas por parte de la Provincia que brindar\u00e1 orientaciones pedag\u00f3gicas y proveer\u00e1 recursos para la impresi\u00f3n de los materiales producidos por las y los docentes para estudiantes que no cuentan con conectividad en sus hogares. Asimismo, se continuar\u00e1 con la capacitaci\u00f3n docente, la provisi\u00f3n de computadoras y el soporte t\u00e9cnico de las que ya fueron distribuidas.<\/p>\n\n\n\n<figure class=\"wp-block-audio\"><audio controls src=\"http:\/\/infoecos.com.ar\/wp-content\/uploads\/2021\/01\/27-01-2021-Declaraciones-de-la-Directora-General-de-Cultura-y-Educacion-Agustina-Vila-1.mp3\"><\/audio><\/figure>\n\n\n\n<figure class=\"wp-block-audio\"><audio controls src=\"http:\/\/infoecos.com.ar\/wp-content\/uploads\/2021\/01\/27-01-2021-Declaraciones-de-la-Directora-General-de-Cultura-y-Educacion-Agustina-Vila-2.mp3\"><\/audio><\/figure>\n\n\n\n<figure class=\"wp-block-audio\"><audio controls src=\"http:\/\/infoecos.com.ar\/wp-content\/uploads\/2021\/01\/27-01-2021-Declaraciones-de-la-Directora-General-de-Cultura-y-Educacion-Agustina-Vila-3.mp3\"><\/audio><\/figure>\n\n\n\n<figure class=\"wp-block-audio\"><audio controls src=\"http:\/\/infoecos.com.ar\/wp-content\/uploads\/2021\/01\/27-01-2021-Declaraciones-de-la-Directora-General-de-Cultura-y-Educacion-Agustina-Vila-4.mp3\"><\/audio><\/figure>\n\n\n\n<p><\/p>\n","protected":false},"excerpt":{"rendered":"<p>La provincia cuenta desde octubre del a\u00f1o pasado con un Plan para el Regreso Seguro a Clases Presenciales que establece pautas obligatorias y orientativas para la organizaci\u00f3n institucional y pedag\u00f3gica de las escuelas<\/p>\n","protected":false},"author":2,"featured_media":73424,"comment_status":"closed","ping_status":"open","sticky":false,"template":"","format":"standard","meta":{"footnotes":""},"categories":[1330],"tags":[2730],"class_list":["post-73423","post","type-post","status-publish","format-standard","has-post-thumbnail","hentry","category-inferior10","tag-declaraciones-de-agustina-vila"],"yoast_head":"<!-- This site is optimized with the Yoast SEO plugin v23.4 - https:\/\/yoast.com\/wordpress\/plugins\/seo\/ -->\n<title>\u201cEl 1\u00b0 de marzo comienza el ciclo lectivo 2021, con la mayor presencialidad posible, en toda la provincia de Buenos Aires\u201d - Infoecos<\/title>\n<meta name=\"robots\" content=\"index, follow, max-snippet:-1, max-image-preview:large, max-video-preview:-1\" \/>\n<link rel=\"canonical\" href=\"https:\/\/infoecos.com.ar\/index.php\/el-1-de-marzo-comienza-el-ciclo-lectivo-2021-con-la-mayor-presencialidad-posible-en-toda-la-provincia-de-buenos-aires\/\" \/>\n<meta property=\"og:locale\" content=\"es_ES\" \/>\n<meta property=\"og:type\" content=\"article\" \/>\n<meta property=\"og:title\" content=\"\u201cEl 1\u00b0 de marzo comienza el ciclo lectivo 2021, con la mayor presencialidad posible, en toda la provincia de Buenos Aires\u201d - Infoecos\" \/>\n<meta property=\"og:description\" content=\"La provincia cuenta desde octubre del a\u00f1o pasado con un Plan para el Regreso Seguro a Clases Presenciales que establece pautas obligatorias y orientativas para la organizaci\u00f3n institucional y pedag\u00f3gica de las escuelas\" \/>\n<meta property=\"og:url\" content=\"https:\/\/infoecos.com.ar\/index.php\/el-1-de-marzo-comienza-el-ciclo-lectivo-2021-con-la-mayor-presencialidad-posible-en-toda-la-provincia-de-buenos-aires\/\" \/>\n<meta property=\"og:site_name\" content=\"Infoecos\" \/>\n<meta property=\"article:publisher\" content=\"https:\/\/www.facebook.com\/profile.php?id=100063200290284\" \/>\n<meta property=\"article:published_time\" content=\"2021-01-27T18:18:35+00:00\" \/>\n<meta property=\"article:modified_time\" content=\"2021-01-29T05:41:01+00:00\" \/>\n<meta property=\"og:image\" content=\"https:\/\/infoecos.com.ar\/wp-content\/uploads\/2021\/01\/VILAAGUSTINA.jpg\" \/>\n\t<meta property=\"og:image:width\" content=\"940\" \/>\n\t<meta property=\"og:image:height\" content=\"400\" \/>\n\t<meta property=\"og:image:type\" content=\"image\/jpeg\" \/>\n<meta name=\"author\" content=\"Jorge Matheus\" \/>\n<meta name=\"twitter:card\" content=\"summary_large_image\" \/>\n<meta name=\"twitter:creator\" content=\"@infoecos\" \/>\n<meta name=\"twitter:site\" content=\"@infoecos\" \/>\n<meta name=\"twitter:label1\" content=\"Escrito por\" \/>\n\t<meta name=\"twitter:data1\" content=\"Jorge Matheus\" \/>\n\t<meta name=\"twitter:label2\" content=\"Tiempo de lectura\" \/>\n\t<meta name=\"twitter:data2\" content=\"2 minutos\" \/>\n<script type=\"application\/ld+json\" class=\"yoast-schema-graph\">{\"@context\":\"https:\/\/schema.org\",\"@graph\":[{\"@type\":\"Article\",\"@id\":\"https:\/\/infoecos.com.ar\/index.php\/el-1-de-marzo-comienza-el-ciclo-lectivo-2021-con-la-mayor-presencialidad-posible-en-toda-la-provincia-de-buenos-aires\/#article\",\"isPartOf\":{\"@id\":\"https:\/\/infoecos.com.ar\/index.php\/el-1-de-marzo-comienza-el-ciclo-lectivo-2021-con-la-mayor-presencialidad-posible-en-toda-la-provincia-de-buenos-aires\/\"},\"author\":{\"name\":\"Jorge Matheus\",\"@id\":\"https:\/\/infoecos.com.ar\/#\/schema\/person\/8f5ace5ce73b4b4aac4b7245aee6f191\"},\"headline\":\"\u201cEl 1\u00b0 de marzo comienza el ciclo lectivo 2021, con la mayor presencialidad posible, en toda la provincia de Buenos Aires\u201d\",\"datePublished\":\"2021-01-27T18:18:35+00:00\",\"dateModified\":\"2021-01-29T05:41:01+00:00\",\"mainEntityOfPage\":{\"@id\":\"https:\/\/infoecos.com.ar\/index.php\/el-1-de-marzo-comienza-el-ciclo-lectivo-2021-con-la-mayor-presencialidad-posible-en-toda-la-provincia-de-buenos-aires\/\"},\"wordCount\":356,\"publisher\":{\"@id\":\"https:\/\/infoecos.com.ar\/#organization\"},\"image\":{\"@id\":\"https:\/\/infoecos.com.ar\/index.php\/el-1-de-marzo-comienza-el-ciclo-lectivo-2021-con-la-mayor-presencialidad-posible-en-toda-la-provincia-de-buenos-aires\/#primaryimage\"},\"thumbnailUrl\":\"https:\/\/infoecos.com.ar\/wp-content\/uploads\/2021\/01\/VILAAGUSTINA.jpg\",\"keywords\":[\"declaraciones de Agustina Vila\"],\"articleSection\":[\"Bloque inferior - 10\"],\"inLanguage\":\"es\"},{\"@type\":\"WebPage\",\"@id\":\"https:\/\/infoecos.com.ar\/index.php\/el-1-de-marzo-comienza-el-ciclo-lectivo-2021-con-la-mayor-presencialidad-posible-en-toda-la-provincia-de-buenos-aires\/\",\"url\":\"https:\/\/infoecos.com.ar\/index.php\/el-1-de-marzo-comienza-el-ciclo-lectivo-2021-con-la-mayor-presencialidad-posible-en-toda-la-provincia-de-buenos-aires\/\",\"name\":\"\u201cEl 1\u00b0 de marzo comienza el ciclo lectivo 2021, con la mayor presencialidad posible, en toda la provincia de Buenos Aires\u201d - Infoecos\",\"isPartOf\":{\"@id\":\"https:\/\/infoecos.com.ar\/#website\"},\"primaryImageOfPage\":{\"@id\":\"https:\/\/infoecos.com.ar\/index.php\/el-1-de-marzo-comienza-el-ciclo-lectivo-2021-con-la-mayor-presencialidad-posible-en-toda-la-provincia-de-buenos-aires\/#primaryimage\"},\"image\":{\"@id\":\"https:\/\/infoecos.com.ar\/index.php\/el-1-de-marzo-comienza-el-ciclo-lectivo-2021-con-la-mayor-presencialidad-posible-en-toda-la-provincia-de-buenos-aires\/#primaryimage\"},\"thumbnailUrl\":\"https:\/\/infoecos.com.ar\/wp-content\/uploads\/2021\/01\/VILAAGUSTINA.jpg\",\"datePublished\":\"2021-01-27T18:18:35+00:00\",\"dateModified\":\"2021-01-29T05:41:01+00:00\",\"breadcrumb\":{\"@id\":\"https:\/\/infoecos.com.ar\/index.php\/el-1-de-marzo-comienza-el-ciclo-lectivo-2021-con-la-mayor-presencialidad-posible-en-toda-la-provincia-de-buenos-aires\/#breadcrumb\"},\"inLanguage\":\"es\",\"potentialAction\":[{\"@type\":\"ReadAction\",\"target\":[\"https:\/\/infoecos.com.ar\/index.php\/el-1-de-marzo-comienza-el-ciclo-lectivo-2021-con-la-mayor-presencialidad-posible-en-toda-la-provincia-de-buenos-aires\/\"]}]},{\"@type\":\"ImageObject\",\"inLanguage\":\"es\",\"@id\":\"https:\/\/infoecos.com.ar\/index.php\/el-1-de-marzo-comienza-el-ciclo-lectivo-2021-con-la-mayor-presencialidad-posible-en-toda-la-provincia-de-buenos-aires\/#primaryimage\",\"url\":\"https:\/\/infoecos.com.ar\/wp-content\/uploads\/2021\/01\/VILAAGUSTINA.jpg\",\"contentUrl\":\"https:\/\/infoecos.com.ar\/wp-content\/uploads\/2021\/01\/VILAAGUSTINA.jpg\",\"width\":940,\"height\":400},{\"@type\":\"BreadcrumbList\",\"@id\":\"https:\/\/infoecos.com.ar\/index.php\/el-1-de-marzo-comienza-el-ciclo-lectivo-2021-con-la-mayor-presencialidad-posible-en-toda-la-provincia-de-buenos-aires\/#breadcrumb\",\"itemListElement\":[{\"@type\":\"ListItem\",\"position\":1,\"name\":\"Portada\",\"item\":\"https:\/\/infoecos.com.ar\/\"},{\"@type\":\"ListItem\",\"position\":2,\"name\":\"\u201cEl 1\u00b0 de marzo comienza el ciclo lectivo 2021, con la mayor presencialidad posible, en toda la provincia de Buenos Aires\u201d\"}]},{\"@type\":\"WebSite\",\"@id\":\"https:\/\/infoecos.com.ar\/#website\",\"url\":\"https:\/\/infoecos.com.ar\/\",\"name\":\"Infoecos\",\"description\":\"Noticias de trenque lauquen y la zona\",\"publisher\":{\"@id\":\"https:\/\/infoecos.com.ar\/#organization\"},\"alternateName\":\"Noticias\",\"potentialAction\":[{\"@type\":\"SearchAction\",\"target\":{\"@type\":\"EntryPoint\",\"urlTemplate\":\"https:\/\/infoecos.com.ar\/?s={search_term_string}\"},\"query-input\":{\"@type\":\"PropertyValueSpecification\",\"valueRequired\":true,\"valueName\":\"search_term_string\"}}],\"inLanguage\":\"es\"},{\"@type\":\"Organization\",\"@id\":\"https:\/\/infoecos.com.ar\/#organization\",\"name\":\"Infoecos\",\"alternateName\":\"Noticias\",\"url\":\"https:\/\/infoecos.com.ar\/\",\"logo\":{\"@type\":\"ImageObject\",\"inLanguage\":\"es\",\"@id\":\"https:\/\/infoecos.com.ar\/#\/schema\/logo\/image\/\",\"url\":\"https:\/\/infoecos.com.ar\/wp-content\/uploads\/2024\/03\/cropped-logo.png\",\"contentUrl\":\"https:\/\/infoecos.com.ar\/wp-content\/uploads\/2024\/03\/cropped-logo.png\",\"width\":374,\"height\":90,\"caption\":\"Infoecos\"},\"image\":{\"@id\":\"https:\/\/infoecos.com.ar\/#\/schema\/logo\/image\/\"},\"sameAs\":[\"https:\/\/www.facebook.com\/profile.php?id=100063200290284\",\"https:\/\/x.com\/infoecos\"]},{\"@type\":\"Person\",\"@id\":\"https:\/\/infoecos.com.ar\/#\/schema\/person\/8f5ace5ce73b4b4aac4b7245aee6f191\",\"name\":\"Jorge Matheus\",\"url\":\"https:\/\/infoecos.com.ar\/index.php\/author\/jomatheus\/\"}]}<\/script>\n<!-- \/ Yoast SEO plugin. -->","yoast_head_json":{"title":"\u201cEl 1\u00b0 de marzo comienza el ciclo lectivo 2021, con la mayor presencialidad posible, en toda la provincia de Buenos Aires\u201d - Infoecos","robots":{"index":"index","follow":"follow","max-snippet":"max-snippet:-1","max-image-preview":"max-image-preview:large","max-video-preview":"max-video-preview:-1"},"canonical":"https:\/\/infoecos.com.ar\/index.php\/el-1-de-marzo-comienza-el-ciclo-lectivo-2021-con-la-mayor-presencialidad-posible-en-toda-la-provincia-de-buenos-aires\/","og_locale":"es_ES","og_type":"article","og_title":"\u201cEl 1\u00b0 de marzo comienza el ciclo lectivo 2021, con la mayor presencialidad posible, en toda la provincia de Buenos Aires\u201d - Infoecos","og_description":"La provincia cuenta desde octubre del a\u00f1o pasado con un Plan para el Regreso Seguro a Clases Presenciales que establece pautas obligatorias y orientativas para la organizaci\u00f3n institucional y pedag\u00f3gica de las escuelas","og_url":"https:\/\/infoecos.com.ar\/index.php\/el-1-de-marzo-comienza-el-ciclo-lectivo-2021-con-la-mayor-presencialidad-posible-en-toda-la-provincia-de-buenos-aires\/","og_site_name":"Infoecos","article_publisher":"https:\/\/www.facebook.com\/profile.php?id=100063200290284","article_published_time":"2021-01-27T18:18:35+00:00","article_modified_time":"2021-01-29T05:41:01+00:00","og_image":[{"width":940,"height":400,"url":"https:\/\/infoecos.com.ar\/wp-content\/uploads\/2021\/01\/VILAAGUSTINA.jpg","type":"image\/jpeg"}],"author":"Jorge Matheus","twitter_card":"summary_large_image","twitter_creator":"@infoecos","twitter_site":"@infoecos","twitter_misc":{"Escrito por":"Jorge Matheus","Tiempo de lectura":"2 minutos"},"schema":{"@context":"https:\/\/schema.org","@graph":[{"@type":"Article","@id":"https:\/\/infoecos.com.ar\/index.php\/el-1-de-marzo-comienza-el-ciclo-lectivo-2021-con-la-mayor-presencialidad-posible-en-toda-la-provincia-de-buenos-aires\/#article","isPartOf":{"@id":"https:\/\/infoecos.com.ar\/index.php\/el-1-de-marzo-comienza-el-ciclo-lectivo-2021-con-la-mayor-presencialidad-posible-en-toda-la-provincia-de-buenos-aires\/"},"author":{"name":"Jorge Matheus","@id":"https:\/\/infoecos.com.ar\/#\/schema\/person\/8f5ace5ce73b4b4aac4b7245aee6f191"},"headline":"\u201cEl 1\u00b0 de marzo comienza el ciclo lectivo 2021, con la mayor presencialidad posible, en toda la provincia de Buenos Aires\u201d","datePublished":"2021-01-27T18:18:35+00:00","dateModified":"2021-01-29T05:41:01+00:00","mainEntityOfPage":{"@id":"https:\/\/infoecos.com.ar\/index.php\/el-1-de-marzo-comienza-el-ciclo-lectivo-2021-con-la-mayor-presencialidad-posible-en-toda-la-provincia-de-buenos-aires\/"},"wordCount":356,"publisher":{"@id":"https:\/\/infoecos.com.ar\/#organization"},"image":{"@id":"https:\/\/infoecos.com.ar\/index.php\/el-1-de-marzo-comienza-el-ciclo-lectivo-2021-con-la-mayor-presencialidad-posible-en-toda-la-provincia-de-buenos-aires\/#primaryimage"},"thumbnailUrl":"https:\/\/infoecos.com.ar\/wp-content\/uploads\/2021\/01\/VILAAGUSTINA.jpg","keywords":["declaraciones de Agustina Vila"],"articleSection":["Bloque inferior - 10"],"inLanguage":"es"},{"@type":"WebPage","@id":"https:\/\/infoecos.com.ar\/index.php\/el-1-de-marzo-comienza-el-ciclo-lectivo-2021-con-la-mayor-presencialidad-posible-en-toda-la-provincia-de-buenos-aires\/","url":"https:\/\/infoecos.com.ar\/index.php\/el-1-de-marzo-comienza-el-ciclo-lectivo-2021-con-la-mayor-presencialidad-posible-en-toda-la-provincia-de-buenos-aires\/","name":"\u201cEl 1\u00b0 de marzo comienza el ciclo lectivo 2021, con la mayor presencialidad posible, en toda la provincia de Buenos Aires\u201d - Infoecos","isPartOf":{"@id":"https:\/\/infoecos.com.ar\/#website"},"primaryImageOfPage":{"@id":"https:\/\/infoecos.com.ar\/index.php\/el-1-de-marzo-comienza-el-ciclo-lectivo-2021-con-la-mayor-presencialidad-posible-en-toda-la-provincia-de-buenos-aires\/#primaryimage"},"image":{"@id":"https:\/\/infoecos.com.ar\/index.php\/el-1-de-marzo-comienza-el-ciclo-lectivo-2021-con-la-mayor-presencialidad-posible-en-toda-la-provincia-de-buenos-aires\/#primaryimage"},"thumbnailUrl":"https:\/\/infoecos.com.ar\/wp-content\/uploads\/2021\/01\/VILAAGUSTINA.jpg","datePublished":"2021-01-27T18:18:35+00:00","dateModified":"2021-01-29T05:41:01+00:00","breadcrumb":{"@id":"https:\/\/infoecos.com.ar\/index.php\/el-1-de-marzo-comienza-el-ciclo-lectivo-2021-con-la-mayor-presencialidad-posible-en-toda-la-provincia-de-buenos-aires\/#breadcrumb"},"inLanguage":"es","potentialAction":[{"@type":"ReadAction","target":["https:\/\/infoecos.com.ar\/index.php\/el-1-de-marzo-comienza-el-ciclo-lectivo-2021-con-la-mayor-presencialidad-posible-en-toda-la-provincia-de-buenos-aires\/"]}]},{"@type":"ImageObject","inLanguage":"es","@id":"https:\/\/infoecos.com.ar\/index.php\/el-1-de-marzo-comienza-el-ciclo-lectivo-2021-con-la-mayor-presencialidad-posible-en-toda-la-provincia-de-buenos-aires\/#primaryimage","url":"https:\/\/infoecos.com.ar\/wp-content\/uploads\/2021\/01\/VILAAGUSTINA.jpg","contentUrl":"https:\/\/infoecos.com.ar\/wp-content\/uploads\/2021\/01\/VILAAGUSTINA.jpg","width":940,"height":400},{"@type":"BreadcrumbList","@id":"https:\/\/infoecos.com.ar\/index.php\/el-1-de-marzo-comienza-el-ciclo-lectivo-2021-con-la-mayor-presencialidad-posible-en-toda-la-provincia-de-buenos-aires\/#breadcrumb","itemListElement":[{"@type":"ListItem","position":1,"name":"Portada","item":"https:\/\/infoecos.com.ar\/"},{"@type":"ListItem","position":2,"name":"\u201cEl 1\u00b0 de marzo comienza el ciclo lectivo 2021, con la mayor presencialidad posible, en toda la provincia de Buenos Aires\u201d"}]},{"@type":"WebSite","@id":"https:\/\/infoecos.com.ar\/#website","url":"https:\/\/infoecos.com.ar\/","name":"Infoecos","description":"Noticias de trenque lauquen y la zona","publisher":{"@id":"https:\/\/infoecos.com.ar\/#organization"},"alternateName":"Noticias","potentialAction":[{"@type":"SearchAction","target":{"@type":"EntryPoint","urlTemplate":"https:\/\/infoecos.com.ar\/?s={search_term_string}"},"query-input":{"@type":"PropertyValueSpecification","valueRequired":true,"valueName":"search_term_string"}}],"inLanguage":"es"},{"@type":"Organization","@id":"https:\/\/infoecos.com.ar\/#organization","name":"Infoecos","alternateName":"Noticias","url":"https:\/\/infoecos.com.ar\/","logo":{"@type":"ImageObject","inLanguage":"es","@id":"https:\/\/infoecos.com.ar\/#\/schema\/logo\/image\/","url":"https:\/\/infoecos.com.ar\/wp-content\/uploads\/2024\/03\/cropped-logo.png","contentUrl":"https:\/\/infoecos.com.ar\/wp-content\/uploads\/2024\/03\/cropped-logo.png","width":374,"height":90,"caption":"Infoecos"},"image":{"@id":"https:\/\/infoecos.com.ar\/#\/schema\/logo\/image\/"},"sameAs":["https:\/\/www.facebook.com\/profile.php?id=100063200290284","https:\/\/x.com\/infoecos"]},{"@type":"Person","@id":"https:\/\/infoecos.com.ar\/#\/schema\/person\/8f5ace5ce73b4b4aac4b7245aee6f191","name":"Jorge Matheus","url":"https:\/\/infoecos.com.ar\/index.php\/author\/jomatheus\/"}]}},"featured_image_urls":{"full":["https:\/\/infoecos.com.ar\/wp-content\/uploads\/2021\/01\/VILAAGUSTINA.jpg",940,400,false],"thumbnail":["https:\/\/infoecos.com.ar\/wp-content\/uploads\/2021\/01\/VILAAGUSTINA-150x150.jpg",150,150,true],"medium":["https:\/\/infoecos.com.ar\/wp-content\/uploads\/2021\/01\/VILAAGUSTINA-460x196.jpg",460,196,true],"medium_large":["https:\/\/infoecos.com.ar\/wp-content\/uploads\/2021\/01\/VILAAGUSTINA-768x327.jpg",640,273,true],"large":["https:\/\/infoecos.com.ar\/wp-content\/uploads\/2021\/01\/VILAAGUSTINA-920x391.jpg",640,272,true],"1536x1536":["https:\/\/infoecos.com.ar\/wp-content\/uploads\/2021\/01\/VILAAGUSTINA.jpg",940,400,false],"2048x2048":["https:\/\/infoecos.com.ar\/wp-content\/uploads\/2021\/01\/VILAAGUSTINA.jpg",940,400,false],"covernews-slider-full":["https:\/\/infoecos.com.ar\/wp-content\/uploads\/2021\/01\/VILAAGUSTINA.jpg",940,400,false],"covernews-slider-center":["https:\/\/infoecos.com.ar\/wp-content\/uploads\/2021\/01\/VILAAGUSTINA-936x400.jpg",800,342,true],"covernews-featured":["https:\/\/infoecos.com.ar\/wp-content\/uploads\/2021\/01\/VILAAGUSTINA.jpg",940,400,false],"covernews-medium":["https:\/\/infoecos.com.ar\/wp-content\/uploads\/2021\/01\/VILAAGUSTINA-720x380.jpg",540,285,true],"covernews-medium-square":["https:\/\/infoecos.com.ar\/wp-content\/uploads\/2021\/01\/VILAAGUSTINA-675x400.jpg",400,237,true]},"author_info":{"info":["Jorge Matheus"]},"category_info":"<a href=\"https:\/\/infoecos.com.ar\/index.php\/category\/inferior10\/\" rel=\"category tag\">Bloque inferior - 10<\/a>","tag_info":"Bloque inferior - 10","comment_count":"0","_links":{"self":[{"href":"https:\/\/infoecos.com.ar\/index.php\/wp-json\/wp\/v2\/posts\/73423"}],"collection":[{"href":"https:\/\/infoecos.com.ar\/index.php\/wp-json\/wp\/v2\/posts"}],"about":[{"href":"https:\/\/infoecos.com.ar\/index.php\/wp-json\/wp\/v2\/types\/post"}],"author":[{"embeddable":true,"href":"https:\/\/infoecos.com.ar\/index.php\/wp-json\/wp\/v2\/users\/2"}],"replies":[{"embeddable":true,"href":"https:\/\/infoecos.com.ar\/index.php\/wp-json\/wp\/v2\/comments?post=73423"}],"version-history":[{"count":2,"href":"https:\/\/infoecos.com.ar\/index.php\/wp-json\/wp\/v2\/posts\/73423\/revisions"}],"predecessor-version":[{"id":73569,"href":"https:\/\/infoecos.com.ar\/index.php\/wp-json\/wp\/v2\/posts\/73423\/revisions\/73569"}],"wp:featuredmedia":[{"embeddable":true,"href":"https:\/\/infoecos.com.ar\/index.php\/wp-json\/wp\/v2\/media\/73424"}],"wp:attachment":[{"href":"https:\/\/infoecos.com.ar\/index.php\/wp-json\/wp\/v2\/media?parent=73423"}],"wp:term":[{"taxonomy":"category","embeddable":true,"href":"https:\/\/infoecos.com.ar\/index.php\/wp-json\/wp\/v2\/categories?post=73423"},{"taxonomy":"post_tag","embeddable":true,"href":"https:\/\/infoecos.com.ar\/index.php\/wp-json\/wp\/v2\/tags?post=73423"}],"curies":[{"name":"wp","href":"https:\/\/api.w.org\/{rel}","templated":true}]}}