{"id":73461,"date":"2021-01-28T01:10:11","date_gmt":"2021-01-28T04:10:11","guid":{"rendered":"http:\/\/infoecos.com.ar\/?p=73461"},"modified":"2021-01-29T02:34:21","modified_gmt":"2021-01-29T05:34:21","slug":"cloacas-y-agua-potable-obras-para-el-distrito-de-adolfo-alsina-con-aportes-del-enhosa","status":"publish","type":"post","link":"https:\/\/infoecos.com.ar\/index.php\/cloacas-y-agua-potable-obras-para-el-distrito-de-adolfo-alsina-con-aportes-del-enhosa\/","title":{"rendered":"Cloacas y Agua Potable, obras para el distrito de Adolfo Alsina, con aportes del ENHOSA"},"content":{"rendered":"\n<p class=\"wp-block-paragraph\">El intendente municipal de Adolfo Alsina, Javier Andr\u00e9s, se reuni\u00f3 con las autoridades del Ente Nacional de Obras H\u00eddricas de Saneamiento.<\/p>\n\n\n\n<div class=\"wp-block-image\"><figure class=\"aligncenter size-medium\"><img loading=\"lazy\" decoding=\"async\" width=\"460\" height=\"307\" src=\"http:\/\/infoecos.com.ar\/wp-content\/uploads\/2021\/01\/alvarezandres-460x307.jpg\" alt=\"\" class=\"wp-image-73462\" srcset=\"https:\/\/infoecos.com.ar\/wp-content\/uploads\/2021\/01\/alvarezandres-460x307.jpg 460w, https:\/\/infoecos.com.ar\/wp-content\/uploads\/2021\/01\/alvarezandres-768x512.jpg 768w, https:\/\/infoecos.com.ar\/wp-content\/uploads\/2021\/01\/alvarezandres-675x450.jpg 675w, https:\/\/infoecos.com.ar\/wp-content\/uploads\/2021\/01\/alvarezandres.jpg 810w\" sizes=\"auto, (max-width: 460px) 100vw, 460px\" \/><\/figure><\/div>\n\n\n\n<p class=\"wp-block-paragraph\">Estaba presente, entre otros funcionarios del organismo nacional, N\u00e9stor \u00c1lvarez, que es el vicepresidente del mismo.<\/p>\n\n\n\n<p class=\"wp-block-paragraph\">Se analiz\u00f3 la ejecuci\u00f3n de la obra de ampliaci\u00f3n de cloacas en Caruh\u00e9 y se proyect\u00f3 el sistema de Agua Potable para Rivera y la ciudad cabecera del distrito. <\/p>\n\n\n\n<p class=\"wp-block-paragraph\">\u00c1lvarez manifest\u00f3 en su cuenta de una de las redes sociales que \u00abes un placer articular acciones entre el Intendente, los Concejales del Frente de Todos y las Cooperativas\u00bb.  \u00abComo nos pide el Ministro Katopodis trabajando en los 2300 Municipios de nuestro Pa\u00eds sin distinciones partidarias\u00bb, apunt\u00f3.  <\/p>\n","protected":false},"excerpt":{"rendered":"<p>El intendente municipal de Adolfo Alsina, Javier Andr\u00e9s, se reuni\u00f3 con las autoridades del Ente&#8230;<\/p>\n","protected":false},"author":2,"featured_media":73462,"comment_status":"closed","ping_status":"open","sticky":false,"template":"","format":"standard","meta":{"footnotes":""},"categories":[41],"tags":[2739],"class_list":["post-73461","post","type-post","status-publish","format-standard","has-post-thumbnail","hentry","category-inferior2","tag-el-intendente-andres-se-reunio-en-caba"],"featured_image_urls":{"full":["https:\/\/infoecos.com.ar\/wp-content\/uploads\/2021\/01\/alvarezandres.jpg",810,540,false],"thumbnail":["https:\/\/infoecos.com.ar\/wp-content\/uploads\/2021\/01\/alvarezandres-150x150.jpg",150,150,true],"medium":["https:\/\/infoecos.com.ar\/wp-content\/uploads\/2021\/01\/alvarezandres-460x307.jpg",460,307,true],"medium_large":["https:\/\/infoecos.com.ar\/wp-content\/uploads\/2021\/01\/alvarezandres-768x512.jpg",640,427,true],"large":["https:\/\/infoecos.com.ar\/wp-content\/uploads\/2021\/01\/alvarezandres.jpg",640,427,false],"1536x1536":["https:\/\/infoecos.com.ar\/wp-content\/uploads\/2021\/01\/alvarezandres.jpg",810,540,false],"2048x2048":["https:\/\/infoecos.com.ar\/wp-content\/uploads\/2021\/01\/alvarezandres.jpg",810,540,false],"covernews-slider-full":["https:\/\/infoecos.com.ar\/wp-content\/uploads\/2021\/01\/alvarezandres.jpg",810,540,false],"covernews-slider-center":["https:\/\/infoecos.com.ar\/wp-content\/uploads\/2021\/01\/alvarezandres.jpg",750,500,false],"covernews-featured":["https:\/\/infoecos.com.ar\/wp-content\/uploads\/2021\/01\/alvarezandres.jpg",810,540,false],"covernews-medium":["https:\/\/infoecos.com.ar\/wp-content\/uploads\/2021\/01\/alvarezandres-720x380.jpg",540,285,true],"covernews-medium-square":["https:\/\/infoecos.com.ar\/wp-content\/uploads\/2021\/01\/alvarezandres-675x450.jpg",375,250,true]},"author_info":{"info":["Jorge Matheus"]},"category_info":"<a href=\"https:\/\/infoecos.com.ar\/index.php\/category\/inferior2\/\" rel=\"category tag\">Bloque inferior - 2<\/a>","tag_info":"Bloque inferior - 2","comment_count":"0","_links":{"self":[{"href":"https:\/\/infoecos.com.ar\/index.php\/wp-json\/wp\/v2\/posts\/73461","targetHints":{"allow":["GET"]}}],"collection":[{"href":"https:\/\/infoecos.com.ar\/index.php\/wp-json\/wp\/v2\/posts"}],"about":[{"href":"https:\/\/infoecos.com.ar\/index.php\/wp-json\/wp\/v2\/types\/post"}],"author":[{"embeddable":true,"href":"https:\/\/infoecos.com.ar\/index.php\/wp-json\/wp\/v2\/users\/2"}],"replies":[{"embeddable":true,"href":"https:\/\/infoecos.com.ar\/index.php\/wp-json\/wp\/v2\/comments?post=73461"}],"version-history":[{"count":1,"href":"https:\/\/infoecos.com.ar\/index.php\/wp-json\/wp\/v2\/posts\/73461\/revisions"}],"predecessor-version":[{"id":73463,"href":"https:\/\/infoecos.com.ar\/index.php\/wp-json\/wp\/v2\/posts\/73461\/revisions\/73463"}],"wp:featuredmedia":[{"embeddable":true,"href":"https:\/\/infoecos.com.ar\/index.php\/wp-json\/wp\/v2\/media\/73462"}],"wp:attachment":[{"href":"https:\/\/infoecos.com.ar\/index.php\/wp-json\/wp\/v2\/media?parent=73461"}],"wp:term":[{"taxonomy":"category","embeddable":true,"href":"https:\/\/infoecos.com.ar\/index.php\/wp-json\/wp\/v2\/categories?post=73461"},{"taxonomy":"post_tag","embeddable":true,"href":"https:\/\/infoecos.com.ar\/index.php\/wp-json\/wp\/v2\/tags?post=73461"}],"curies":[{"name":"wp","href":"https:\/\/api.w.org\/{rel}","templated":true}]}}