{"id":73491,"date":"2021-01-28T13:06:24","date_gmt":"2021-01-28T16:06:24","guid":{"rendered":"http:\/\/infoecos.com.ar\/?p=73491"},"modified":"2021-02-01T02:31:35","modified_gmt":"2021-02-01T05:31:35","slug":"el-intendente-de-carlos-casares-y-terrenos-para-construir-viviendas-sociales","status":"publish","type":"post","link":"https:\/\/infoecos.com.ar\/index.php\/el-intendente-de-carlos-casares-y-terrenos-para-construir-viviendas-sociales\/","title":{"rendered":"El intendente de Carlos Casares y terrenos para construir viviendas sociales"},"content":{"rendered":"\n<p>El intendente municipal de Carlos Casares se reuni\u00f3 con Alexis Guerrera, presidente de Trenes Argentinos Infraestructura.<\/p>\n\n\n\n<div class=\"wp-block-image\"><figure class=\"aligncenter size-medium\"><img loading=\"lazy\" decoding=\"async\" width=\"460\" height=\"307\" src=\"http:\/\/infoecos.com.ar\/wp-content\/uploads\/2021\/01\/El-Intendente-Walter-Torchio-mantuvo-una-fructifera-reunion-con-el-Presidente-de-Trenes-Argentinos-Infraestructra-Alexis-Guerrera.-460x307.jpeg\" alt=\"\" class=\"wp-image-73492\" srcset=\"https:\/\/infoecos.com.ar\/wp-content\/uploads\/2021\/01\/El-Intendente-Walter-Torchio-mantuvo-una-fructifera-reunion-con-el-Presidente-de-Trenes-Argentinos-Infraestructra-Alexis-Guerrera.-460x307.jpeg 460w, https:\/\/infoecos.com.ar\/wp-content\/uploads\/2021\/01\/El-Intendente-Walter-Torchio-mantuvo-una-fructifera-reunion-con-el-Presidente-de-Trenes-Argentinos-Infraestructra-Alexis-Guerrera.-920x613.jpeg 920w, https:\/\/infoecos.com.ar\/wp-content\/uploads\/2021\/01\/El-Intendente-Walter-Torchio-mantuvo-una-fructifera-reunion-con-el-Presidente-de-Trenes-Argentinos-Infraestructra-Alexis-Guerrera.-768x512.jpeg 768w, https:\/\/infoecos.com.ar\/wp-content\/uploads\/2021\/01\/El-Intendente-Walter-Torchio-mantuvo-una-fructifera-reunion-con-el-Presidente-de-Trenes-Argentinos-Infraestructra-Alexis-Guerrera.-1024x682.jpeg 1024w, https:\/\/infoecos.com.ar\/wp-content\/uploads\/2021\/01\/El-Intendente-Walter-Torchio-mantuvo-una-fructifera-reunion-con-el-Presidente-de-Trenes-Argentinos-Infraestructra-Alexis-Guerrera.-675x450.jpeg 675w, https:\/\/infoecos.com.ar\/wp-content\/uploads\/2021\/01\/El-Intendente-Walter-Torchio-mantuvo-una-fructifera-reunion-con-el-Presidente-de-Trenes-Argentinos-Infraestructra-Alexis-Guerrera..jpeg 1280w\" sizes=\"(max-width: 460px) 100vw, 460px\" \/><figcaption>Torchio con Guerrera<\/figcaption><\/figure><\/div>\n\n\n\n<p>Trataron la regularizaci\u00f3n dominial de propiedades que est\u00e1n en distintas localidades del distrito y la b\u00fasqueda de predios para construir viviendas sociales. Torchio indic\u00f3 al t\u00e9rmino del encuentro que encontr\u00f3 una satisfactoria respuesta. <\/p>\n\n\n\n<p>\u201cCon Alexis hablamos el mismo idioma porque hasta hace poco fue Intendente de General Pinto, y por eso la reuni\u00f3n ha sido muy importante\u201d, expuso el Jefe Comunal.<\/p>\n\n\n\n<p>\u201cHay una serie de predios donde en su momento, b\u00e1sicamente en las localidades rurales, funcionaba el tren y, hoy no tienen un fin espec\u00edfico; y que el municipio ya est\u00e1 disponiendo en los cuales queremos poder llevar acciones m\u00e1s importantes todav\u00eda\u201d, se\u00f1al\u00f3 Torchio. Explic\u00f3 que \u201calgunos terrenos ya han sido cedidos a la municipalidad, pero no se ha efectivizado la escritura y, por eso, queremos regularizar la situaci\u00f3n dominial\u201d. <\/p>\n\n\n\n<p><\/p>\n","protected":false},"excerpt":{"rendered":"<p>Trataron la regularizaci\u00f3n dominial de propiedades donde en su momento, b\u00e1sicamente en las localidades rurales, funcionaba el tren<\/p>\n","protected":false},"author":2,"featured_media":73492,"comment_status":"closed","ping_status":"open","sticky":false,"template":"","format":"standard","meta":{"footnotes":""},"categories":[201],"tags":[2746],"class_list":["post-73491","post","type-post","status-publish","format-standard","has-post-thumbnail","hentry","category-inferior9","tag-reunion-con-alexis-guerrera"],"yoast_head":"<!-- This site is optimized with the Yoast SEO plugin v23.4 - https:\/\/yoast.com\/wordpress\/plugins\/seo\/ -->\n<title>El intendente de Carlos Casares y terrenos para construir viviendas sociales - Infoecos<\/title>\n<meta name=\"robots\" content=\"index, follow, max-snippet:-1, max-image-preview:large, max-video-preview:-1\" \/>\n<link rel=\"canonical\" href=\"https:\/\/infoecos.com.ar\/index.php\/el-intendente-de-carlos-casares-y-terrenos-para-construir-viviendas-sociales\/\" \/>\n<meta property=\"og:locale\" content=\"es_ES\" \/>\n<meta property=\"og:type\" content=\"article\" \/>\n<meta property=\"og:title\" content=\"El intendente de Carlos Casares y terrenos para construir viviendas sociales - Infoecos\" \/>\n<meta property=\"og:description\" content=\"Trataron la regularizaci\u00f3n dominial de propiedades donde en su momento, b\u00e1sicamente en las localidades rurales, funcionaba el tren\" \/>\n<meta property=\"og:url\" content=\"https:\/\/infoecos.com.ar\/index.php\/el-intendente-de-carlos-casares-y-terrenos-para-construir-viviendas-sociales\/\" \/>\n<meta property=\"og:site_name\" content=\"Infoecos\" \/>\n<meta property=\"article:publisher\" content=\"https:\/\/www.facebook.com\/profile.php?id=100063200290284\" \/>\n<meta property=\"article:published_time\" content=\"2021-01-28T16:06:24+00:00\" \/>\n<meta property=\"article:modified_time\" content=\"2021-02-01T05:31:35+00:00\" \/>\n<meta property=\"og:image\" content=\"https:\/\/infoecos.com.ar\/wp-content\/uploads\/2021\/01\/El-Intendente-Walter-Torchio-mantuvo-una-fructifera-reunion-con-el-Presidente-de-Trenes-Argentinos-Infraestructra-Alexis-Guerrera..jpeg\" \/>\n\t<meta property=\"og:image:width\" content=\"1280\" \/>\n\t<meta property=\"og:image:height\" content=\"853\" \/>\n\t<meta property=\"og:image:type\" content=\"image\/jpeg\" \/>\n<meta name=\"author\" content=\"Jorge Matheus\" \/>\n<meta name=\"twitter:card\" content=\"summary_large_image\" \/>\n<meta name=\"twitter:creator\" content=\"@infoecos\" \/>\n<meta name=\"twitter:site\" content=\"@infoecos\" \/>\n<meta name=\"twitter:label1\" content=\"Escrito por\" \/>\n\t<meta name=\"twitter:data1\" content=\"Jorge Matheus\" \/>\n\t<meta name=\"twitter:label2\" content=\"Tiempo de lectura\" \/>\n\t<meta name=\"twitter:data2\" content=\"1 minuto\" \/>\n<script type=\"application\/ld+json\" class=\"yoast-schema-graph\">{\"@context\":\"https:\/\/schema.org\",\"@graph\":[{\"@type\":\"Article\",\"@id\":\"https:\/\/infoecos.com.ar\/index.php\/el-intendente-de-carlos-casares-y-terrenos-para-construir-viviendas-sociales\/#article\",\"isPartOf\":{\"@id\":\"https:\/\/infoecos.com.ar\/index.php\/el-intendente-de-carlos-casares-y-terrenos-para-construir-viviendas-sociales\/\"},\"author\":{\"name\":\"Jorge Matheus\",\"@id\":\"https:\/\/infoecos.com.ar\/#\/schema\/person\/8f5ace5ce73b4b4aac4b7245aee6f191\"},\"headline\":\"El intendente de Carlos Casares y terrenos para construir viviendas sociales\",\"datePublished\":\"2021-01-28T16:06:24+00:00\",\"dateModified\":\"2021-02-01T05:31:35+00:00\",\"mainEntityOfPage\":{\"@id\":\"https:\/\/infoecos.com.ar\/index.php\/el-intendente-de-carlos-casares-y-terrenos-para-construir-viviendas-sociales\/\"},\"wordCount\":171,\"publisher\":{\"@id\":\"https:\/\/infoecos.com.ar\/#organization\"},\"image\":{\"@id\":\"https:\/\/infoecos.com.ar\/index.php\/el-intendente-de-carlos-casares-y-terrenos-para-construir-viviendas-sociales\/#primaryimage\"},\"thumbnailUrl\":\"https:\/\/infoecos.com.ar\/wp-content\/uploads\/2021\/01\/El-Intendente-Walter-Torchio-mantuvo-una-fructifera-reunion-con-el-Presidente-de-Trenes-Argentinos-Infraestructra-Alexis-Guerrera..jpeg\",\"keywords\":[\"REUNI\u00d3N CON ALEXIS GUERRERA\"],\"articleSection\":[\"Bloque inferior - 9\"],\"inLanguage\":\"es\"},{\"@type\":\"WebPage\",\"@id\":\"https:\/\/infoecos.com.ar\/index.php\/el-intendente-de-carlos-casares-y-terrenos-para-construir-viviendas-sociales\/\",\"url\":\"https:\/\/infoecos.com.ar\/index.php\/el-intendente-de-carlos-casares-y-terrenos-para-construir-viviendas-sociales\/\",\"name\":\"El intendente de Carlos Casares y terrenos para construir viviendas sociales - Infoecos\",\"isPartOf\":{\"@id\":\"https:\/\/infoecos.com.ar\/#website\"},\"primaryImageOfPage\":{\"@id\":\"https:\/\/infoecos.com.ar\/index.php\/el-intendente-de-carlos-casares-y-terrenos-para-construir-viviendas-sociales\/#primaryimage\"},\"image\":{\"@id\":\"https:\/\/infoecos.com.ar\/index.php\/el-intendente-de-carlos-casares-y-terrenos-para-construir-viviendas-sociales\/#primaryimage\"},\"thumbnailUrl\":\"https:\/\/infoecos.com.ar\/wp-content\/uploads\/2021\/01\/El-Intendente-Walter-Torchio-mantuvo-una-fructifera-reunion-con-el-Presidente-de-Trenes-Argentinos-Infraestructra-Alexis-Guerrera..jpeg\",\"datePublished\":\"2021-01-28T16:06:24+00:00\",\"dateModified\":\"2021-02-01T05:31:35+00:00\",\"breadcrumb\":{\"@id\":\"https:\/\/infoecos.com.ar\/index.php\/el-intendente-de-carlos-casares-y-terrenos-para-construir-viviendas-sociales\/#breadcrumb\"},\"inLanguage\":\"es\",\"potentialAction\":[{\"@type\":\"ReadAction\",\"target\":[\"https:\/\/infoecos.com.ar\/index.php\/el-intendente-de-carlos-casares-y-terrenos-para-construir-viviendas-sociales\/\"]}]},{\"@type\":\"ImageObject\",\"inLanguage\":\"es\",\"@id\":\"https:\/\/infoecos.com.ar\/index.php\/el-intendente-de-carlos-casares-y-terrenos-para-construir-viviendas-sociales\/#primaryimage\",\"url\":\"https:\/\/infoecos.com.ar\/wp-content\/uploads\/2021\/01\/El-Intendente-Walter-Torchio-mantuvo-una-fructifera-reunion-con-el-Presidente-de-Trenes-Argentinos-Infraestructra-Alexis-Guerrera..jpeg\",\"contentUrl\":\"https:\/\/infoecos.com.ar\/wp-content\/uploads\/2021\/01\/El-Intendente-Walter-Torchio-mantuvo-una-fructifera-reunion-con-el-Presidente-de-Trenes-Argentinos-Infraestructra-Alexis-Guerrera..jpeg\",\"width\":1280,\"height\":853},{\"@type\":\"BreadcrumbList\",\"@id\":\"https:\/\/infoecos.com.ar\/index.php\/el-intendente-de-carlos-casares-y-terrenos-para-construir-viviendas-sociales\/#breadcrumb\",\"itemListElement\":[{\"@type\":\"ListItem\",\"position\":1,\"name\":\"Portada\",\"item\":\"https:\/\/infoecos.com.ar\/\"},{\"@type\":\"ListItem\",\"position\":2,\"name\":\"El intendente de Carlos Casares y terrenos para construir viviendas sociales\"}]},{\"@type\":\"WebSite\",\"@id\":\"https:\/\/infoecos.com.ar\/#website\",\"url\":\"https:\/\/infoecos.com.ar\/\",\"name\":\"Infoecos\",\"description\":\"Noticias de trenque lauquen y la zona\",\"publisher\":{\"@id\":\"https:\/\/infoecos.com.ar\/#organization\"},\"alternateName\":\"Noticias\",\"potentialAction\":[{\"@type\":\"SearchAction\",\"target\":{\"@type\":\"EntryPoint\",\"urlTemplate\":\"https:\/\/infoecos.com.ar\/?s={search_term_string}\"},\"query-input\":{\"@type\":\"PropertyValueSpecification\",\"valueRequired\":true,\"valueName\":\"search_term_string\"}}],\"inLanguage\":\"es\"},{\"@type\":\"Organization\",\"@id\":\"https:\/\/infoecos.com.ar\/#organization\",\"name\":\"Infoecos\",\"alternateName\":\"Noticias\",\"url\":\"https:\/\/infoecos.com.ar\/\",\"logo\":{\"@type\":\"ImageObject\",\"inLanguage\":\"es\",\"@id\":\"https:\/\/infoecos.com.ar\/#\/schema\/logo\/image\/\",\"url\":\"https:\/\/infoecos.com.ar\/wp-content\/uploads\/2024\/03\/cropped-logo.png\",\"contentUrl\":\"https:\/\/infoecos.com.ar\/wp-content\/uploads\/2024\/03\/cropped-logo.png\",\"width\":374,\"height\":90,\"caption\":\"Infoecos\"},\"image\":{\"@id\":\"https:\/\/infoecos.com.ar\/#\/schema\/logo\/image\/\"},\"sameAs\":[\"https:\/\/www.facebook.com\/profile.php?id=100063200290284\",\"https:\/\/x.com\/infoecos\"]},{\"@type\":\"Person\",\"@id\":\"https:\/\/infoecos.com.ar\/#\/schema\/person\/8f5ace5ce73b4b4aac4b7245aee6f191\",\"name\":\"Jorge Matheus\",\"url\":\"https:\/\/infoecos.com.ar\/index.php\/author\/jomatheus\/\"}]}<\/script>\n<!-- \/ Yoast SEO plugin. -->","yoast_head_json":{"title":"El intendente de Carlos Casares y terrenos para construir viviendas sociales - Infoecos","robots":{"index":"index","follow":"follow","max-snippet":"max-snippet:-1","max-image-preview":"max-image-preview:large","max-video-preview":"max-video-preview:-1"},"canonical":"https:\/\/infoecos.com.ar\/index.php\/el-intendente-de-carlos-casares-y-terrenos-para-construir-viviendas-sociales\/","og_locale":"es_ES","og_type":"article","og_title":"El intendente de Carlos Casares y terrenos para construir viviendas sociales - Infoecos","og_description":"Trataron la regularizaci\u00f3n dominial de propiedades donde en su momento, b\u00e1sicamente en las localidades rurales, funcionaba el tren","og_url":"https:\/\/infoecos.com.ar\/index.php\/el-intendente-de-carlos-casares-y-terrenos-para-construir-viviendas-sociales\/","og_site_name":"Infoecos","article_publisher":"https:\/\/www.facebook.com\/profile.php?id=100063200290284","article_published_time":"2021-01-28T16:06:24+00:00","article_modified_time":"2021-02-01T05:31:35+00:00","og_image":[{"width":1280,"height":853,"url":"https:\/\/infoecos.com.ar\/wp-content\/uploads\/2021\/01\/El-Intendente-Walter-Torchio-mantuvo-una-fructifera-reunion-con-el-Presidente-de-Trenes-Argentinos-Infraestructra-Alexis-Guerrera..jpeg","type":"image\/jpeg"}],"author":"Jorge Matheus","twitter_card":"summary_large_image","twitter_creator":"@infoecos","twitter_site":"@infoecos","twitter_misc":{"Escrito por":"Jorge Matheus","Tiempo de lectura":"1 minuto"},"schema":{"@context":"https:\/\/schema.org","@graph":[{"@type":"Article","@id":"https:\/\/infoecos.com.ar\/index.php\/el-intendente-de-carlos-casares-y-terrenos-para-construir-viviendas-sociales\/#article","isPartOf":{"@id":"https:\/\/infoecos.com.ar\/index.php\/el-intendente-de-carlos-casares-y-terrenos-para-construir-viviendas-sociales\/"},"author":{"name":"Jorge Matheus","@id":"https:\/\/infoecos.com.ar\/#\/schema\/person\/8f5ace5ce73b4b4aac4b7245aee6f191"},"headline":"El intendente de Carlos Casares y terrenos para construir viviendas sociales","datePublished":"2021-01-28T16:06:24+00:00","dateModified":"2021-02-01T05:31:35+00:00","mainEntityOfPage":{"@id":"https:\/\/infoecos.com.ar\/index.php\/el-intendente-de-carlos-casares-y-terrenos-para-construir-viviendas-sociales\/"},"wordCount":171,"publisher":{"@id":"https:\/\/infoecos.com.ar\/#organization"},"image":{"@id":"https:\/\/infoecos.com.ar\/index.php\/el-intendente-de-carlos-casares-y-terrenos-para-construir-viviendas-sociales\/#primaryimage"},"thumbnailUrl":"https:\/\/infoecos.com.ar\/wp-content\/uploads\/2021\/01\/El-Intendente-Walter-Torchio-mantuvo-una-fructifera-reunion-con-el-Presidente-de-Trenes-Argentinos-Infraestructra-Alexis-Guerrera..jpeg","keywords":["REUNI\u00d3N CON ALEXIS GUERRERA"],"articleSection":["Bloque inferior - 9"],"inLanguage":"es"},{"@type":"WebPage","@id":"https:\/\/infoecos.com.ar\/index.php\/el-intendente-de-carlos-casares-y-terrenos-para-construir-viviendas-sociales\/","url":"https:\/\/infoecos.com.ar\/index.php\/el-intendente-de-carlos-casares-y-terrenos-para-construir-viviendas-sociales\/","name":"El intendente de Carlos Casares y terrenos para construir viviendas sociales - Infoecos","isPartOf":{"@id":"https:\/\/infoecos.com.ar\/#website"},"primaryImageOfPage":{"@id":"https:\/\/infoecos.com.ar\/index.php\/el-intendente-de-carlos-casares-y-terrenos-para-construir-viviendas-sociales\/#primaryimage"},"image":{"@id":"https:\/\/infoecos.com.ar\/index.php\/el-intendente-de-carlos-casares-y-terrenos-para-construir-viviendas-sociales\/#primaryimage"},"thumbnailUrl":"https:\/\/infoecos.com.ar\/wp-content\/uploads\/2021\/01\/El-Intendente-Walter-Torchio-mantuvo-una-fructifera-reunion-con-el-Presidente-de-Trenes-Argentinos-Infraestructra-Alexis-Guerrera..jpeg","datePublished":"2021-01-28T16:06:24+00:00","dateModified":"2021-02-01T05:31:35+00:00","breadcrumb":{"@id":"https:\/\/infoecos.com.ar\/index.php\/el-intendente-de-carlos-casares-y-terrenos-para-construir-viviendas-sociales\/#breadcrumb"},"inLanguage":"es","potentialAction":[{"@type":"ReadAction","target":["https:\/\/infoecos.com.ar\/index.php\/el-intendente-de-carlos-casares-y-terrenos-para-construir-viviendas-sociales\/"]}]},{"@type":"ImageObject","inLanguage":"es","@id":"https:\/\/infoecos.com.ar\/index.php\/el-intendente-de-carlos-casares-y-terrenos-para-construir-viviendas-sociales\/#primaryimage","url":"https:\/\/infoecos.com.ar\/wp-content\/uploads\/2021\/01\/El-Intendente-Walter-Torchio-mantuvo-una-fructifera-reunion-con-el-Presidente-de-Trenes-Argentinos-Infraestructra-Alexis-Guerrera..jpeg","contentUrl":"https:\/\/infoecos.com.ar\/wp-content\/uploads\/2021\/01\/El-Intendente-Walter-Torchio-mantuvo-una-fructifera-reunion-con-el-Presidente-de-Trenes-Argentinos-Infraestructra-Alexis-Guerrera..jpeg","width":1280,"height":853},{"@type":"BreadcrumbList","@id":"https:\/\/infoecos.com.ar\/index.php\/el-intendente-de-carlos-casares-y-terrenos-para-construir-viviendas-sociales\/#breadcrumb","itemListElement":[{"@type":"ListItem","position":1,"name":"Portada","item":"https:\/\/infoecos.com.ar\/"},{"@type":"ListItem","position":2,"name":"El intendente de Carlos Casares y terrenos para construir viviendas sociales"}]},{"@type":"WebSite","@id":"https:\/\/infoecos.com.ar\/#website","url":"https:\/\/infoecos.com.ar\/","name":"Infoecos","description":"Noticias de trenque lauquen y la zona","publisher":{"@id":"https:\/\/infoecos.com.ar\/#organization"},"alternateName":"Noticias","potentialAction":[{"@type":"SearchAction","target":{"@type":"EntryPoint","urlTemplate":"https:\/\/infoecos.com.ar\/?s={search_term_string}"},"query-input":{"@type":"PropertyValueSpecification","valueRequired":true,"valueName":"search_term_string"}}],"inLanguage":"es"},{"@type":"Organization","@id":"https:\/\/infoecos.com.ar\/#organization","name":"Infoecos","alternateName":"Noticias","url":"https:\/\/infoecos.com.ar\/","logo":{"@type":"ImageObject","inLanguage":"es","@id":"https:\/\/infoecos.com.ar\/#\/schema\/logo\/image\/","url":"https:\/\/infoecos.com.ar\/wp-content\/uploads\/2024\/03\/cropped-logo.png","contentUrl":"https:\/\/infoecos.com.ar\/wp-content\/uploads\/2024\/03\/cropped-logo.png","width":374,"height":90,"caption":"Infoecos"},"image":{"@id":"https:\/\/infoecos.com.ar\/#\/schema\/logo\/image\/"},"sameAs":["https:\/\/www.facebook.com\/profile.php?id=100063200290284","https:\/\/x.com\/infoecos"]},{"@type":"Person","@id":"https:\/\/infoecos.com.ar\/#\/schema\/person\/8f5ace5ce73b4b4aac4b7245aee6f191","name":"Jorge Matheus","url":"https:\/\/infoecos.com.ar\/index.php\/author\/jomatheus\/"}]}},"featured_image_urls":{"full":["https:\/\/infoecos.com.ar\/wp-content\/uploads\/2021\/01\/El-Intendente-Walter-Torchio-mantuvo-una-fructifera-reunion-con-el-Presidente-de-Trenes-Argentinos-Infraestructra-Alexis-Guerrera..jpeg",1280,853,false],"thumbnail":["https:\/\/infoecos.com.ar\/wp-content\/uploads\/2021\/01\/El-Intendente-Walter-Torchio-mantuvo-una-fructifera-reunion-con-el-Presidente-de-Trenes-Argentinos-Infraestructra-Alexis-Guerrera.-150x150.jpeg",150,150,true],"medium":["https:\/\/infoecos.com.ar\/wp-content\/uploads\/2021\/01\/El-Intendente-Walter-Torchio-mantuvo-una-fructifera-reunion-con-el-Presidente-de-Trenes-Argentinos-Infraestructra-Alexis-Guerrera.-460x307.jpeg",460,307,true],"medium_large":["https:\/\/infoecos.com.ar\/wp-content\/uploads\/2021\/01\/El-Intendente-Walter-Torchio-mantuvo-una-fructifera-reunion-con-el-Presidente-de-Trenes-Argentinos-Infraestructra-Alexis-Guerrera.-768x512.jpeg",640,427,true],"large":["https:\/\/infoecos.com.ar\/wp-content\/uploads\/2021\/01\/El-Intendente-Walter-Torchio-mantuvo-una-fructifera-reunion-con-el-Presidente-de-Trenes-Argentinos-Infraestructra-Alexis-Guerrera.-920x613.jpeg",640,426,true],"1536x1536":["https:\/\/infoecos.com.ar\/wp-content\/uploads\/2021\/01\/El-Intendente-Walter-Torchio-mantuvo-una-fructifera-reunion-con-el-Presidente-de-Trenes-Argentinos-Infraestructra-Alexis-Guerrera..jpeg",1280,853,false],"2048x2048":["https:\/\/infoecos.com.ar\/wp-content\/uploads\/2021\/01\/El-Intendente-Walter-Torchio-mantuvo-una-fructifera-reunion-con-el-Presidente-de-Trenes-Argentinos-Infraestructra-Alexis-Guerrera..jpeg",1280,853,false],"covernews-slider-full":["https:\/\/infoecos.com.ar\/wp-content\/uploads\/2021\/01\/El-Intendente-Walter-Torchio-mantuvo-una-fructifera-reunion-con-el-Presidente-de-Trenes-Argentinos-Infraestructra-Alexis-Guerrera..jpeg",1073,715,false],"covernews-slider-center":["https:\/\/infoecos.com.ar\/wp-content\/uploads\/2021\/01\/El-Intendente-Walter-Torchio-mantuvo-una-fructifera-reunion-con-el-Presidente-de-Trenes-Argentinos-Infraestructra-Alexis-Guerrera.-936x853.jpeg",549,500,true],"covernews-featured":["https:\/\/infoecos.com.ar\/wp-content\/uploads\/2021\/01\/El-Intendente-Walter-Torchio-mantuvo-una-fructifera-reunion-con-el-Presidente-de-Trenes-Argentinos-Infraestructra-Alexis-Guerrera.-1024x682.jpeg",1024,682,true],"covernews-medium":["https:\/\/infoecos.com.ar\/wp-content\/uploads\/2021\/01\/El-Intendente-Walter-Torchio-mantuvo-una-fructifera-reunion-con-el-Presidente-de-Trenes-Argentinos-Infraestructra-Alexis-Guerrera.-720x380.jpeg",540,285,true],"covernews-medium-square":["https:\/\/infoecos.com.ar\/wp-content\/uploads\/2021\/01\/El-Intendente-Walter-Torchio-mantuvo-una-fructifera-reunion-con-el-Presidente-de-Trenes-Argentinos-Infraestructra-Alexis-Guerrera.-675x450.jpeg",375,250,true]},"author_info":{"info":["Jorge Matheus"]},"category_info":"<a href=\"https:\/\/infoecos.com.ar\/index.php\/category\/inferior9\/\" rel=\"category tag\">Bloque inferior - 9<\/a>","tag_info":"Bloque inferior - 9","comment_count":"0","_links":{"self":[{"href":"https:\/\/infoecos.com.ar\/index.php\/wp-json\/wp\/v2\/posts\/73491"}],"collection":[{"href":"https:\/\/infoecos.com.ar\/index.php\/wp-json\/wp\/v2\/posts"}],"about":[{"href":"https:\/\/infoecos.com.ar\/index.php\/wp-json\/wp\/v2\/types\/post"}],"author":[{"embeddable":true,"href":"https:\/\/infoecos.com.ar\/index.php\/wp-json\/wp\/v2\/users\/2"}],"replies":[{"embeddable":true,"href":"https:\/\/infoecos.com.ar\/index.php\/wp-json\/wp\/v2\/comments?post=73491"}],"version-history":[{"count":1,"href":"https:\/\/infoecos.com.ar\/index.php\/wp-json\/wp\/v2\/posts\/73491\/revisions"}],"predecessor-version":[{"id":73493,"href":"https:\/\/infoecos.com.ar\/index.php\/wp-json\/wp\/v2\/posts\/73491\/revisions\/73493"}],"wp:featuredmedia":[{"embeddable":true,"href":"https:\/\/infoecos.com.ar\/index.php\/wp-json\/wp\/v2\/media\/73492"}],"wp:attachment":[{"href":"https:\/\/infoecos.com.ar\/index.php\/wp-json\/wp\/v2\/media?parent=73491"}],"wp:term":[{"taxonomy":"category","embeddable":true,"href":"https:\/\/infoecos.com.ar\/index.php\/wp-json\/wp\/v2\/categories?post=73491"},{"taxonomy":"post_tag","embeddable":true,"href":"https:\/\/infoecos.com.ar\/index.php\/wp-json\/wp\/v2\/tags?post=73491"}],"curies":[{"name":"wp","href":"https:\/\/api.w.org\/{rel}","templated":true}]}}