{"id":73521,"date":"2021-01-28T15:42:06","date_gmt":"2021-01-28T18:42:06","guid":{"rendered":"http:\/\/infoecos.com.ar\/?p=73521"},"modified":"2021-02-01T02:28:16","modified_gmt":"2021-02-01T05:28:16","slug":"pellegrinenses-con-emilio-monzo-entre-ellos-algunos-funcionarios-municipales","status":"publish","type":"post","link":"https:\/\/infoecos.com.ar\/index.php\/pellegrinenses-con-emilio-monzo-entre-ellos-algunos-funcionarios-municipales\/","title":{"rendered":"Pellegrinenses con Emilio Monz\u00f3, entre ellos algunos funcionarios municipales"},"content":{"rendered":"\n<p class=\"wp-block-paragraph\">A trav\u00e9s de una nota publicada en la red Instagram se supo que dirigentes del distrito de Pellegrini se reunieron con Emilio Monz\u00f3. Lo hicieron en el transcurso de lo que va de esta semana, luego de suspenderse la visita que ten\u00eda programado realizar a Trenque Lauquen y que tambi\u00e9n inclu\u00eda a esa comunidad de la regi\u00f3n oeste.<\/p>\n\n\n\n<div class=\"wp-block-image\"><figure class=\"aligncenter size-medium\"><img loading=\"lazy\" decoding=\"async\" width=\"460\" height=\"239\" src=\"http:\/\/infoecos.com.ar\/wp-content\/uploads\/2021\/01\/lamenza-460x239.jpg\" alt=\"\" class=\"wp-image-73522\" srcset=\"https:\/\/infoecos.com.ar\/wp-content\/uploads\/2021\/01\/lamenza-460x239.jpg 460w, https:\/\/infoecos.com.ar\/wp-content\/uploads\/2021\/01\/lamenza.jpg 500w\" sizes=\"auto, (max-width: 460px) 100vw, 460px\" \/><\/figure><\/div>\n\n\n\n<p class=\"wp-block-paragraph\">El abogado Gast\u00f3n Lamenza comenta que fue un buen encuentro con el ex presidente de la C\u00e1mara de Diputados de la Naci\u00f3n, donde se convers\u00f3 <strong>sobre la situaci\u00f3n general, sobre todo en el \u00e1mbito provincial<\/strong>.<\/p>\n\n\n\n<p class=\"wp-block-paragraph\">Lamenza tambi\u00e9n expone que se convers\u00f3 sobre la gesti\u00f3n municipal que lleva adelante Guillermo Pacheco, que &#8211; cabe consignar &#8211; reconoce el encuentro en la cuenta del profesional. El intendente de Pellegrini mantiene una relaci\u00f3n de amistad personal y pol\u00edtica con Monz\u00f3 desde hace muchos a\u00f1os. En la fotograf\u00eda hay funcionarios de su equipo.<\/p>\n\n\n\n<p class=\"wp-block-paragraph\">Finalmente hace saber que Monz\u00f3 suspendi\u00f3 la recorrida que ten\u00eda previsto realizar a ra\u00edz de la pandemia.  <\/p>\n","protected":false},"excerpt":{"rendered":"<p>El abogado Gast\u00f3n Lamenza comenta que fue un buen encuentro con el ex presidente de la C\u00e1mara de Diputados de la Naci\u00f3n, donde se convers\u00f3 sobre la situaci\u00f3n general, sobre todo en el \u00e1mbito provincial<\/p>\n","protected":false},"author":2,"featured_media":73522,"comment_status":"closed","ping_status":"open","sticky":false,"template":"","format":"standard","meta":{"footnotes":""},"categories":[44],"tags":[2753],"class_list":["post-73521","post","type-post","status-publish","format-standard","has-post-thumbnail","hentry","category-inferior5","tag-pacheco-avalo-el-encuentro"],"featured_image_urls":{"full":["https:\/\/infoecos.com.ar\/wp-content\/uploads\/2021\/01\/lamenza.jpg",500,260,false],"thumbnail":["https:\/\/infoecos.com.ar\/wp-content\/uploads\/2021\/01\/lamenza-150x150.jpg",150,150,true],"medium":["https:\/\/infoecos.com.ar\/wp-content\/uploads\/2021\/01\/lamenza-460x239.jpg",460,239,true],"medium_large":["https:\/\/infoecos.com.ar\/wp-content\/uploads\/2021\/01\/lamenza.jpg",500,260,false],"large":["https:\/\/infoecos.com.ar\/wp-content\/uploads\/2021\/01\/lamenza.jpg",500,260,false],"1536x1536":["https:\/\/infoecos.com.ar\/wp-content\/uploads\/2021\/01\/lamenza.jpg",500,260,false],"2048x2048":["https:\/\/infoecos.com.ar\/wp-content\/uploads\/2021\/01\/lamenza.jpg",500,260,false],"covernews-slider-full":["https:\/\/infoecos.com.ar\/wp-content\/uploads\/2021\/01\/lamenza.jpg",500,260,false],"covernews-slider-center":["https:\/\/infoecos.com.ar\/wp-content\/uploads\/2021\/01\/lamenza.jpg",500,260,false],"covernews-featured":["https:\/\/infoecos.com.ar\/wp-content\/uploads\/2021\/01\/lamenza.jpg",500,260,false],"covernews-medium":["https:\/\/infoecos.com.ar\/wp-content\/uploads\/2021\/01\/lamenza.jpg",500,260,false],"covernews-medium-square":["https:\/\/infoecos.com.ar\/wp-content\/uploads\/2021\/01\/lamenza.jpg",400,208,false]},"author_info":{"info":["Jorge Matheus"]},"category_info":"<a href=\"https:\/\/infoecos.com.ar\/index.php\/category\/inferior5\/\" rel=\"category tag\">Bloque inferior - 5<\/a>","tag_info":"Bloque inferior - 5","comment_count":"0","_links":{"self":[{"href":"https:\/\/infoecos.com.ar\/index.php\/wp-json\/wp\/v2\/posts\/73521","targetHints":{"allow":["GET"]}}],"collection":[{"href":"https:\/\/infoecos.com.ar\/index.php\/wp-json\/wp\/v2\/posts"}],"about":[{"href":"https:\/\/infoecos.com.ar\/index.php\/wp-json\/wp\/v2\/types\/post"}],"author":[{"embeddable":true,"href":"https:\/\/infoecos.com.ar\/index.php\/wp-json\/wp\/v2\/users\/2"}],"replies":[{"embeddable":true,"href":"https:\/\/infoecos.com.ar\/index.php\/wp-json\/wp\/v2\/comments?post=73521"}],"version-history":[{"count":1,"href":"https:\/\/infoecos.com.ar\/index.php\/wp-json\/wp\/v2\/posts\/73521\/revisions"}],"predecessor-version":[{"id":73523,"href":"https:\/\/infoecos.com.ar\/index.php\/wp-json\/wp\/v2\/posts\/73521\/revisions\/73523"}],"wp:featuredmedia":[{"embeddable":true,"href":"https:\/\/infoecos.com.ar\/index.php\/wp-json\/wp\/v2\/media\/73522"}],"wp:attachment":[{"href":"https:\/\/infoecos.com.ar\/index.php\/wp-json\/wp\/v2\/media?parent=73521"}],"wp:term":[{"taxonomy":"category","embeddable":true,"href":"https:\/\/infoecos.com.ar\/index.php\/wp-json\/wp\/v2\/categories?post=73521"},{"taxonomy":"post_tag","embeddable":true,"href":"https:\/\/infoecos.com.ar\/index.php\/wp-json\/wp\/v2\/tags?post=73521"}],"curies":[{"name":"wp","href":"https:\/\/api.w.org\/{rel}","templated":true}]}}