{"id":73556,"date":"2021-01-29T02:14:55","date_gmt":"2021-01-29T05:14:55","guid":{"rendered":"http:\/\/infoecos.com.ar\/?p=73556"},"modified":"2021-01-30T01:47:37","modified_gmt":"2021-01-30T04:47:37","slug":"el-gobierno-convoco-a-la-asociacion-judicial-bonaerense-para-continuar-la-negociacion-salarial","status":"publish","type":"post","link":"https:\/\/infoecos.com.ar\/index.php\/el-gobierno-convoco-a-la-asociacion-judicial-bonaerense-para-continuar-la-negociacion-salarial\/","title":{"rendered":"El gobierno convoc\u00f3 a la Asociaci\u00f3n Judicial Bonaerense para continuar la negociaci\u00f3n salarial"},"content":{"rendered":"\n<p class=\"wp-block-paragraph\">El gobierno de la Provincia convoc\u00f3 a la Asociaci\u00f3n Judicial Bonaerense (AJB) a dar continuidad a la negociaci\u00f3n salarial de 2020, cit\u00e1ndola para el pr\u00f3ximo lunes 1 de febrero en horas de la tarde.<\/p>\n\n\n\n<p class=\"wp-block-paragraph\">El pasado 29 de diciembre el gremio rechaz\u00f3 la oferta del Ejecutivo que llevaba el incremento salarial anual al 31%.&nbsp;<\/p>\n\n\n\n<p class=\"wp-block-paragraph\">Seg\u00fan la AJB, dicha propuesta \u00abimplicaba el cierre de la paritaria cinco puntos porcentuales por debajo de la inflaci\u00f3n del 2020 (36,1%, de acuerdo a lo publicado por el Indec)\u00bb.&nbsp;<\/p>\n\n\n\n<p class=\"wp-block-paragraph\">El sindicato viene reclamando desde hace tiempo la continuidad de la negociaci\u00f3n salarial y un incremento de sueldos que permita equiparar la inflaci\u00f3n del 2020, a la vez que mandataron a la Comisi\u00f3n Directiva Provincial para disponer medidas de fuerza los primeros d\u00edas de febrero de 2021 en el caso de que el gobierno provincial no realizara una nueva convocatoria.<\/p>\n\n\n\n<p class=\"wp-block-paragraph\">La AJB tambi\u00e9n reclama acordar un proceso de recuperaci\u00f3n del salario perdido durante los a\u00f1os 2018 y 2019, y la restituci\u00f3n del 3% de antig\u00fcedad por los a\u00f1os que se pagan por debajo de ese porcentaje.<\/p>\n\n\n\n<p class=\"wp-block-paragraph\"><strong>Fuente textual: latecla.info<\/strong><\/p>\n","protected":false},"excerpt":{"rendered":"<p>El pasado 29 de diciembre el gremio rechaz\u00f3 la oferta del Ejecutivo que llevaba el incremento salarial anual al 31%<\/p>\n","protected":false},"author":2,"featured_media":61516,"comment_status":"closed","ping_status":"open","sticky":false,"template":"","format":"standard","meta":{"footnotes":""},"categories":[41],"tags":[2759],"class_list":["post-73556","post","type-post","status-publish","format-standard","has-post-thumbnail","hentry","category-inferior2","tag-el-lunes-1-de-febrero"],"featured_image_urls":{"full":["https:\/\/infoecos.com.ar\/wp-content\/uploads\/ajb.png",224,225,false],"thumbnail":["https:\/\/infoecos.com.ar\/wp-content\/uploads\/ajb-150x150.png",150,150,true],"medium":["https:\/\/infoecos.com.ar\/wp-content\/uploads\/ajb.png",224,225,false],"medium_large":["https:\/\/infoecos.com.ar\/wp-content\/uploads\/ajb.png",224,225,false],"large":["https:\/\/infoecos.com.ar\/wp-content\/uploads\/ajb.png",224,225,false],"1536x1536":["https:\/\/infoecos.com.ar\/wp-content\/uploads\/ajb.png",224,225,false],"2048x2048":["https:\/\/infoecos.com.ar\/wp-content\/uploads\/ajb.png",224,225,false],"covernews-slider-full":["https:\/\/infoecos.com.ar\/wp-content\/uploads\/ajb.png",224,225,false],"covernews-slider-center":["https:\/\/infoecos.com.ar\/wp-content\/uploads\/ajb.png",224,225,false],"covernews-featured":["https:\/\/infoecos.com.ar\/wp-content\/uploads\/ajb.png",224,225,false],"covernews-medium":["https:\/\/infoecos.com.ar\/wp-content\/uploads\/ajb.png",224,225,false],"covernews-medium-square":["https:\/\/infoecos.com.ar\/wp-content\/uploads\/ajb.png",224,225,false]},"author_info":{"info":["Jorge Matheus"]},"category_info":"<a href=\"https:\/\/infoecos.com.ar\/index.php\/category\/inferior2\/\" rel=\"category tag\">Bloque inferior - 2<\/a>","tag_info":"Bloque inferior - 2","comment_count":"0","_links":{"self":[{"href":"https:\/\/infoecos.com.ar\/index.php\/wp-json\/wp\/v2\/posts\/73556","targetHints":{"allow":["GET"]}}],"collection":[{"href":"https:\/\/infoecos.com.ar\/index.php\/wp-json\/wp\/v2\/posts"}],"about":[{"href":"https:\/\/infoecos.com.ar\/index.php\/wp-json\/wp\/v2\/types\/post"}],"author":[{"embeddable":true,"href":"https:\/\/infoecos.com.ar\/index.php\/wp-json\/wp\/v2\/users\/2"}],"replies":[{"embeddable":true,"href":"https:\/\/infoecos.com.ar\/index.php\/wp-json\/wp\/v2\/comments?post=73556"}],"version-history":[{"count":2,"href":"https:\/\/infoecos.com.ar\/index.php\/wp-json\/wp\/v2\/posts\/73556\/revisions"}],"predecessor-version":[{"id":73620,"href":"https:\/\/infoecos.com.ar\/index.php\/wp-json\/wp\/v2\/posts\/73556\/revisions\/73620"}],"wp:featuredmedia":[{"embeddable":true,"href":"https:\/\/infoecos.com.ar\/index.php\/wp-json\/wp\/v2\/media\/61516"}],"wp:attachment":[{"href":"https:\/\/infoecos.com.ar\/index.php\/wp-json\/wp\/v2\/media?parent=73556"}],"wp:term":[{"taxonomy":"category","embeddable":true,"href":"https:\/\/infoecos.com.ar\/index.php\/wp-json\/wp\/v2\/categories?post=73556"},{"taxonomy":"post_tag","embeddable":true,"href":"https:\/\/infoecos.com.ar\/index.php\/wp-json\/wp\/v2\/tags?post=73556"}],"curies":[{"name":"wp","href":"https:\/\/api.w.org\/{rel}","templated":true}]}}