{"id":73580,"date":"2021-01-29T15:27:11","date_gmt":"2021-01-29T18:27:11","guid":{"rendered":"http:\/\/infoecos.com.ar\/?p=73580"},"modified":"2021-02-01T01:11:19","modified_gmt":"2021-02-01T04:11:19","slug":"el-municipio-de-trenque-lauquen-instalara-un-puesto-para-que-se-inscriban-quienes-quieran-vacunarse","status":"publish","type":"post","link":"https:\/\/infoecos.com.ar\/index.php\/el-municipio-de-trenque-lauquen-instalara-un-puesto-para-que-se-inscriban-quienes-quieran-vacunarse\/","title":{"rendered":"El municipio de Trenque Lauquen instala un puesto para que se inscriban quienes quieran vacunarse"},"content":{"rendered":"\n<p class=\"wp-block-paragraph\">El Municipio de Trenque Lauquen instala desde este lunes en el frente del Palacio Municipal, en <strong>Villegas 555<\/strong>, a un costado del ingreso principal, un puesto con personal municipal para asistir a todas las personas que quieran registrarse para ser vacunadas contra el Covid-19: <strong>Funcionar\u00e1 de lunes a viernes de 8 a 13<\/strong>.<\/p>\n\n\n\n<div class=\"wp-block-image\"><figure class=\"aligncenter size-medium\"><img loading=\"lazy\" decoding=\"async\" width=\"460\" height=\"307\" src=\"http:\/\/infoecos.com.ar\/wp-content\/uploads\/2021\/01\/Municipalidad-vacunacion-460x307.jpg\" alt=\"\" class=\"wp-image-73581\" srcset=\"https:\/\/infoecos.com.ar\/wp-content\/uploads\/2021\/01\/Municipalidad-vacunacion-460x307.jpg 460w, https:\/\/infoecos.com.ar\/wp-content\/uploads\/2021\/01\/Municipalidad-vacunacion-768x512.jpg 768w, https:\/\/infoecos.com.ar\/wp-content\/uploads\/2021\/01\/Municipalidad-vacunacion-675x450.jpg 675w, https:\/\/infoecos.com.ar\/wp-content\/uploads\/2021\/01\/Municipalidad-vacunacion.jpg 852w\" sizes=\"auto, (max-width: 460px) 100vw, 460px\" \/><\/figure><\/div>\n\n\n\n<p class=\"wp-block-paragraph\">De este modo, aquellas personas mayores de 18 a\u00f1os que no tengan PC, notebook o un celular con sistema operativo Android o iOS (iPhone) para ingresar al link Vacunate<strong> (https:\/\/vacunatepba.gba.gob.ar\/)<\/strong> igual \u2013siempre de manera gratuita y voluntaria- podr\u00e1n contar con ayuda para anotarse.<\/p>\n\n\n\n<p class=\"wp-block-paragraph\">Quienes se acerquen, obviamente deben hacerlo con el correspondiente barbijo cubri\u00e9ndose nariz y boca. Tambi\u00e9n se pide respetar el distanciamiento social, otra de las medidas preventivas b\u00e1sicas.<\/p>\n\n\n\n<p class=\"wp-block-paragraph\">Al registrarse en Vacunate el vecino o vecina puede obtener informaci\u00f3n peri\u00f3dica sobre el plan provincial p\u00fablico, gratuito y voluntario contra el Covid-19 y novedades respecto a los turnos para la vacunaci\u00f3n.<\/p>\n\n\n\n<p class=\"wp-block-paragraph\">\u201cRegistrarse no implica solicitar un turno ni una reserva para aplicarse la vacuna. Una vez que las dosis est\u00e9n disponibles y el cronograma de vacunaci\u00f3n est\u00e9 confirmado, recibir\u00e1 una notificaci\u00f3n.<\/p>\n\n\n\n<p class=\"wp-block-paragraph\">Los que se apliquen la vacuna recibir\u00e1n seguimiento y asistencia por parte del ministerio de Salud de la Provincia de Buenos Aires, a trav\u00e9s de la aplicaci\u00f3n y de las v\u00edas de comunicaci\u00f3n registrada\u201d, se indica en la p\u00e1gina web.<\/p>\n\n\n\n<p class=\"wp-block-paragraph\">En esta etapa es necesario tener entre 18 y 59 a\u00f1os y poder acreditar enfermedades preexistentes, ser mayor de 60 a\u00f1os o ser personal de salud, policial o docente y auxiliar.<\/p>\n\n\n\n<p class=\"wp-block-paragraph\">El listado de enfermedades preexistentes incluye: Enfermedad Pulmonar Cr\u00f3nica, Diabetes, Enfermedad Cardiovascular, Obesidad y Enfermedad Renal Cr\u00f3nica.<\/p>\n\n\n\n<p class=\"wp-block-paragraph\">La aplicaci\u00f3n de cualquier vacuna es un proceso seguro, pero existen algunos efectos que pueden aparecer luego de su colocaci\u00f3n: Dolor, picaz\u00f3n, sensibilidad, enrojecimiento o hinchaz\u00f3n en el lugar de aplicaci\u00f3n; Fiebre; Dolor de cabeza; Cansancio; Escalofr\u00edos, P\u00e9rdida del apetito; Dolor muscular; Dolor en las articulaciones; Sudoraci\u00f3n.<\/p>\n\n\n\n<p class=\"wp-block-paragraph\">Ante la aparici\u00f3n de alg\u00fan s\u00edntoma se recomienda consultar al m\u00e9dico de cabecera o en el centro de salud.<\/p>\n","protected":false},"excerpt":{"rendered":"<p>De este modo, aquellas personas mayores de 18 a\u00f1os que no tengan PC, notebook o un celular con sistema operativo Android o iOS (iPhone) para ingresar al link Vacunate (https:\/\/vacunatepba.gba.gob.ar\/) igual \u2013siempre de manera gratuita y voluntaria- podr\u00e1n contar con ayuda para anotarse<\/p>\n","protected":false},"author":2,"featured_media":73581,"comment_status":"closed","ping_status":"open","sticky":false,"template":"","format":"standard","meta":{"footnotes":""},"categories":[28],"tags":[2763],"class_list":["post-73580","post","type-post","status-publish","format-standard","has-post-thumbnail","hentry","category-c1nota1","tag-en-villegas-555"],"featured_image_urls":{"full":["https:\/\/infoecos.com.ar\/wp-content\/uploads\/2021\/01\/Municipalidad-vacunacion.jpg",852,568,false],"thumbnail":["https:\/\/infoecos.com.ar\/wp-content\/uploads\/2021\/01\/Municipalidad-vacunacion-150x150.jpg",150,150,true],"medium":["https:\/\/infoecos.com.ar\/wp-content\/uploads\/2021\/01\/Municipalidad-vacunacion-460x307.jpg",460,307,true],"medium_large":["https:\/\/infoecos.com.ar\/wp-content\/uploads\/2021\/01\/Municipalidad-vacunacion-768x512.jpg",640,427,true],"large":["https:\/\/infoecos.com.ar\/wp-content\/uploads\/2021\/01\/Municipalidad-vacunacion.jpg",640,427,false],"1536x1536":["https:\/\/infoecos.com.ar\/wp-content\/uploads\/2021\/01\/Municipalidad-vacunacion.jpg",852,568,false],"2048x2048":["https:\/\/infoecos.com.ar\/wp-content\/uploads\/2021\/01\/Municipalidad-vacunacion.jpg",852,568,false],"covernews-slider-full":["https:\/\/infoecos.com.ar\/wp-content\/uploads\/2021\/01\/Municipalidad-vacunacion.jpg",852,568,false],"covernews-slider-center":["https:\/\/infoecos.com.ar\/wp-content\/uploads\/2021\/01\/Municipalidad-vacunacion.jpg",750,500,false],"covernews-featured":["https:\/\/infoecos.com.ar\/wp-content\/uploads\/2021\/01\/Municipalidad-vacunacion.jpg",852,568,false],"covernews-medium":["https:\/\/infoecos.com.ar\/wp-content\/uploads\/2021\/01\/Municipalidad-vacunacion-720x380.jpg",540,285,true],"covernews-medium-square":["https:\/\/infoecos.com.ar\/wp-content\/uploads\/2021\/01\/Municipalidad-vacunacion-675x450.jpg",375,250,true]},"author_info":{"info":["Jorge Matheus"]},"category_info":"<a href=\"https:\/\/infoecos.com.ar\/index.php\/category\/c1nota1\/\" rel=\"category tag\">C1 N1<\/a>","tag_info":"C1 N1","comment_count":"0","_links":{"self":[{"href":"https:\/\/infoecos.com.ar\/index.php\/wp-json\/wp\/v2\/posts\/73580","targetHints":{"allow":["GET"]}}],"collection":[{"href":"https:\/\/infoecos.com.ar\/index.php\/wp-json\/wp\/v2\/posts"}],"about":[{"href":"https:\/\/infoecos.com.ar\/index.php\/wp-json\/wp\/v2\/types\/post"}],"author":[{"embeddable":true,"href":"https:\/\/infoecos.com.ar\/index.php\/wp-json\/wp\/v2\/users\/2"}],"replies":[{"embeddable":true,"href":"https:\/\/infoecos.com.ar\/index.php\/wp-json\/wp\/v2\/comments?post=73580"}],"version-history":[{"count":3,"href":"https:\/\/infoecos.com.ar\/index.php\/wp-json\/wp\/v2\/posts\/73580\/revisions"}],"predecessor-version":[{"id":73639,"href":"https:\/\/infoecos.com.ar\/index.php\/wp-json\/wp\/v2\/posts\/73580\/revisions\/73639"}],"wp:featuredmedia":[{"embeddable":true,"href":"https:\/\/infoecos.com.ar\/index.php\/wp-json\/wp\/v2\/media\/73581"}],"wp:attachment":[{"href":"https:\/\/infoecos.com.ar\/index.php\/wp-json\/wp\/v2\/media?parent=73580"}],"wp:term":[{"taxonomy":"category","embeddable":true,"href":"https:\/\/infoecos.com.ar\/index.php\/wp-json\/wp\/v2\/categories?post=73580"},{"taxonomy":"post_tag","embeddable":true,"href":"https:\/\/infoecos.com.ar\/index.php\/wp-json\/wp\/v2\/tags?post=73580"}],"curies":[{"name":"wp","href":"https:\/\/api.w.org\/{rel}","templated":true}]}}