{"id":73587,"date":"2021-01-29T15:51:21","date_gmt":"2021-01-29T18:51:21","guid":{"rendered":"http:\/\/infoecos.com.ar\/?p=73587"},"modified":"2021-02-01T02:24:36","modified_gmt":"2021-02-01T05:24:36","slug":"eden-realizara-trabajos-en-redes-electricas-de-tres-lomas-y-colonias-del-distrito","status":"publish","type":"post","link":"https:\/\/infoecos.com.ar\/index.php\/eden-realizara-trabajos-en-redes-electricas-de-tres-lomas-y-colonias-del-distrito\/","title":{"rendered":"EDEN realizar\u00e1 trabajos en redes el\u00e9ctricas de Tres Lomas y colonias del distrito"},"content":{"rendered":"\n<p class=\"wp-block-paragraph\">EDEN, empresa que presta el servicio de energ\u00eda el\u00e9ctrica en Tres Lomas, inform\u00f3 que realizar\u00e1 una serie de trabajos a partir del d\u00eda lunes que motivar\u00e1n cortes de forma moment\u00e1nea. <\/p>\n\n\n\n<div class=\"wp-block-image\"><figure class=\"aligncenter size-medium\"><img loading=\"lazy\" decoding=\"async\" width=\"460\" height=\"259\" src=\"http:\/\/infoecos.com.ar\/wp-content\/uploads\/2021\/01\/OBRA-LAMT-PELLEGRINI-MARI-LAUQUEN-2-460x259.jpg\" alt=\"\" class=\"wp-image-73030\" srcset=\"https:\/\/infoecos.com.ar\/wp-content\/uploads\/2021\/01\/OBRA-LAMT-PELLEGRINI-MARI-LAUQUEN-2-460x259.jpg 460w, https:\/\/infoecos.com.ar\/wp-content\/uploads\/2021\/01\/OBRA-LAMT-PELLEGRINI-MARI-LAUQUEN-2-920x518.jpg 920w, https:\/\/infoecos.com.ar\/wp-content\/uploads\/2021\/01\/OBRA-LAMT-PELLEGRINI-MARI-LAUQUEN-2-768x432.jpg 768w, https:\/\/infoecos.com.ar\/wp-content\/uploads\/2021\/01\/OBRA-LAMT-PELLEGRINI-MARI-LAUQUEN-2-1536x864.jpg 1536w, https:\/\/infoecos.com.ar\/wp-content\/uploads\/2021\/01\/OBRA-LAMT-PELLEGRINI-MARI-LAUQUEN-2-2048x1152.jpg 2048w, https:\/\/infoecos.com.ar\/wp-content\/uploads\/2021\/01\/OBRA-LAMT-PELLEGRINI-MARI-LAUQUEN-2-1024x576.jpg 1024w\" sizes=\"auto, (max-width: 460px) 100vw, 460px\" \/><\/figure><\/div>\n\n\n\n<ul class=\"wp-block-list\"><li>El d\u00eda lunes 1 de febrero, de 8 a 12 hs., en Sector Colonia 17 y La Grande del Sud.<\/li><li>El d\u00eda martes 2 de febrero, de 7 a 12:30 hs., en el sector comprendido por Hern\u00e1ndez, Levalle y acceso Cuesta, Ruta 127; en las zonas de acceso Belgrano, Aeroclub y Piletones; de 7:30 a 12 hs., en La Adela y Quenuma.<\/li><\/ul>\n\n\n\n<p class=\"wp-block-paragraph\">En caso de presentarse condiciones clim\u00e1ticas adversas, comunic\u00f3 EDEN, las actividades ser\u00e1n reprogramadas.<\/p>\n","protected":false},"excerpt":{"rendered":"<p>En caso de presentarse condiciones clim\u00e1ticas adversas, comunic\u00f3 EDEN, las actividades ser\u00e1n reprogramadas<\/p>\n","protected":false},"author":2,"featured_media":73029,"comment_status":"closed","ping_status":"open","sticky":false,"template":"","format":"standard","meta":{"footnotes":""},"categories":[1323],"tags":[424],"class_list":["post-73587","post","type-post","status-publish","format-standard","has-post-thumbnail","hentry","category-c2nota5","tag-energia-electrica"],"featured_image_urls":{"full":["https:\/\/infoecos.com.ar\/wp-content\/uploads\/2021\/01\/OBRA-LAMT-PELLEGRINI-MARI-LAUQUEN-3.jpeg",780,1040,false],"thumbnail":["https:\/\/infoecos.com.ar\/wp-content\/uploads\/2021\/01\/OBRA-LAMT-PELLEGRINI-MARI-LAUQUEN-3-150x150.jpeg",150,150,true],"medium":["https:\/\/infoecos.com.ar\/wp-content\/uploads\/2021\/01\/OBRA-LAMT-PELLEGRINI-MARI-LAUQUEN-3-345x460.jpeg",345,460,true],"medium_large":["https:\/\/infoecos.com.ar\/wp-content\/uploads\/2021\/01\/OBRA-LAMT-PELLEGRINI-MARI-LAUQUEN-3-768x1024.jpeg",640,853,true],"large":["https:\/\/infoecos.com.ar\/wp-content\/uploads\/2021\/01\/OBRA-LAMT-PELLEGRINI-MARI-LAUQUEN-3-690x920.jpeg",640,853,true],"1536x1536":["https:\/\/infoecos.com.ar\/wp-content\/uploads\/2021\/01\/OBRA-LAMT-PELLEGRINI-MARI-LAUQUEN-3.jpeg",780,1040,false],"2048x2048":["https:\/\/infoecos.com.ar\/wp-content\/uploads\/2021\/01\/OBRA-LAMT-PELLEGRINI-MARI-LAUQUEN-3.jpeg",780,1040,false],"covernews-slider-full":["https:\/\/infoecos.com.ar\/wp-content\/uploads\/2021\/01\/OBRA-LAMT-PELLEGRINI-MARI-LAUQUEN-3-780x1020.jpeg",547,715,true],"covernews-slider-center":["https:\/\/infoecos.com.ar\/wp-content\/uploads\/2021\/01\/OBRA-LAMT-PELLEGRINI-MARI-LAUQUEN-3-780x897.jpeg",435,500,true],"covernews-featured":["https:\/\/infoecos.com.ar\/wp-content\/uploads\/2021\/01\/OBRA-LAMT-PELLEGRINI-MARI-LAUQUEN-3.jpeg",780,1040,false],"covernews-medium":["https:\/\/infoecos.com.ar\/wp-content\/uploads\/2021\/01\/OBRA-LAMT-PELLEGRINI-MARI-LAUQUEN-3-720x380.jpeg",540,285,true],"covernews-medium-square":["https:\/\/infoecos.com.ar\/wp-content\/uploads\/2021\/01\/OBRA-LAMT-PELLEGRINI-MARI-LAUQUEN-3-675x450.jpeg",375,250,true]},"author_info":{"info":["Jorge Matheus"]},"category_info":"<a href=\"https:\/\/infoecos.com.ar\/index.php\/category\/c2nota5\/\" rel=\"category tag\">C2 N5<\/a>","tag_info":"C2 N5","comment_count":"0","_links":{"self":[{"href":"https:\/\/infoecos.com.ar\/index.php\/wp-json\/wp\/v2\/posts\/73587","targetHints":{"allow":["GET"]}}],"collection":[{"href":"https:\/\/infoecos.com.ar\/index.php\/wp-json\/wp\/v2\/posts"}],"about":[{"href":"https:\/\/infoecos.com.ar\/index.php\/wp-json\/wp\/v2\/types\/post"}],"author":[{"embeddable":true,"href":"https:\/\/infoecos.com.ar\/index.php\/wp-json\/wp\/v2\/users\/2"}],"replies":[{"embeddable":true,"href":"https:\/\/infoecos.com.ar\/index.php\/wp-json\/wp\/v2\/comments?post=73587"}],"version-history":[{"count":1,"href":"https:\/\/infoecos.com.ar\/index.php\/wp-json\/wp\/v2\/posts\/73587\/revisions"}],"predecessor-version":[{"id":73588,"href":"https:\/\/infoecos.com.ar\/index.php\/wp-json\/wp\/v2\/posts\/73587\/revisions\/73588"}],"wp:featuredmedia":[{"embeddable":true,"href":"https:\/\/infoecos.com.ar\/index.php\/wp-json\/wp\/v2\/media\/73029"}],"wp:attachment":[{"href":"https:\/\/infoecos.com.ar\/index.php\/wp-json\/wp\/v2\/media?parent=73587"}],"wp:term":[{"taxonomy":"category","embeddable":true,"href":"https:\/\/infoecos.com.ar\/index.php\/wp-json\/wp\/v2\/categories?post=73587"},{"taxonomy":"post_tag","embeddable":true,"href":"https:\/\/infoecos.com.ar\/index.php\/wp-json\/wp\/v2\/tags?post=73587"}],"curies":[{"name":"wp","href":"https:\/\/api.w.org\/{rel}","templated":true}]}}