{"id":73600,"date":"2021-01-30T01:27:49","date_gmt":"2021-01-30T04:27:49","guid":{"rendered":"http:\/\/infoecos.com.ar\/?p=73600"},"modified":"2021-02-01T02:20:10","modified_gmt":"2021-02-01T05:20:10","slug":"se-conformo-la-junta-promotora-para-dar-continuidad-a-la-ruta-del-cereal","status":"publish","type":"post","link":"https:\/\/infoecos.com.ar\/index.php\/se-conformo-la-junta-promotora-para-dar-continuidad-a-la-ruta-del-cereal\/","title":{"rendered":"Se conform\u00f3 la Junta Promotora para dar continuidad a la \u00abRuta del Cereal\u00bb"},"content":{"rendered":"\n<p>Se conform\u00f3 en la tarde de este viernes en la localidad de Girod\u00edas una Junta Promotora para lograr la continuidad de las obras en la \u00abRuta del Cereal\u00bb.<\/p>\n\n\n\n<div class=\"wp-block-image\"><figure class=\"aligncenter size-medium\"><img loading=\"lazy\" decoding=\"async\" width=\"460\" height=\"345\" src=\"http:\/\/infoecos.com.ar\/wp-content\/uploads\/2021\/01\/144588334_10158754827568211_1222269274104826398_n-460x345.jpg\" alt=\"\" class=\"wp-image-73601\" srcset=\"https:\/\/infoecos.com.ar\/wp-content\/uploads\/2021\/01\/144588334_10158754827568211_1222269274104826398_n-460x345.jpg 460w, https:\/\/infoecos.com.ar\/wp-content\/uploads\/2021\/01\/144588334_10158754827568211_1222269274104826398_n-920x690.jpg 920w, https:\/\/infoecos.com.ar\/wp-content\/uploads\/2021\/01\/144588334_10158754827568211_1222269274104826398_n-768x576.jpg 768w, https:\/\/infoecos.com.ar\/wp-content\/uploads\/2021\/01\/144588334_10158754827568211_1222269274104826398_n.jpg 960w\" sizes=\"(max-width: 460px) 100vw, 460px\" \/><figcaption>Reuni\u00f3n Ruta del Cereal en Girod\u00edas<\/figcaption><\/figure><\/div>\n\n\n\n<p>El encuentro congreg\u00f3 a unas 120 personas procedentes de Salazar, Girod\u00edas, Salliquel\u00f3, Mones Caz\u00f3n, Trenque Lauquen, entre otras comunidades. Estuvieron, entre los dirigentes pol\u00edticos, el intendente de Trenque Lauquen, Miguel Fern\u00e1ndez, acompa\u00f1ado por los concejales Alberto Rodr\u00edguez Mera, Francisco Recoulat, Mat\u00edas Cardini, Adriana Vel\u00e1zquez. Tambi\u00e9n asisti\u00f3 el diputado provincial por la sexta secci\u00f3n electoral de Juntos por el Cambio, Emiliano Balb\u00edn. <\/p>\n\n\n\n<div class=\"wp-block-image\"><figure class=\"aligncenter size-medium\"><img loading=\"lazy\" decoding=\"async\" width=\"460\" height=\"259\" src=\"http:\/\/infoecos.com.ar\/wp-content\/uploads\/2021\/01\/144584037_3863669190358393_8174975474949503669_n-460x259.jpg\" alt=\"\" class=\"wp-image-73602\" srcset=\"https:\/\/infoecos.com.ar\/wp-content\/uploads\/2021\/01\/144584037_3863669190358393_8174975474949503669_n-460x259.jpg 460w, https:\/\/infoecos.com.ar\/wp-content\/uploads\/2021\/01\/144584037_3863669190358393_8174975474949503669_n-920x518.jpg 920w, https:\/\/infoecos.com.ar\/wp-content\/uploads\/2021\/01\/144584037_3863669190358393_8174975474949503669_n-768x432.jpg 768w, https:\/\/infoecos.com.ar\/wp-content\/uploads\/2021\/01\/144584037_3863669190358393_8174975474949503669_n.jpg 960w\" sizes=\"(max-width: 460px) 100vw, 460px\" \/><\/figure><\/div>\n\n\n\n<p>Se cumpli\u00f3 de esta manera lo que se hab\u00eda anticipado en los \u00faltimos meses del a\u00f1o anterior cuando se trabajaba en la elaboraci\u00f3n del presupuesto para la provincia de Buenos Aires y que motiv\u00f3 una reuni\u00f3n de vecinos de Salazar con el gobernador Kicillof, en oportunidad de la visita que concret\u00f3 a Daireaux. <\/p>\n\n\n\n<p>La Junta Promotora tendr\u00e1 como finalidad evaluar propuestas e ideas a llevar adelante, habi\u00e9ndose resuelto realizar una pr\u00f3xima reuni\u00f3n en la localidad de Garr\u00e9, distrito de Guamin\u00ed, el pr\u00f3ximo 19 de Marzo, como as\u00ed tambi\u00e9n evaluar la posibilidad de solicitar una reuni\u00f3n con el mandatario bonaerense. <\/p>\n\n\n\n<div class=\"wp-block-image\"><figure class=\"aligncenter size-medium\"><img loading=\"lazy\" decoding=\"async\" width=\"460\" height=\"259\" src=\"http:\/\/infoecos.com.ar\/wp-content\/uploads\/2021\/01\/143649771_3863668450358467_2721747960536009208_n-460x259.jpg\" alt=\"\" class=\"wp-image-73603\" srcset=\"https:\/\/infoecos.com.ar\/wp-content\/uploads\/2021\/01\/143649771_3863668450358467_2721747960536009208_n-460x259.jpg 460w, https:\/\/infoecos.com.ar\/wp-content\/uploads\/2021\/01\/143649771_3863668450358467_2721747960536009208_n-920x518.jpg 920w, https:\/\/infoecos.com.ar\/wp-content\/uploads\/2021\/01\/143649771_3863668450358467_2721747960536009208_n-768x432.jpg 768w, https:\/\/infoecos.com.ar\/wp-content\/uploads\/2021\/01\/143649771_3863668450358467_2721747960536009208_n.jpg 960w\" sizes=\"(max-width: 460px) 100vw, 460px\" \/><\/figure><\/div>\n\n\n\n<p>\u00abLa Ruta del Cereal\u00bb une los distritos de Pehuaj\u00f3, Daireaux Trenque Lauquen y Guamin\u00ed. Restan para terminarla 48 kil\u00f3metros y es de vital importancia para la producci\u00f3n agropecuaria, a la par de mejorar la interconexi\u00f3n entre las localidades de Mones Caz\u00f3n, Salazar, Girod\u00edas, Trong\u00e9 y Garr\u00e9.<\/p>\n\n\n\n<p>Una informaci\u00f3n estad\u00edstica da cuenta que la zona que cruza constituyen unas 550 mil hect\u00e1reas, donde se producen soja, ma\u00edz y girasol. Se calcula que hay un promedio anual de 170 mil cabezas de ganado.<\/p>\n\n\n\n<div class=\"wp-block-image\"><figure class=\"aligncenter size-medium\"><img loading=\"lazy\" decoding=\"async\" width=\"460\" height=\"259\" src=\"http:\/\/infoecos.com.ar\/wp-content\/uploads\/2021\/01\/144048706_10158754904258211_8774052318945234962_n-460x259.jpg\" alt=\"\" class=\"wp-image-73604\" srcset=\"https:\/\/infoecos.com.ar\/wp-content\/uploads\/2021\/01\/144048706_10158754904258211_8774052318945234962_n-460x259.jpg 460w, https:\/\/infoecos.com.ar\/wp-content\/uploads\/2021\/01\/144048706_10158754904258211_8774052318945234962_n-920x518.jpg 920w, https:\/\/infoecos.com.ar\/wp-content\/uploads\/2021\/01\/144048706_10158754904258211_8774052318945234962_n-768x432.jpg 768w, https:\/\/infoecos.com.ar\/wp-content\/uploads\/2021\/01\/144048706_10158754904258211_8774052318945234962_n.jpg 960w\" sizes=\"(max-width: 460px) 100vw, 460px\" \/><\/figure><\/div>\n\n\n\n<p>Se estima que entre las localidades mencionadas y la poblaci\u00f3n rural, la Ruta del Cereal, beneficiar\u00eda en forma directa a 12 mil habitantes.<\/p>\n","protected":false},"excerpt":{"rendered":"<p>El encuentro congreg\u00f3 a unas 120 personas procedentes de Salazar, Girod\u00edas, Salliquel\u00f3, Mones Caz\u00f3n, Trenque Lauquen, entre otras comunidades<\/p>\n","protected":false},"author":2,"featured_media":73605,"comment_status":"closed","ping_status":"open","sticky":false,"template":"","format":"standard","meta":{"footnotes":""},"categories":[1341],"tags":[2769],"class_list":["post-73600","post","type-post","status-publish","format-standard","has-post-thumbnail","hentry","category-c1nota7","tag-en-girodias-este-viernes"],"yoast_head":"<!-- This site is optimized with the Yoast SEO plugin v23.4 - https:\/\/yoast.com\/wordpress\/plugins\/seo\/ -->\n<title>Se conform\u00f3 la Junta Promotora para dar continuidad a la &quot;Ruta del Cereal&quot; - Infoecos<\/title>\n<meta name=\"robots\" content=\"index, follow, max-snippet:-1, max-image-preview:large, max-video-preview:-1\" \/>\n<link rel=\"canonical\" href=\"https:\/\/infoecos.com.ar\/index.php\/se-conformo-la-junta-promotora-para-dar-continuidad-a-la-ruta-del-cereal\/\" \/>\n<meta property=\"og:locale\" content=\"es_ES\" \/>\n<meta property=\"og:type\" content=\"article\" \/>\n<meta property=\"og:title\" content=\"Se conform\u00f3 la Junta Promotora para dar continuidad a la &quot;Ruta del Cereal&quot; - Infoecos\" \/>\n<meta property=\"og:description\" content=\"El encuentro congreg\u00f3 a unas 120 personas procedentes de Salazar, Girod\u00edas, Salliquel\u00f3, Mones Caz\u00f3n, Trenque Lauquen, entre otras comunidades\" \/>\n<meta property=\"og:url\" content=\"https:\/\/infoecos.com.ar\/index.php\/se-conformo-la-junta-promotora-para-dar-continuidad-a-la-ruta-del-cereal\/\" \/>\n<meta property=\"og:site_name\" content=\"Infoecos\" \/>\n<meta property=\"article:publisher\" content=\"https:\/\/www.facebook.com\/profile.php?id=100063200290284\" \/>\n<meta property=\"article:published_time\" content=\"2021-01-30T04:27:49+00:00\" \/>\n<meta property=\"article:modified_time\" content=\"2021-02-01T05:20:10+00:00\" \/>\n<meta property=\"og:image\" content=\"https:\/\/infoecos.com.ar\/wp-content\/uploads\/2021\/01\/144425080_10158754827938211_7632558644691509516_n.jpg\" \/>\n\t<meta property=\"og:image:width\" content=\"960\" \/>\n\t<meta property=\"og:image:height\" content=\"720\" \/>\n\t<meta property=\"og:image:type\" content=\"image\/jpeg\" \/>\n<meta name=\"author\" content=\"Jorge Matheus\" \/>\n<meta name=\"twitter:card\" content=\"summary_large_image\" \/>\n<meta name=\"twitter:creator\" content=\"@infoecos\" \/>\n<meta name=\"twitter:site\" content=\"@infoecos\" \/>\n<meta name=\"twitter:label1\" content=\"Escrito por\" \/>\n\t<meta name=\"twitter:data1\" content=\"Jorge Matheus\" \/>\n\t<meta name=\"twitter:label2\" content=\"Tiempo de lectura\" \/>\n\t<meta name=\"twitter:data2\" content=\"2 minutos\" \/>\n<script type=\"application\/ld+json\" class=\"yoast-schema-graph\">{\"@context\":\"https:\/\/schema.org\",\"@graph\":[{\"@type\":\"Article\",\"@id\":\"https:\/\/infoecos.com.ar\/index.php\/se-conformo-la-junta-promotora-para-dar-continuidad-a-la-ruta-del-cereal\/#article\",\"isPartOf\":{\"@id\":\"https:\/\/infoecos.com.ar\/index.php\/se-conformo-la-junta-promotora-para-dar-continuidad-a-la-ruta-del-cereal\/\"},\"author\":{\"name\":\"Jorge Matheus\",\"@id\":\"https:\/\/infoecos.com.ar\/#\/schema\/person\/8f5ace5ce73b4b4aac4b7245aee6f191\"},\"headline\":\"Se conform\u00f3 la Junta Promotora para dar continuidad a la \u00abRuta del Cereal\u00bb\",\"datePublished\":\"2021-01-30T04:27:49+00:00\",\"dateModified\":\"2021-02-01T05:20:10+00:00\",\"mainEntityOfPage\":{\"@id\":\"https:\/\/infoecos.com.ar\/index.php\/se-conformo-la-junta-promotora-para-dar-continuidad-a-la-ruta-del-cereal\/\"},\"wordCount\":340,\"publisher\":{\"@id\":\"https:\/\/infoecos.com.ar\/#organization\"},\"image\":{\"@id\":\"https:\/\/infoecos.com.ar\/index.php\/se-conformo-la-junta-promotora-para-dar-continuidad-a-la-ruta-del-cereal\/#primaryimage\"},\"thumbnailUrl\":\"https:\/\/infoecos.com.ar\/wp-content\/uploads\/2021\/01\/144425080_10158754827938211_7632558644691509516_n.jpg\",\"keywords\":[\"EN GIRODIAS ESTE VIERNES\"],\"articleSection\":[\"C1 nota 7\"],\"inLanguage\":\"es\"},{\"@type\":\"WebPage\",\"@id\":\"https:\/\/infoecos.com.ar\/index.php\/se-conformo-la-junta-promotora-para-dar-continuidad-a-la-ruta-del-cereal\/\",\"url\":\"https:\/\/infoecos.com.ar\/index.php\/se-conformo-la-junta-promotora-para-dar-continuidad-a-la-ruta-del-cereal\/\",\"name\":\"Se conform\u00f3 la Junta Promotora para dar continuidad a la \\\"Ruta del Cereal\\\" - Infoecos\",\"isPartOf\":{\"@id\":\"https:\/\/infoecos.com.ar\/#website\"},\"primaryImageOfPage\":{\"@id\":\"https:\/\/infoecos.com.ar\/index.php\/se-conformo-la-junta-promotora-para-dar-continuidad-a-la-ruta-del-cereal\/#primaryimage\"},\"image\":{\"@id\":\"https:\/\/infoecos.com.ar\/index.php\/se-conformo-la-junta-promotora-para-dar-continuidad-a-la-ruta-del-cereal\/#primaryimage\"},\"thumbnailUrl\":\"https:\/\/infoecos.com.ar\/wp-content\/uploads\/2021\/01\/144425080_10158754827938211_7632558644691509516_n.jpg\",\"datePublished\":\"2021-01-30T04:27:49+00:00\",\"dateModified\":\"2021-02-01T05:20:10+00:00\",\"breadcrumb\":{\"@id\":\"https:\/\/infoecos.com.ar\/index.php\/se-conformo-la-junta-promotora-para-dar-continuidad-a-la-ruta-del-cereal\/#breadcrumb\"},\"inLanguage\":\"es\",\"potentialAction\":[{\"@type\":\"ReadAction\",\"target\":[\"https:\/\/infoecos.com.ar\/index.php\/se-conformo-la-junta-promotora-para-dar-continuidad-a-la-ruta-del-cereal\/\"]}]},{\"@type\":\"ImageObject\",\"inLanguage\":\"es\",\"@id\":\"https:\/\/infoecos.com.ar\/index.php\/se-conformo-la-junta-promotora-para-dar-continuidad-a-la-ruta-del-cereal\/#primaryimage\",\"url\":\"https:\/\/infoecos.com.ar\/wp-content\/uploads\/2021\/01\/144425080_10158754827938211_7632558644691509516_n.jpg\",\"contentUrl\":\"https:\/\/infoecos.com.ar\/wp-content\/uploads\/2021\/01\/144425080_10158754827938211_7632558644691509516_n.jpg\",\"width\":960,\"height\":720},{\"@type\":\"BreadcrumbList\",\"@id\":\"https:\/\/infoecos.com.ar\/index.php\/se-conformo-la-junta-promotora-para-dar-continuidad-a-la-ruta-del-cereal\/#breadcrumb\",\"itemListElement\":[{\"@type\":\"ListItem\",\"position\":1,\"name\":\"Portada\",\"item\":\"https:\/\/infoecos.com.ar\/\"},{\"@type\":\"ListItem\",\"position\":2,\"name\":\"Se conform\u00f3 la Junta Promotora para dar continuidad a la \u00abRuta del Cereal\u00bb\"}]},{\"@type\":\"WebSite\",\"@id\":\"https:\/\/infoecos.com.ar\/#website\",\"url\":\"https:\/\/infoecos.com.ar\/\",\"name\":\"Infoecos\",\"description\":\"Noticias de trenque lauquen y la zona\",\"publisher\":{\"@id\":\"https:\/\/infoecos.com.ar\/#organization\"},\"alternateName\":\"Noticias\",\"potentialAction\":[{\"@type\":\"SearchAction\",\"target\":{\"@type\":\"EntryPoint\",\"urlTemplate\":\"https:\/\/infoecos.com.ar\/?s={search_term_string}\"},\"query-input\":{\"@type\":\"PropertyValueSpecification\",\"valueRequired\":true,\"valueName\":\"search_term_string\"}}],\"inLanguage\":\"es\"},{\"@type\":\"Organization\",\"@id\":\"https:\/\/infoecos.com.ar\/#organization\",\"name\":\"Infoecos\",\"alternateName\":\"Noticias\",\"url\":\"https:\/\/infoecos.com.ar\/\",\"logo\":{\"@type\":\"ImageObject\",\"inLanguage\":\"es\",\"@id\":\"https:\/\/infoecos.com.ar\/#\/schema\/logo\/image\/\",\"url\":\"https:\/\/infoecos.com.ar\/wp-content\/uploads\/2024\/03\/cropped-logo.png\",\"contentUrl\":\"https:\/\/infoecos.com.ar\/wp-content\/uploads\/2024\/03\/cropped-logo.png\",\"width\":374,\"height\":90,\"caption\":\"Infoecos\"},\"image\":{\"@id\":\"https:\/\/infoecos.com.ar\/#\/schema\/logo\/image\/\"},\"sameAs\":[\"https:\/\/www.facebook.com\/profile.php?id=100063200290284\",\"https:\/\/x.com\/infoecos\"]},{\"@type\":\"Person\",\"@id\":\"https:\/\/infoecos.com.ar\/#\/schema\/person\/8f5ace5ce73b4b4aac4b7245aee6f191\",\"name\":\"Jorge Matheus\",\"url\":\"https:\/\/infoecos.com.ar\/index.php\/author\/jomatheus\/\"}]}<\/script>\n<!-- \/ Yoast SEO plugin. -->","yoast_head_json":{"title":"Se conform\u00f3 la Junta Promotora para dar continuidad a la \"Ruta del Cereal\" - Infoecos","robots":{"index":"index","follow":"follow","max-snippet":"max-snippet:-1","max-image-preview":"max-image-preview:large","max-video-preview":"max-video-preview:-1"},"canonical":"https:\/\/infoecos.com.ar\/index.php\/se-conformo-la-junta-promotora-para-dar-continuidad-a-la-ruta-del-cereal\/","og_locale":"es_ES","og_type":"article","og_title":"Se conform\u00f3 la Junta Promotora para dar continuidad a la \"Ruta del Cereal\" - Infoecos","og_description":"El encuentro congreg\u00f3 a unas 120 personas procedentes de Salazar, Girod\u00edas, Salliquel\u00f3, Mones Caz\u00f3n, Trenque Lauquen, entre otras comunidades","og_url":"https:\/\/infoecos.com.ar\/index.php\/se-conformo-la-junta-promotora-para-dar-continuidad-a-la-ruta-del-cereal\/","og_site_name":"Infoecos","article_publisher":"https:\/\/www.facebook.com\/profile.php?id=100063200290284","article_published_time":"2021-01-30T04:27:49+00:00","article_modified_time":"2021-02-01T05:20:10+00:00","og_image":[{"width":960,"height":720,"url":"https:\/\/infoecos.com.ar\/wp-content\/uploads\/2021\/01\/144425080_10158754827938211_7632558644691509516_n.jpg","type":"image\/jpeg"}],"author":"Jorge Matheus","twitter_card":"summary_large_image","twitter_creator":"@infoecos","twitter_site":"@infoecos","twitter_misc":{"Escrito por":"Jorge Matheus","Tiempo de lectura":"2 minutos"},"schema":{"@context":"https:\/\/schema.org","@graph":[{"@type":"Article","@id":"https:\/\/infoecos.com.ar\/index.php\/se-conformo-la-junta-promotora-para-dar-continuidad-a-la-ruta-del-cereal\/#article","isPartOf":{"@id":"https:\/\/infoecos.com.ar\/index.php\/se-conformo-la-junta-promotora-para-dar-continuidad-a-la-ruta-del-cereal\/"},"author":{"name":"Jorge Matheus","@id":"https:\/\/infoecos.com.ar\/#\/schema\/person\/8f5ace5ce73b4b4aac4b7245aee6f191"},"headline":"Se conform\u00f3 la Junta Promotora para dar continuidad a la \u00abRuta del Cereal\u00bb","datePublished":"2021-01-30T04:27:49+00:00","dateModified":"2021-02-01T05:20:10+00:00","mainEntityOfPage":{"@id":"https:\/\/infoecos.com.ar\/index.php\/se-conformo-la-junta-promotora-para-dar-continuidad-a-la-ruta-del-cereal\/"},"wordCount":340,"publisher":{"@id":"https:\/\/infoecos.com.ar\/#organization"},"image":{"@id":"https:\/\/infoecos.com.ar\/index.php\/se-conformo-la-junta-promotora-para-dar-continuidad-a-la-ruta-del-cereal\/#primaryimage"},"thumbnailUrl":"https:\/\/infoecos.com.ar\/wp-content\/uploads\/2021\/01\/144425080_10158754827938211_7632558644691509516_n.jpg","keywords":["EN GIRODIAS ESTE VIERNES"],"articleSection":["C1 nota 7"],"inLanguage":"es"},{"@type":"WebPage","@id":"https:\/\/infoecos.com.ar\/index.php\/se-conformo-la-junta-promotora-para-dar-continuidad-a-la-ruta-del-cereal\/","url":"https:\/\/infoecos.com.ar\/index.php\/se-conformo-la-junta-promotora-para-dar-continuidad-a-la-ruta-del-cereal\/","name":"Se conform\u00f3 la Junta Promotora para dar continuidad a la \"Ruta del Cereal\" - Infoecos","isPartOf":{"@id":"https:\/\/infoecos.com.ar\/#website"},"primaryImageOfPage":{"@id":"https:\/\/infoecos.com.ar\/index.php\/se-conformo-la-junta-promotora-para-dar-continuidad-a-la-ruta-del-cereal\/#primaryimage"},"image":{"@id":"https:\/\/infoecos.com.ar\/index.php\/se-conformo-la-junta-promotora-para-dar-continuidad-a-la-ruta-del-cereal\/#primaryimage"},"thumbnailUrl":"https:\/\/infoecos.com.ar\/wp-content\/uploads\/2021\/01\/144425080_10158754827938211_7632558644691509516_n.jpg","datePublished":"2021-01-30T04:27:49+00:00","dateModified":"2021-02-01T05:20:10+00:00","breadcrumb":{"@id":"https:\/\/infoecos.com.ar\/index.php\/se-conformo-la-junta-promotora-para-dar-continuidad-a-la-ruta-del-cereal\/#breadcrumb"},"inLanguage":"es","potentialAction":[{"@type":"ReadAction","target":["https:\/\/infoecos.com.ar\/index.php\/se-conformo-la-junta-promotora-para-dar-continuidad-a-la-ruta-del-cereal\/"]}]},{"@type":"ImageObject","inLanguage":"es","@id":"https:\/\/infoecos.com.ar\/index.php\/se-conformo-la-junta-promotora-para-dar-continuidad-a-la-ruta-del-cereal\/#primaryimage","url":"https:\/\/infoecos.com.ar\/wp-content\/uploads\/2021\/01\/144425080_10158754827938211_7632558644691509516_n.jpg","contentUrl":"https:\/\/infoecos.com.ar\/wp-content\/uploads\/2021\/01\/144425080_10158754827938211_7632558644691509516_n.jpg","width":960,"height":720},{"@type":"BreadcrumbList","@id":"https:\/\/infoecos.com.ar\/index.php\/se-conformo-la-junta-promotora-para-dar-continuidad-a-la-ruta-del-cereal\/#breadcrumb","itemListElement":[{"@type":"ListItem","position":1,"name":"Portada","item":"https:\/\/infoecos.com.ar\/"},{"@type":"ListItem","position":2,"name":"Se conform\u00f3 la Junta Promotora para dar continuidad a la \u00abRuta del Cereal\u00bb"}]},{"@type":"WebSite","@id":"https:\/\/infoecos.com.ar\/#website","url":"https:\/\/infoecos.com.ar\/","name":"Infoecos","description":"Noticias de trenque lauquen y la zona","publisher":{"@id":"https:\/\/infoecos.com.ar\/#organization"},"alternateName":"Noticias","potentialAction":[{"@type":"SearchAction","target":{"@type":"EntryPoint","urlTemplate":"https:\/\/infoecos.com.ar\/?s={search_term_string}"},"query-input":{"@type":"PropertyValueSpecification","valueRequired":true,"valueName":"search_term_string"}}],"inLanguage":"es"},{"@type":"Organization","@id":"https:\/\/infoecos.com.ar\/#organization","name":"Infoecos","alternateName":"Noticias","url":"https:\/\/infoecos.com.ar\/","logo":{"@type":"ImageObject","inLanguage":"es","@id":"https:\/\/infoecos.com.ar\/#\/schema\/logo\/image\/","url":"https:\/\/infoecos.com.ar\/wp-content\/uploads\/2024\/03\/cropped-logo.png","contentUrl":"https:\/\/infoecos.com.ar\/wp-content\/uploads\/2024\/03\/cropped-logo.png","width":374,"height":90,"caption":"Infoecos"},"image":{"@id":"https:\/\/infoecos.com.ar\/#\/schema\/logo\/image\/"},"sameAs":["https:\/\/www.facebook.com\/profile.php?id=100063200290284","https:\/\/x.com\/infoecos"]},{"@type":"Person","@id":"https:\/\/infoecos.com.ar\/#\/schema\/person\/8f5ace5ce73b4b4aac4b7245aee6f191","name":"Jorge Matheus","url":"https:\/\/infoecos.com.ar\/index.php\/author\/jomatheus\/"}]}},"featured_image_urls":{"full":["https:\/\/infoecos.com.ar\/wp-content\/uploads\/2021\/01\/144425080_10158754827938211_7632558644691509516_n.jpg",960,720,false],"thumbnail":["https:\/\/infoecos.com.ar\/wp-content\/uploads\/2021\/01\/144425080_10158754827938211_7632558644691509516_n-150x150.jpg",150,150,true],"medium":["https:\/\/infoecos.com.ar\/wp-content\/uploads\/2021\/01\/144425080_10158754827938211_7632558644691509516_n-460x345.jpg",460,345,true],"medium_large":["https:\/\/infoecos.com.ar\/wp-content\/uploads\/2021\/01\/144425080_10158754827938211_7632558644691509516_n-768x576.jpg",640,480,true],"large":["https:\/\/infoecos.com.ar\/wp-content\/uploads\/2021\/01\/144425080_10158754827938211_7632558644691509516_n-920x690.jpg",640,480,true],"1536x1536":["https:\/\/infoecos.com.ar\/wp-content\/uploads\/2021\/01\/144425080_10158754827938211_7632558644691509516_n.jpg",960,720,false],"2048x2048":["https:\/\/infoecos.com.ar\/wp-content\/uploads\/2021\/01\/144425080_10158754827938211_7632558644691509516_n.jpg",960,720,false],"covernews-slider-full":["https:\/\/infoecos.com.ar\/wp-content\/uploads\/2021\/01\/144425080_10158754827938211_7632558644691509516_n.jpg",953,715,false],"covernews-slider-center":["https:\/\/infoecos.com.ar\/wp-content\/uploads\/2021\/01\/144425080_10158754827938211_7632558644691509516_n-936x720.jpg",650,500,true],"covernews-featured":["https:\/\/infoecos.com.ar\/wp-content\/uploads\/2021\/01\/144425080_10158754827938211_7632558644691509516_n.jpg",960,720,false],"covernews-medium":["https:\/\/infoecos.com.ar\/wp-content\/uploads\/2021\/01\/144425080_10158754827938211_7632558644691509516_n-720x380.jpg",540,285,true],"covernews-medium-square":["https:\/\/infoecos.com.ar\/wp-content\/uploads\/2021\/01\/144425080_10158754827938211_7632558644691509516_n-675x450.jpg",375,250,true]},"author_info":{"info":["Jorge Matheus"]},"category_info":"<a href=\"https:\/\/infoecos.com.ar\/index.php\/category\/c1nota7\/\" rel=\"category tag\">C1 nota 7<\/a>","tag_info":"C1 nota 7","comment_count":"0","_links":{"self":[{"href":"https:\/\/infoecos.com.ar\/index.php\/wp-json\/wp\/v2\/posts\/73600"}],"collection":[{"href":"https:\/\/infoecos.com.ar\/index.php\/wp-json\/wp\/v2\/posts"}],"about":[{"href":"https:\/\/infoecos.com.ar\/index.php\/wp-json\/wp\/v2\/types\/post"}],"author":[{"embeddable":true,"href":"https:\/\/infoecos.com.ar\/index.php\/wp-json\/wp\/v2\/users\/2"}],"replies":[{"embeddable":true,"href":"https:\/\/infoecos.com.ar\/index.php\/wp-json\/wp\/v2\/comments?post=73600"}],"version-history":[{"count":1,"href":"https:\/\/infoecos.com.ar\/index.php\/wp-json\/wp\/v2\/posts\/73600\/revisions"}],"predecessor-version":[{"id":73606,"href":"https:\/\/infoecos.com.ar\/index.php\/wp-json\/wp\/v2\/posts\/73600\/revisions\/73606"}],"wp:featuredmedia":[{"embeddable":true,"href":"https:\/\/infoecos.com.ar\/index.php\/wp-json\/wp\/v2\/media\/73605"}],"wp:attachment":[{"href":"https:\/\/infoecos.com.ar\/index.php\/wp-json\/wp\/v2\/media?parent=73600"}],"wp:term":[{"taxonomy":"category","embeddable":true,"href":"https:\/\/infoecos.com.ar\/index.php\/wp-json\/wp\/v2\/categories?post=73600"},{"taxonomy":"post_tag","embeddable":true,"href":"https:\/\/infoecos.com.ar\/index.php\/wp-json\/wp\/v2\/tags?post=73600"}],"curies":[{"name":"wp","href":"https:\/\/api.w.org\/{rel}","templated":true}]}}