{"id":73677,"date":"2021-02-01T14:01:11","date_gmt":"2021-02-01T17:01:11","guid":{"rendered":"http:\/\/infoecos.com.ar\/?p=73677"},"modified":"2021-02-01T14:01:16","modified_gmt":"2021-02-01T17:01:16","slug":"el-diagnostico-sobre-la-salud-del-intendente-de-general-villegas-neumonia-secundaria-a-covid-19","status":"publish","type":"post","link":"https:\/\/infoecos.com.ar\/index.php\/el-diagnostico-sobre-la-salud-del-intendente-de-general-villegas-neumonia-secundaria-a-covid-19\/","title":{"rendered":"El diagn\u00f3stico sobre la salud del intendente de General Villegas: neumon\u00eda secundaria a COVID-19"},"content":{"rendered":"\n<p class=\"wp-block-paragraph\">Desde el \u00e1rea de prensa de la Municipalidad de General Villegas se inform\u00f3 este lunes que el intendente municipal, Eduardo Campana, se encuentra estable, internado en sala com\u00fan del Hospital Italiano de la Ciudad de Buenos Aires, con un diagn\u00f3stico de neumon\u00eda bilateral secundaria a COVID.<\/p>\n\n\n\n<div class=\"wp-block-image\"><figure class=\"aligncenter size-medium\"><img loading=\"lazy\" decoding=\"async\" width=\"460\" height=\"291\" src=\"http:\/\/infoecos.com.ar\/wp-content\/uploads\/2021\/01\/campana12-460x291.jpg\" alt=\"\" class=\"wp-image-72629\" srcset=\"https:\/\/infoecos.com.ar\/wp-content\/uploads\/2021\/01\/campana12-460x291.jpg 460w, https:\/\/infoecos.com.ar\/wp-content\/uploads\/2021\/01\/campana12.jpg 696w\" sizes=\"auto, (max-width: 460px) 100vw, 460px\" \/><\/figure><\/div>\n\n\n\n<p class=\"wp-block-paragraph\">Actualmente est\u00e1 con ox\u00edgeno y tratamiento correspondiente, a la espera de la evoluci\u00f3n de la enfermedad.<\/p>\n\n\n\n<p class=\"wp-block-paragraph\">La fotograf\u00eda corresponde al d\u00eda 22 de Enero, fecha en que Campana se inocul\u00f3 por primera vez contra el virus.<\/p>\n\n\n\n<p class=\"wp-block-paragraph\"><strong>Fuente: diarioactualidad.com<\/strong><\/p>\n","protected":false},"excerpt":{"rendered":"<p>Actualmente est\u00e1 con ox\u00edgeno y tratamiento correspondiente, a la espera de la evoluci\u00f3n de la enfermedad<\/p>\n","protected":false},"author":2,"featured_media":72629,"comment_status":"closed","ping_status":"open","sticky":false,"template":"","format":"standard","meta":{"footnotes":""},"categories":[29],"tags":[2778],"class_list":["post-73677","post","type-post","status-publish","format-standard","has-post-thumbnail","hentry","category-c2nota1","tag-en-sala-comun-del-hospital-italiano"],"featured_image_urls":{"full":["https:\/\/infoecos.com.ar\/wp-content\/uploads\/2021\/01\/campana12.jpg",696,441,false],"thumbnail":["https:\/\/infoecos.com.ar\/wp-content\/uploads\/2021\/01\/campana12-150x150.jpg",150,150,true],"medium":["https:\/\/infoecos.com.ar\/wp-content\/uploads\/2021\/01\/campana12-460x291.jpg",460,291,true],"medium_large":["https:\/\/infoecos.com.ar\/wp-content\/uploads\/2021\/01\/campana12.jpg",640,406,false],"large":["https:\/\/infoecos.com.ar\/wp-content\/uploads\/2021\/01\/campana12.jpg",640,406,false],"1536x1536":["https:\/\/infoecos.com.ar\/wp-content\/uploads\/2021\/01\/campana12.jpg",696,441,false],"2048x2048":["https:\/\/infoecos.com.ar\/wp-content\/uploads\/2021\/01\/campana12.jpg",696,441,false],"covernews-slider-full":["https:\/\/infoecos.com.ar\/wp-content\/uploads\/2021\/01\/campana12.jpg",696,441,false],"covernews-slider-center":["https:\/\/infoecos.com.ar\/wp-content\/uploads\/2021\/01\/campana12.jpg",696,441,false],"covernews-featured":["https:\/\/infoecos.com.ar\/wp-content\/uploads\/2021\/01\/campana12.jpg",696,441,false],"covernews-medium":["https:\/\/infoecos.com.ar\/wp-content\/uploads\/2021\/01\/campana12-696x380.jpg",540,295,true],"covernews-medium-square":["https:\/\/infoecos.com.ar\/wp-content\/uploads\/2021\/01\/campana12-675x441.jpg",383,250,true]},"author_info":{"info":["Jorge Matheus"]},"category_info":"<a href=\"https:\/\/infoecos.com.ar\/index.php\/category\/c2nota1\/\" rel=\"category tag\">C2 nota 1<\/a>","tag_info":"C2 nota 1","comment_count":"0","_links":{"self":[{"href":"https:\/\/infoecos.com.ar\/index.php\/wp-json\/wp\/v2\/posts\/73677","targetHints":{"allow":["GET"]}}],"collection":[{"href":"https:\/\/infoecos.com.ar\/index.php\/wp-json\/wp\/v2\/posts"}],"about":[{"href":"https:\/\/infoecos.com.ar\/index.php\/wp-json\/wp\/v2\/types\/post"}],"author":[{"embeddable":true,"href":"https:\/\/infoecos.com.ar\/index.php\/wp-json\/wp\/v2\/users\/2"}],"replies":[{"embeddable":true,"href":"https:\/\/infoecos.com.ar\/index.php\/wp-json\/wp\/v2\/comments?post=73677"}],"version-history":[{"count":1,"href":"https:\/\/infoecos.com.ar\/index.php\/wp-json\/wp\/v2\/posts\/73677\/revisions"}],"predecessor-version":[{"id":73678,"href":"https:\/\/infoecos.com.ar\/index.php\/wp-json\/wp\/v2\/posts\/73677\/revisions\/73678"}],"wp:featuredmedia":[{"embeddable":true,"href":"https:\/\/infoecos.com.ar\/index.php\/wp-json\/wp\/v2\/media\/72629"}],"wp:attachment":[{"href":"https:\/\/infoecos.com.ar\/index.php\/wp-json\/wp\/v2\/media?parent=73677"}],"wp:term":[{"taxonomy":"category","embeddable":true,"href":"https:\/\/infoecos.com.ar\/index.php\/wp-json\/wp\/v2\/categories?post=73677"},{"taxonomy":"post_tag","embeddable":true,"href":"https:\/\/infoecos.com.ar\/index.php\/wp-json\/wp\/v2\/tags?post=73677"}],"curies":[{"name":"wp","href":"https:\/\/api.w.org\/{rel}","templated":true}]}}