{"id":73679,"date":"2021-02-01T14:11:01","date_gmt":"2021-02-01T17:11:01","guid":{"rendered":"http:\/\/infoecos.com.ar\/?p=73679"},"modified":"2021-02-01T14:11:06","modified_gmt":"2021-02-01T17:11:06","slug":"gollan-ministro-de-salud-bonaerense-con-tono-prudente-en-torno-a-la-presencialidad-en-las-escuelas","status":"publish","type":"post","link":"https:\/\/infoecos.com.ar\/index.php\/gollan-ministro-de-salud-bonaerense-con-tono-prudente-en-torno-a-la-presencialidad-en-las-escuelas\/","title":{"rendered":"Gollan, ministro de Salud bonaerense, con tono prudente en torno a la presencialidad en las escuelas"},"content":{"rendered":"\n<p>En el marco de las repercusiones por el retorno a las aulas, el ministro de Salud bonaerense,\u00a0Daniel Gollan,\u00a0advirti\u00f3: \u201ctodav\u00eda no est\u00e1 absolutamente definido el modelo\u201d.<\/p>\n\n\n\n<p>En ese sentido, el funcionario reconoci\u00f3 que no ser\u00eda propicio comenzar de golpe con la presencialidad. Es por eso que asegura que desde la administraci\u00f3n siguen trabajando para dar los pasos convenientes para evitar consecuencias graves.<\/p>\n\n\n\n<div class=\"wp-block-image\"><figure class=\"aligncenter size-medium\"><img loading=\"lazy\" decoding=\"async\" width=\"460\" height=\"307\" src=\"http:\/\/infoecos.com.ar\/wp-content\/uploads\/2020\/11\/D_00014_3-460x307.jpg\" alt=\"\" class=\"wp-image-70522\" srcset=\"https:\/\/infoecos.com.ar\/wp-content\/uploads\/2020\/11\/D_00014_3-460x307.jpg 460w, https:\/\/infoecos.com.ar\/wp-content\/uploads\/2020\/11\/D_00014_3-920x614.jpg 920w, https:\/\/infoecos.com.ar\/wp-content\/uploads\/2020\/11\/D_00014_3-768x512.jpg 768w, https:\/\/infoecos.com.ar\/wp-content\/uploads\/2020\/11\/D_00014_3-1536x1024.jpg 1536w, https:\/\/infoecos.com.ar\/wp-content\/uploads\/2020\/11\/D_00014_3-2048x1366.jpg 2048w, https:\/\/infoecos.com.ar\/wp-content\/uploads\/2020\/11\/D_00014_3-1024x683.jpg 1024w, https:\/\/infoecos.com.ar\/wp-content\/uploads\/2020\/11\/D_00014_3-675x450.jpg 675w\" sizes=\"(max-width: 460px) 100vw, 460px\" \/><\/figure><\/div>\n\n\n\n<p>\u201cEl concepto es que va a&nbsp;ser una presencialidad con chicos ubicados cada metro y medio, durante cuatro horas, dos veces por semana, y hay que armar las formas remotas,&nbsp;lo que implica un esfuerzo porque al docente se le duplica el trabajo\u201d, pronunci\u00f3 el titular de la cartera sanitaria en declaraciones radiales.<\/p>\n\n\n\n<p>Acto seguido, asegur\u00f3 que \u201chabr\u00e1 un control muy fuerte del aire de los ambientes\u201d. Si bien reconoce que el retorno a las aulas no ser\u00e1 f\u00e1cil, resalt\u00f3 que \u201ces necesario. Nos vamos a tener que ir acostumbrando a convivir con esta realidad\u201d, asinti\u00f3.<\/p>\n\n\n\n<p>Con la impronta de poner pa\u00f1os fr\u00edos a las repercusiones que genera la vuelta a las clases presenciales, Gollan coment\u00f3 que el retorno \u201cno ser\u00e1 tan r\u00e1pido. Estamos viendo la experiencia de Israel, volver r\u00e1pido con muchos chicos, los llev\u00f3 a cerrar por la segunda ola\u201d, revel\u00f3.<\/p>\n\n\n\n<p>Y agreg\u00f3:&nbsp;\u201cNo vemos una situaci\u00f3n donde sea conveniente empezar tan de golpe, preferimos ir un poco m\u00e1s despacio con la mayor seguridad posible\u201d.&nbsp;&nbsp;<\/p>\n\n\n\n<p>Para concluir, el ministro anhela que \u201cla escuela no se convierta en un agente de contagio muy grave\u201d. Instancia donde remarc\u00f3: \u201cPor eso tenemos que ir de menor a mayor\u201d.&nbsp;<\/p>\n","protected":false},"excerpt":{"rendered":"<p>Coment\u00f3 que el retorno \u201cno ser\u00e1 tan r\u00e1pido. Estamos viendo la experiencia de Israel, volver r\u00e1pido con muchos chicos, los llev\u00f3 a cerrar por la segunda ola\u201d<\/p>\n","protected":false},"author":2,"featured_media":70522,"comment_status":"closed","ping_status":"open","sticky":false,"template":"","format":"standard","meta":{"footnotes":""},"categories":[25],"tags":[2779],"class_list":["post-73679","post","type-post","status-publish","format-standard","has-post-thumbnail","hentry","category-c3nota1","tag-no-seria-propicio-comenzar-de-golpe"],"yoast_head":"<!-- This site is optimized with the Yoast SEO plugin v23.4 - https:\/\/yoast.com\/wordpress\/plugins\/seo\/ -->\n<title>Gollan, ministro de Salud bonaerense, con tono prudente en torno a la presencialidad en las escuelas - Infoecos<\/title>\n<meta name=\"robots\" content=\"index, follow, max-snippet:-1, max-image-preview:large, max-video-preview:-1\" \/>\n<link rel=\"canonical\" href=\"https:\/\/infoecos.com.ar\/index.php\/gollan-ministro-de-salud-bonaerense-con-tono-prudente-en-torno-a-la-presencialidad-en-las-escuelas\/\" \/>\n<meta property=\"og:locale\" content=\"es_ES\" \/>\n<meta property=\"og:type\" content=\"article\" \/>\n<meta property=\"og:title\" content=\"Gollan, ministro de Salud bonaerense, con tono prudente en torno a la presencialidad en las escuelas - Infoecos\" \/>\n<meta property=\"og:description\" content=\"Coment\u00f3 que el retorno \u201cno ser\u00e1 tan r\u00e1pido. Estamos viendo la experiencia de Israel, volver r\u00e1pido con muchos chicos, los llev\u00f3 a cerrar por la segunda ola\u201d\" \/>\n<meta property=\"og:url\" content=\"https:\/\/infoecos.com.ar\/index.php\/gollan-ministro-de-salud-bonaerense-con-tono-prudente-en-torno-a-la-presencialidad-en-las-escuelas\/\" \/>\n<meta property=\"og:site_name\" content=\"Infoecos\" \/>\n<meta property=\"article:publisher\" content=\"https:\/\/www.facebook.com\/profile.php?id=100063200290284\" \/>\n<meta property=\"article:published_time\" content=\"2021-02-01T17:11:01+00:00\" \/>\n<meta property=\"article:modified_time\" content=\"2021-02-01T17:11:06+00:00\" \/>\n<meta property=\"og:image\" content=\"https:\/\/infoecos.com.ar\/wp-content\/uploads\/2020\/11\/D_00014_3-scaled.jpg\" \/>\n\t<meta property=\"og:image:width\" content=\"2560\" \/>\n\t<meta property=\"og:image:height\" content=\"1707\" \/>\n\t<meta property=\"og:image:type\" content=\"image\/jpeg\" \/>\n<meta name=\"author\" content=\"Jorge Matheus\" \/>\n<meta name=\"twitter:card\" content=\"summary_large_image\" \/>\n<meta name=\"twitter:creator\" content=\"@infoecos\" \/>\n<meta name=\"twitter:site\" content=\"@infoecos\" \/>\n<meta name=\"twitter:label1\" content=\"Escrito por\" \/>\n\t<meta name=\"twitter:data1\" content=\"Jorge Matheus\" \/>\n\t<meta name=\"twitter:label2\" content=\"Tiempo de lectura\" \/>\n\t<meta name=\"twitter:data2\" content=\"1 minuto\" \/>\n<script type=\"application\/ld+json\" class=\"yoast-schema-graph\">{\"@context\":\"https:\/\/schema.org\",\"@graph\":[{\"@type\":\"Article\",\"@id\":\"https:\/\/infoecos.com.ar\/index.php\/gollan-ministro-de-salud-bonaerense-con-tono-prudente-en-torno-a-la-presencialidad-en-las-escuelas\/#article\",\"isPartOf\":{\"@id\":\"https:\/\/infoecos.com.ar\/index.php\/gollan-ministro-de-salud-bonaerense-con-tono-prudente-en-torno-a-la-presencialidad-en-las-escuelas\/\"},\"author\":{\"name\":\"Jorge Matheus\",\"@id\":\"https:\/\/infoecos.com.ar\/#\/schema\/person\/8f5ace5ce73b4b4aac4b7245aee6f191\"},\"headline\":\"Gollan, ministro de Salud bonaerense, con tono prudente en torno a la presencialidad en las escuelas\",\"datePublished\":\"2021-02-01T17:11:01+00:00\",\"dateModified\":\"2021-02-01T17:11:06+00:00\",\"mainEntityOfPage\":{\"@id\":\"https:\/\/infoecos.com.ar\/index.php\/gollan-ministro-de-salud-bonaerense-con-tono-prudente-en-torno-a-la-presencialidad-en-las-escuelas\/\"},\"wordCount\":292,\"publisher\":{\"@id\":\"https:\/\/infoecos.com.ar\/#organization\"},\"image\":{\"@id\":\"https:\/\/infoecos.com.ar\/index.php\/gollan-ministro-de-salud-bonaerense-con-tono-prudente-en-torno-a-la-presencialidad-en-las-escuelas\/#primaryimage\"},\"thumbnailUrl\":\"https:\/\/infoecos.com.ar\/wp-content\/uploads\/2020\/11\/D_00014_3-scaled.jpg\",\"keywords\":[\"NO SER\u00cdA PROPICIO COMENZAR DE GOLPE\"],\"articleSection\":[\"C3 N1\"],\"inLanguage\":\"es\"},{\"@type\":\"WebPage\",\"@id\":\"https:\/\/infoecos.com.ar\/index.php\/gollan-ministro-de-salud-bonaerense-con-tono-prudente-en-torno-a-la-presencialidad-en-las-escuelas\/\",\"url\":\"https:\/\/infoecos.com.ar\/index.php\/gollan-ministro-de-salud-bonaerense-con-tono-prudente-en-torno-a-la-presencialidad-en-las-escuelas\/\",\"name\":\"Gollan, ministro de Salud bonaerense, con tono prudente en torno a la presencialidad en las escuelas - Infoecos\",\"isPartOf\":{\"@id\":\"https:\/\/infoecos.com.ar\/#website\"},\"primaryImageOfPage\":{\"@id\":\"https:\/\/infoecos.com.ar\/index.php\/gollan-ministro-de-salud-bonaerense-con-tono-prudente-en-torno-a-la-presencialidad-en-las-escuelas\/#primaryimage\"},\"image\":{\"@id\":\"https:\/\/infoecos.com.ar\/index.php\/gollan-ministro-de-salud-bonaerense-con-tono-prudente-en-torno-a-la-presencialidad-en-las-escuelas\/#primaryimage\"},\"thumbnailUrl\":\"https:\/\/infoecos.com.ar\/wp-content\/uploads\/2020\/11\/D_00014_3-scaled.jpg\",\"datePublished\":\"2021-02-01T17:11:01+00:00\",\"dateModified\":\"2021-02-01T17:11:06+00:00\",\"breadcrumb\":{\"@id\":\"https:\/\/infoecos.com.ar\/index.php\/gollan-ministro-de-salud-bonaerense-con-tono-prudente-en-torno-a-la-presencialidad-en-las-escuelas\/#breadcrumb\"},\"inLanguage\":\"es\",\"potentialAction\":[{\"@type\":\"ReadAction\",\"target\":[\"https:\/\/infoecos.com.ar\/index.php\/gollan-ministro-de-salud-bonaerense-con-tono-prudente-en-torno-a-la-presencialidad-en-las-escuelas\/\"]}]},{\"@type\":\"ImageObject\",\"inLanguage\":\"es\",\"@id\":\"https:\/\/infoecos.com.ar\/index.php\/gollan-ministro-de-salud-bonaerense-con-tono-prudente-en-torno-a-la-presencialidad-en-las-escuelas\/#primaryimage\",\"url\":\"https:\/\/infoecos.com.ar\/wp-content\/uploads\/2020\/11\/D_00014_3-scaled.jpg\",\"contentUrl\":\"https:\/\/infoecos.com.ar\/wp-content\/uploads\/2020\/11\/D_00014_3-scaled.jpg\",\"width\":2560,\"height\":1707},{\"@type\":\"BreadcrumbList\",\"@id\":\"https:\/\/infoecos.com.ar\/index.php\/gollan-ministro-de-salud-bonaerense-con-tono-prudente-en-torno-a-la-presencialidad-en-las-escuelas\/#breadcrumb\",\"itemListElement\":[{\"@type\":\"ListItem\",\"position\":1,\"name\":\"Portada\",\"item\":\"https:\/\/infoecos.com.ar\/\"},{\"@type\":\"ListItem\",\"position\":2,\"name\":\"Gollan, ministro de Salud bonaerense, con tono prudente en torno a la presencialidad en las escuelas\"}]},{\"@type\":\"WebSite\",\"@id\":\"https:\/\/infoecos.com.ar\/#website\",\"url\":\"https:\/\/infoecos.com.ar\/\",\"name\":\"Infoecos\",\"description\":\"Noticias de trenque lauquen y la zona\",\"publisher\":{\"@id\":\"https:\/\/infoecos.com.ar\/#organization\"},\"alternateName\":\"Noticias\",\"potentialAction\":[{\"@type\":\"SearchAction\",\"target\":{\"@type\":\"EntryPoint\",\"urlTemplate\":\"https:\/\/infoecos.com.ar\/?s={search_term_string}\"},\"query-input\":{\"@type\":\"PropertyValueSpecification\",\"valueRequired\":true,\"valueName\":\"search_term_string\"}}],\"inLanguage\":\"es\"},{\"@type\":\"Organization\",\"@id\":\"https:\/\/infoecos.com.ar\/#organization\",\"name\":\"Infoecos\",\"alternateName\":\"Noticias\",\"url\":\"https:\/\/infoecos.com.ar\/\",\"logo\":{\"@type\":\"ImageObject\",\"inLanguage\":\"es\",\"@id\":\"https:\/\/infoecos.com.ar\/#\/schema\/logo\/image\/\",\"url\":\"https:\/\/infoecos.com.ar\/wp-content\/uploads\/2024\/03\/cropped-logo.png\",\"contentUrl\":\"https:\/\/infoecos.com.ar\/wp-content\/uploads\/2024\/03\/cropped-logo.png\",\"width\":374,\"height\":90,\"caption\":\"Infoecos\"},\"image\":{\"@id\":\"https:\/\/infoecos.com.ar\/#\/schema\/logo\/image\/\"},\"sameAs\":[\"https:\/\/www.facebook.com\/profile.php?id=100063200290284\",\"https:\/\/x.com\/infoecos\"]},{\"@type\":\"Person\",\"@id\":\"https:\/\/infoecos.com.ar\/#\/schema\/person\/8f5ace5ce73b4b4aac4b7245aee6f191\",\"name\":\"Jorge Matheus\",\"url\":\"https:\/\/infoecos.com.ar\/index.php\/author\/jomatheus\/\"}]}<\/script>\n<!-- \/ Yoast SEO plugin. -->","yoast_head_json":{"title":"Gollan, ministro de Salud bonaerense, con tono prudente en torno a la presencialidad en las escuelas - Infoecos","robots":{"index":"index","follow":"follow","max-snippet":"max-snippet:-1","max-image-preview":"max-image-preview:large","max-video-preview":"max-video-preview:-1"},"canonical":"https:\/\/infoecos.com.ar\/index.php\/gollan-ministro-de-salud-bonaerense-con-tono-prudente-en-torno-a-la-presencialidad-en-las-escuelas\/","og_locale":"es_ES","og_type":"article","og_title":"Gollan, ministro de Salud bonaerense, con tono prudente en torno a la presencialidad en las escuelas - Infoecos","og_description":"Coment\u00f3 que el retorno \u201cno ser\u00e1 tan r\u00e1pido. Estamos viendo la experiencia de Israel, volver r\u00e1pido con muchos chicos, los llev\u00f3 a cerrar por la segunda ola\u201d","og_url":"https:\/\/infoecos.com.ar\/index.php\/gollan-ministro-de-salud-bonaerense-con-tono-prudente-en-torno-a-la-presencialidad-en-las-escuelas\/","og_site_name":"Infoecos","article_publisher":"https:\/\/www.facebook.com\/profile.php?id=100063200290284","article_published_time":"2021-02-01T17:11:01+00:00","article_modified_time":"2021-02-01T17:11:06+00:00","og_image":[{"width":2560,"height":1707,"url":"https:\/\/infoecos.com.ar\/wp-content\/uploads\/2020\/11\/D_00014_3-scaled.jpg","type":"image\/jpeg"}],"author":"Jorge Matheus","twitter_card":"summary_large_image","twitter_creator":"@infoecos","twitter_site":"@infoecos","twitter_misc":{"Escrito por":"Jorge Matheus","Tiempo de lectura":"1 minuto"},"schema":{"@context":"https:\/\/schema.org","@graph":[{"@type":"Article","@id":"https:\/\/infoecos.com.ar\/index.php\/gollan-ministro-de-salud-bonaerense-con-tono-prudente-en-torno-a-la-presencialidad-en-las-escuelas\/#article","isPartOf":{"@id":"https:\/\/infoecos.com.ar\/index.php\/gollan-ministro-de-salud-bonaerense-con-tono-prudente-en-torno-a-la-presencialidad-en-las-escuelas\/"},"author":{"name":"Jorge Matheus","@id":"https:\/\/infoecos.com.ar\/#\/schema\/person\/8f5ace5ce73b4b4aac4b7245aee6f191"},"headline":"Gollan, ministro de Salud bonaerense, con tono prudente en torno a la presencialidad en las escuelas","datePublished":"2021-02-01T17:11:01+00:00","dateModified":"2021-02-01T17:11:06+00:00","mainEntityOfPage":{"@id":"https:\/\/infoecos.com.ar\/index.php\/gollan-ministro-de-salud-bonaerense-con-tono-prudente-en-torno-a-la-presencialidad-en-las-escuelas\/"},"wordCount":292,"publisher":{"@id":"https:\/\/infoecos.com.ar\/#organization"},"image":{"@id":"https:\/\/infoecos.com.ar\/index.php\/gollan-ministro-de-salud-bonaerense-con-tono-prudente-en-torno-a-la-presencialidad-en-las-escuelas\/#primaryimage"},"thumbnailUrl":"https:\/\/infoecos.com.ar\/wp-content\/uploads\/2020\/11\/D_00014_3-scaled.jpg","keywords":["NO SER\u00cdA PROPICIO COMENZAR DE GOLPE"],"articleSection":["C3 N1"],"inLanguage":"es"},{"@type":"WebPage","@id":"https:\/\/infoecos.com.ar\/index.php\/gollan-ministro-de-salud-bonaerense-con-tono-prudente-en-torno-a-la-presencialidad-en-las-escuelas\/","url":"https:\/\/infoecos.com.ar\/index.php\/gollan-ministro-de-salud-bonaerense-con-tono-prudente-en-torno-a-la-presencialidad-en-las-escuelas\/","name":"Gollan, ministro de Salud bonaerense, con tono prudente en torno a la presencialidad en las escuelas - Infoecos","isPartOf":{"@id":"https:\/\/infoecos.com.ar\/#website"},"primaryImageOfPage":{"@id":"https:\/\/infoecos.com.ar\/index.php\/gollan-ministro-de-salud-bonaerense-con-tono-prudente-en-torno-a-la-presencialidad-en-las-escuelas\/#primaryimage"},"image":{"@id":"https:\/\/infoecos.com.ar\/index.php\/gollan-ministro-de-salud-bonaerense-con-tono-prudente-en-torno-a-la-presencialidad-en-las-escuelas\/#primaryimage"},"thumbnailUrl":"https:\/\/infoecos.com.ar\/wp-content\/uploads\/2020\/11\/D_00014_3-scaled.jpg","datePublished":"2021-02-01T17:11:01+00:00","dateModified":"2021-02-01T17:11:06+00:00","breadcrumb":{"@id":"https:\/\/infoecos.com.ar\/index.php\/gollan-ministro-de-salud-bonaerense-con-tono-prudente-en-torno-a-la-presencialidad-en-las-escuelas\/#breadcrumb"},"inLanguage":"es","potentialAction":[{"@type":"ReadAction","target":["https:\/\/infoecos.com.ar\/index.php\/gollan-ministro-de-salud-bonaerense-con-tono-prudente-en-torno-a-la-presencialidad-en-las-escuelas\/"]}]},{"@type":"ImageObject","inLanguage":"es","@id":"https:\/\/infoecos.com.ar\/index.php\/gollan-ministro-de-salud-bonaerense-con-tono-prudente-en-torno-a-la-presencialidad-en-las-escuelas\/#primaryimage","url":"https:\/\/infoecos.com.ar\/wp-content\/uploads\/2020\/11\/D_00014_3-scaled.jpg","contentUrl":"https:\/\/infoecos.com.ar\/wp-content\/uploads\/2020\/11\/D_00014_3-scaled.jpg","width":2560,"height":1707},{"@type":"BreadcrumbList","@id":"https:\/\/infoecos.com.ar\/index.php\/gollan-ministro-de-salud-bonaerense-con-tono-prudente-en-torno-a-la-presencialidad-en-las-escuelas\/#breadcrumb","itemListElement":[{"@type":"ListItem","position":1,"name":"Portada","item":"https:\/\/infoecos.com.ar\/"},{"@type":"ListItem","position":2,"name":"Gollan, ministro de Salud bonaerense, con tono prudente en torno a la presencialidad en las escuelas"}]},{"@type":"WebSite","@id":"https:\/\/infoecos.com.ar\/#website","url":"https:\/\/infoecos.com.ar\/","name":"Infoecos","description":"Noticias de trenque lauquen y la zona","publisher":{"@id":"https:\/\/infoecos.com.ar\/#organization"},"alternateName":"Noticias","potentialAction":[{"@type":"SearchAction","target":{"@type":"EntryPoint","urlTemplate":"https:\/\/infoecos.com.ar\/?s={search_term_string}"},"query-input":{"@type":"PropertyValueSpecification","valueRequired":true,"valueName":"search_term_string"}}],"inLanguage":"es"},{"@type":"Organization","@id":"https:\/\/infoecos.com.ar\/#organization","name":"Infoecos","alternateName":"Noticias","url":"https:\/\/infoecos.com.ar\/","logo":{"@type":"ImageObject","inLanguage":"es","@id":"https:\/\/infoecos.com.ar\/#\/schema\/logo\/image\/","url":"https:\/\/infoecos.com.ar\/wp-content\/uploads\/2024\/03\/cropped-logo.png","contentUrl":"https:\/\/infoecos.com.ar\/wp-content\/uploads\/2024\/03\/cropped-logo.png","width":374,"height":90,"caption":"Infoecos"},"image":{"@id":"https:\/\/infoecos.com.ar\/#\/schema\/logo\/image\/"},"sameAs":["https:\/\/www.facebook.com\/profile.php?id=100063200290284","https:\/\/x.com\/infoecos"]},{"@type":"Person","@id":"https:\/\/infoecos.com.ar\/#\/schema\/person\/8f5ace5ce73b4b4aac4b7245aee6f191","name":"Jorge Matheus","url":"https:\/\/infoecos.com.ar\/index.php\/author\/jomatheus\/"}]}},"featured_image_urls":{"full":["https:\/\/infoecos.com.ar\/wp-content\/uploads\/2020\/11\/D_00014_3-scaled.jpg",2560,1707,false],"thumbnail":["https:\/\/infoecos.com.ar\/wp-content\/uploads\/2020\/11\/D_00014_3-150x150.jpg",150,150,true],"medium":["https:\/\/infoecos.com.ar\/wp-content\/uploads\/2020\/11\/D_00014_3-460x307.jpg",460,307,true],"medium_large":["https:\/\/infoecos.com.ar\/wp-content\/uploads\/2020\/11\/D_00014_3-768x512.jpg",640,427,true],"large":["https:\/\/infoecos.com.ar\/wp-content\/uploads\/2020\/11\/D_00014_3-920x614.jpg",640,427,true],"1536x1536":["https:\/\/infoecos.com.ar\/wp-content\/uploads\/2020\/11\/D_00014_3-1536x1024.jpg",1536,1024,true],"2048x2048":["https:\/\/infoecos.com.ar\/wp-content\/uploads\/2020\/11\/D_00014_3-2048x1366.jpg",2048,1366,true],"covernews-slider-full":["https:\/\/infoecos.com.ar\/wp-content\/uploads\/2020\/11\/D_00014_3-1536x1020.jpg",1077,715,true],"covernews-slider-center":["https:\/\/infoecos.com.ar\/wp-content\/uploads\/2020\/11\/D_00014_3-936x897.jpg",522,500,true],"covernews-featured":["https:\/\/infoecos.com.ar\/wp-content\/uploads\/2020\/11\/D_00014_3-1024x683.jpg",1024,683,true],"covernews-medium":["https:\/\/infoecos.com.ar\/wp-content\/uploads\/2020\/11\/D_00014_3-720x380.jpg",540,285,true],"covernews-medium-square":["https:\/\/infoecos.com.ar\/wp-content\/uploads\/2020\/11\/D_00014_3-675x450.jpg",375,250,true]},"author_info":{"info":["Jorge Matheus"]},"category_info":"<a href=\"https:\/\/infoecos.com.ar\/index.php\/category\/c3nota1\/\" rel=\"category tag\">C3 N1<\/a>","tag_info":"C3 N1","comment_count":"0","_links":{"self":[{"href":"https:\/\/infoecos.com.ar\/index.php\/wp-json\/wp\/v2\/posts\/73679"}],"collection":[{"href":"https:\/\/infoecos.com.ar\/index.php\/wp-json\/wp\/v2\/posts"}],"about":[{"href":"https:\/\/infoecos.com.ar\/index.php\/wp-json\/wp\/v2\/types\/post"}],"author":[{"embeddable":true,"href":"https:\/\/infoecos.com.ar\/index.php\/wp-json\/wp\/v2\/users\/2"}],"replies":[{"embeddable":true,"href":"https:\/\/infoecos.com.ar\/index.php\/wp-json\/wp\/v2\/comments?post=73679"}],"version-history":[{"count":1,"href":"https:\/\/infoecos.com.ar\/index.php\/wp-json\/wp\/v2\/posts\/73679\/revisions"}],"predecessor-version":[{"id":73680,"href":"https:\/\/infoecos.com.ar\/index.php\/wp-json\/wp\/v2\/posts\/73679\/revisions\/73680"}],"wp:featuredmedia":[{"embeddable":true,"href":"https:\/\/infoecos.com.ar\/index.php\/wp-json\/wp\/v2\/media\/70522"}],"wp:attachment":[{"href":"https:\/\/infoecos.com.ar\/index.php\/wp-json\/wp\/v2\/media?parent=73679"}],"wp:term":[{"taxonomy":"category","embeddable":true,"href":"https:\/\/infoecos.com.ar\/index.php\/wp-json\/wp\/v2\/categories?post=73679"},{"taxonomy":"post_tag","embeddable":true,"href":"https:\/\/infoecos.com.ar\/index.php\/wp-json\/wp\/v2\/tags?post=73679"}],"curies":[{"name":"wp","href":"https:\/\/api.w.org\/{rel}","templated":true}]}}