{"id":73698,"date":"2021-02-02T01:09:25","date_gmt":"2021-02-02T04:09:25","guid":{"rendered":"http:\/\/infoecos.com.ar\/?p=73698"},"modified":"2021-02-03T03:53:20","modified_gmt":"2021-02-03T06:53:20","slug":"no-se-pusieron-de-acuerdo-el-gobierno-de-la-provincia-de-buenos-aires-y-la-asociacion-judicial","status":"publish","type":"post","link":"https:\/\/infoecos.com.ar\/index.php\/no-se-pusieron-de-acuerdo-el-gobierno-de-la-provincia-de-buenos-aires-y-la-asociacion-judicial\/","title":{"rendered":"Hoy mi\u00e9rcoles vuelven a reunirse el gobierno bonaerense y la Asociaci\u00f3n Judicial Bonaerense"},"content":{"rendered":"\n<p class=\"wp-block-paragraph\">El gobierno provincial elev\u00f3 la propuesta de aumento anual para 2020 del 31 al 33% para los empleados judiciales. Los representantes de la asociaci\u00f3n que nuclea a estos \u00faltimos la calificaron de insuficiente. Por lo tanto se pas\u00f3 a un cuarto intermedio hasta el mi\u00e9rcoles a la ma\u00f1ana. <\/p>\n\n\n\n<div class=\"wp-block-image\"><figure class=\"aligncenter size-medium\"><img loading=\"lazy\" decoding=\"async\" width=\"460\" height=\"306\" src=\"http:\/\/infoecos.com.ar\/wp-content\/uploads\/2020\/09\/casagobietrnobsa-460x306.jpg\" alt=\"\" class=\"wp-image-68637\" srcset=\"https:\/\/infoecos.com.ar\/wp-content\/uploads\/2020\/09\/casagobietrnobsa-460x306.jpg 460w, https:\/\/infoecos.com.ar\/wp-content\/uploads\/2020\/09\/casagobietrnobsa-675x450.jpg 675w, https:\/\/infoecos.com.ar\/wp-content\/uploads\/2020\/09\/casagobietrnobsa.jpg 760w\" sizes=\"auto, (max-width: 460px) 100vw, 460px\" \/><\/figure><\/div>\n\n\n\n<p class=\"wp-block-paragraph\">A fin de informar los detalles de la reuni\u00f3n del d\u00eda mi\u00e9rcoles y evaluar los pasos a seguir, la <strong>AJB<\/strong> convoc\u00f3 a realizar asambleas en los diecinueve departamentos judiciales el jueves 4 de febrero.<\/p>\n\n\n\n<p class=\"wp-block-paragraph\">Asimismo, la AJB reiter\u00f3 el pedido de incluir entre los grupos prioritarios de vacunaci\u00f3n al personal del Poder Judicial.<\/p>\n\n\n\n<p class=\"wp-block-paragraph\">El Ejecutivo provincial manifest\u00f3 la decisi\u00f3n de dar inicio a la paritaria correspondiente al 2021 en el transcurso del mes de febrero.<\/p>\n\n\n\n<p class=\"wp-block-paragraph\"><strong>Nota con aportes de latecla.info<\/strong><\/p>\n","protected":false},"excerpt":{"rendered":"<p>A fin de informar los detalles de la reuni\u00f3n del d\u00eda mi\u00e9rcoles y evaluar los pasos a seguir, la AJB convoc\u00f3 a realizar asambleas en los diecinueve departamentos judiciales el jueves 4 de febrero<\/p>\n","protected":false},"author":2,"featured_media":68637,"comment_status":"closed","ping_status":"open","sticky":false,"template":"","format":"standard","meta":{"footnotes":""},"categories":[198],"tags":[2787],"class_list":["post-73698","post","type-post","status-publish","format-standard","has-post-thumbnail","hentry","category-c1nota5","tag-el-miercoles-vuelven-a-reunirse"],"featured_image_urls":{"full":["https:\/\/infoecos.com.ar\/wp-content\/uploads\/2020\/09\/casagobietrnobsa.jpg",760,506,false],"thumbnail":["https:\/\/infoecos.com.ar\/wp-content\/uploads\/2020\/09\/casagobietrnobsa-150x150.jpg",150,150,true],"medium":["https:\/\/infoecos.com.ar\/wp-content\/uploads\/2020\/09\/casagobietrnobsa-460x306.jpg",460,306,true],"medium_large":["https:\/\/infoecos.com.ar\/wp-content\/uploads\/2020\/09\/casagobietrnobsa.jpg",640,426,false],"large":["https:\/\/infoecos.com.ar\/wp-content\/uploads\/2020\/09\/casagobietrnobsa.jpg",640,426,false],"1536x1536":["https:\/\/infoecos.com.ar\/wp-content\/uploads\/2020\/09\/casagobietrnobsa.jpg",760,506,false],"2048x2048":["https:\/\/infoecos.com.ar\/wp-content\/uploads\/2020\/09\/casagobietrnobsa.jpg",760,506,false],"covernews-slider-full":["https:\/\/infoecos.com.ar\/wp-content\/uploads\/2020\/09\/casagobietrnobsa.jpg",760,506,false],"covernews-slider-center":["https:\/\/infoecos.com.ar\/wp-content\/uploads\/2020\/09\/casagobietrnobsa.jpg",751,500,false],"covernews-featured":["https:\/\/infoecos.com.ar\/wp-content\/uploads\/2020\/09\/casagobietrnobsa.jpg",760,506,false],"covernews-medium":["https:\/\/infoecos.com.ar\/wp-content\/uploads\/2020\/09\/casagobietrnobsa-720x380.jpg",540,285,true],"covernews-medium-square":["https:\/\/infoecos.com.ar\/wp-content\/uploads\/2020\/09\/casagobietrnobsa-675x450.jpg",375,250,true]},"author_info":{"info":["Jorge Matheus"]},"category_info":"<a href=\"https:\/\/infoecos.com.ar\/index.php\/category\/c1nota5\/\" rel=\"category tag\">C1 nota 5<\/a>","tag_info":"C1 nota 5","comment_count":"0","_links":{"self":[{"href":"https:\/\/infoecos.com.ar\/index.php\/wp-json\/wp\/v2\/posts\/73698","targetHints":{"allow":["GET"]}}],"collection":[{"href":"https:\/\/infoecos.com.ar\/index.php\/wp-json\/wp\/v2\/posts"}],"about":[{"href":"https:\/\/infoecos.com.ar\/index.php\/wp-json\/wp\/v2\/types\/post"}],"author":[{"embeddable":true,"href":"https:\/\/infoecos.com.ar\/index.php\/wp-json\/wp\/v2\/users\/2"}],"replies":[{"embeddable":true,"href":"https:\/\/infoecos.com.ar\/index.php\/wp-json\/wp\/v2\/comments?post=73698"}],"version-history":[{"count":2,"href":"https:\/\/infoecos.com.ar\/index.php\/wp-json\/wp\/v2\/posts\/73698\/revisions"}],"predecessor-version":[{"id":73772,"href":"https:\/\/infoecos.com.ar\/index.php\/wp-json\/wp\/v2\/posts\/73698\/revisions\/73772"}],"wp:featuredmedia":[{"embeddable":true,"href":"https:\/\/infoecos.com.ar\/index.php\/wp-json\/wp\/v2\/media\/68637"}],"wp:attachment":[{"href":"https:\/\/infoecos.com.ar\/index.php\/wp-json\/wp\/v2\/media?parent=73698"}],"wp:term":[{"taxonomy":"category","embeddable":true,"href":"https:\/\/infoecos.com.ar\/index.php\/wp-json\/wp\/v2\/categories?post=73698"},{"taxonomy":"post_tag","embeddable":true,"href":"https:\/\/infoecos.com.ar\/index.php\/wp-json\/wp\/v2\/tags?post=73698"}],"curies":[{"name":"wp","href":"https:\/\/api.w.org\/{rel}","templated":true}]}}