{"id":73742,"date":"2021-02-02T18:12:49","date_gmt":"2021-02-02T21:12:49","guid":{"rendered":"http:\/\/infoecos.com.ar\/?p=73742"},"modified":"2021-02-04T02:52:56","modified_gmt":"2021-02-04T05:52:56","slug":"el-concejo-deliberante-de-trenque-lauquen-ya-atiende-al-publico-y-se-reanudan-las-reuniones-de-comision","status":"publish","type":"post","link":"https:\/\/infoecos.com.ar\/index.php\/el-concejo-deliberante-de-trenque-lauquen-ya-atiende-al-publico-y-se-reanudan-las-reuniones-de-comision\/","title":{"rendered":"El Concejo Deliberante de Trenque Lauquen ya atiende al p\u00fablico y se reanudan las reuniones de comisi\u00f3n"},"content":{"rendered":"\n<p>El Concejo Deliberante de Trenque Lauquen reinicia sus actividades luego de las refacciones que se realizaron durante todo el mes de Enero.<\/p>\n\n\n\n<p>En un decreto de la presidencia del cuerpo que se dio a conocer este mi\u00e9rcoles que \u00abya es posible abrir la atenci\u00f3n al p\u00fablico y asimismo recibir a los concejales que quieran concurrir a trabajar en el recinto\u00bb.<\/p>\n\n\n\n<div class=\"wp-block-image\"><figure class=\"aligncenter size-medium\"><img loading=\"lazy\" decoding=\"async\" width=\"460\" height=\"237\" src=\"http:\/\/infoecos.com.ar\/wp-content\/uploads\/concejod-460x237.jpg\" alt=\"\" class=\"wp-image-61711\" srcset=\"https:\/\/infoecos.com.ar\/wp-content\/uploads\/concejod-460x237.jpg 460w, https:\/\/infoecos.com.ar\/wp-content\/uploads\/concejod-768x396.jpg 768w, https:\/\/infoecos.com.ar\/wp-content\/uploads\/concejod.jpg 825w\" sizes=\"(max-width: 460px) 100vw, 460px\" \/><figcaption>Concejo Deliberante de Trenque Lauquen<\/figcaption><\/figure><\/div>\n\n\n\n<p>En el mismo ordenamiento se dispone que hasta el 28 de Febrero el horario de atenci\u00f3n al p\u00fablico ser\u00e1 de 07.00 a 13.00, mientras que habr\u00e1 una guardia para atenci\u00f3n exclusiva de los ediles entre las 19.30 y 21.30. Las comisiones internas, en tanto, han sido convocadas para los d\u00edas 22 y 23 del corriente mes en sus horarios habituales.<\/p>\n\n\n\n<p>A partir del 1 de marzo la atenci\u00f3n al p\u00fablico ser\u00e1 de 07 a 13.00 y de 16.00 a 22 horas.<\/p>\n\n\n\n<p><br><\/p>\n","protected":false},"excerpt":{"rendered":"<p>Hasta el 28 de Febrero el horario de atenci\u00f3n al p\u00fablico ser\u00e1 de 07.00 a 13.00 <\/p>\n","protected":false},"author":2,"featured_media":61711,"comment_status":"closed","ping_status":"open","sticky":false,"template":"","format":"standard","meta":{"footnotes":""},"categories":[201],"tags":[2797],"class_list":["post-73742","post","type-post","status-publish","format-standard","has-post-thumbnail","hentry","category-inferior9","tag-culminaron-trabajos-de-refaccion"],"yoast_head":"<!-- This site is optimized with the Yoast SEO plugin v23.4 - https:\/\/yoast.com\/wordpress\/plugins\/seo\/ -->\n<title>El Concejo Deliberante de Trenque Lauquen ya atiende al p\u00fablico y se reanudan las reuniones de comisi\u00f3n - Infoecos<\/title>\n<meta name=\"robots\" content=\"index, follow, max-snippet:-1, max-image-preview:large, max-video-preview:-1\" \/>\n<link rel=\"canonical\" href=\"https:\/\/infoecos.com.ar\/index.php\/el-concejo-deliberante-de-trenque-lauquen-ya-atiende-al-publico-y-se-reanudan-las-reuniones-de-comision\/\" \/>\n<meta property=\"og:locale\" content=\"es_ES\" \/>\n<meta property=\"og:type\" content=\"article\" \/>\n<meta property=\"og:title\" content=\"El Concejo Deliberante de Trenque Lauquen ya atiende al p\u00fablico y se reanudan las reuniones de comisi\u00f3n - Infoecos\" \/>\n<meta property=\"og:description\" content=\"Hasta el 28 de Febrero el horario de atenci\u00f3n al p\u00fablico ser\u00e1 de 07.00 a 13.00\" \/>\n<meta property=\"og:url\" content=\"https:\/\/infoecos.com.ar\/index.php\/el-concejo-deliberante-de-trenque-lauquen-ya-atiende-al-publico-y-se-reanudan-las-reuniones-de-comision\/\" \/>\n<meta property=\"og:site_name\" content=\"Infoecos\" \/>\n<meta property=\"article:publisher\" content=\"https:\/\/www.facebook.com\/profile.php?id=100063200290284\" \/>\n<meta property=\"article:published_time\" content=\"2021-02-02T21:12:49+00:00\" \/>\n<meta property=\"article:modified_time\" content=\"2021-02-04T05:52:56+00:00\" \/>\n<meta property=\"og:image\" content=\"https:\/\/infoecos.com.ar\/wp-content\/uploads\/concejod.jpg\" \/>\n\t<meta property=\"og:image:width\" content=\"825\" \/>\n\t<meta property=\"og:image:height\" content=\"425\" \/>\n\t<meta property=\"og:image:type\" content=\"image\/jpeg\" \/>\n<meta name=\"author\" content=\"Jorge Matheus\" \/>\n<meta name=\"twitter:card\" content=\"summary_large_image\" \/>\n<meta name=\"twitter:creator\" content=\"@infoecos\" \/>\n<meta name=\"twitter:site\" content=\"@infoecos\" \/>\n<meta name=\"twitter:label1\" content=\"Escrito por\" \/>\n\t<meta name=\"twitter:data1\" content=\"Jorge Matheus\" \/>\n\t<meta name=\"twitter:label2\" content=\"Tiempo de lectura\" \/>\n\t<meta name=\"twitter:data2\" content=\"1 minuto\" \/>\n<script type=\"application\/ld+json\" class=\"yoast-schema-graph\">{\"@context\":\"https:\/\/schema.org\",\"@graph\":[{\"@type\":\"Article\",\"@id\":\"https:\/\/infoecos.com.ar\/index.php\/el-concejo-deliberante-de-trenque-lauquen-ya-atiende-al-publico-y-se-reanudan-las-reuniones-de-comision\/#article\",\"isPartOf\":{\"@id\":\"https:\/\/infoecos.com.ar\/index.php\/el-concejo-deliberante-de-trenque-lauquen-ya-atiende-al-publico-y-se-reanudan-las-reuniones-de-comision\/\"},\"author\":{\"name\":\"Jorge Matheus\",\"@id\":\"https:\/\/infoecos.com.ar\/#\/schema\/person\/8f5ace5ce73b4b4aac4b7245aee6f191\"},\"headline\":\"El Concejo Deliberante de Trenque Lauquen ya atiende al p\u00fablico y se reanudan las reuniones de comisi\u00f3n\",\"datePublished\":\"2021-02-02T21:12:49+00:00\",\"dateModified\":\"2021-02-04T05:52:56+00:00\",\"mainEntityOfPage\":{\"@id\":\"https:\/\/infoecos.com.ar\/index.php\/el-concejo-deliberante-de-trenque-lauquen-ya-atiende-al-publico-y-se-reanudan-las-reuniones-de-comision\/\"},\"wordCount\":162,\"publisher\":{\"@id\":\"https:\/\/infoecos.com.ar\/#organization\"},\"image\":{\"@id\":\"https:\/\/infoecos.com.ar\/index.php\/el-concejo-deliberante-de-trenque-lauquen-ya-atiende-al-publico-y-se-reanudan-las-reuniones-de-comision\/#primaryimage\"},\"thumbnailUrl\":\"https:\/\/infoecos.com.ar\/wp-content\/uploads\/concejod.jpg\",\"keywords\":[\"CULMINARON TRABAJOS DE REFACCI\u00d3N\"],\"articleSection\":[\"Bloque inferior - 9\"],\"inLanguage\":\"es\"},{\"@type\":\"WebPage\",\"@id\":\"https:\/\/infoecos.com.ar\/index.php\/el-concejo-deliberante-de-trenque-lauquen-ya-atiende-al-publico-y-se-reanudan-las-reuniones-de-comision\/\",\"url\":\"https:\/\/infoecos.com.ar\/index.php\/el-concejo-deliberante-de-trenque-lauquen-ya-atiende-al-publico-y-se-reanudan-las-reuniones-de-comision\/\",\"name\":\"El Concejo Deliberante de Trenque Lauquen ya atiende al p\u00fablico y se reanudan las reuniones de comisi\u00f3n - Infoecos\",\"isPartOf\":{\"@id\":\"https:\/\/infoecos.com.ar\/#website\"},\"primaryImageOfPage\":{\"@id\":\"https:\/\/infoecos.com.ar\/index.php\/el-concejo-deliberante-de-trenque-lauquen-ya-atiende-al-publico-y-se-reanudan-las-reuniones-de-comision\/#primaryimage\"},\"image\":{\"@id\":\"https:\/\/infoecos.com.ar\/index.php\/el-concejo-deliberante-de-trenque-lauquen-ya-atiende-al-publico-y-se-reanudan-las-reuniones-de-comision\/#primaryimage\"},\"thumbnailUrl\":\"https:\/\/infoecos.com.ar\/wp-content\/uploads\/concejod.jpg\",\"datePublished\":\"2021-02-02T21:12:49+00:00\",\"dateModified\":\"2021-02-04T05:52:56+00:00\",\"breadcrumb\":{\"@id\":\"https:\/\/infoecos.com.ar\/index.php\/el-concejo-deliberante-de-trenque-lauquen-ya-atiende-al-publico-y-se-reanudan-las-reuniones-de-comision\/#breadcrumb\"},\"inLanguage\":\"es\",\"potentialAction\":[{\"@type\":\"ReadAction\",\"target\":[\"https:\/\/infoecos.com.ar\/index.php\/el-concejo-deliberante-de-trenque-lauquen-ya-atiende-al-publico-y-se-reanudan-las-reuniones-de-comision\/\"]}]},{\"@type\":\"ImageObject\",\"inLanguage\":\"es\",\"@id\":\"https:\/\/infoecos.com.ar\/index.php\/el-concejo-deliberante-de-trenque-lauquen-ya-atiende-al-publico-y-se-reanudan-las-reuniones-de-comision\/#primaryimage\",\"url\":\"https:\/\/infoecos.com.ar\/wp-content\/uploads\/concejod.jpg\",\"contentUrl\":\"https:\/\/infoecos.com.ar\/wp-content\/uploads\/concejod.jpg\",\"width\":825,\"height\":425,\"caption\":\"Concejo Deliberante de Trenque Lauquen\"},{\"@type\":\"BreadcrumbList\",\"@id\":\"https:\/\/infoecos.com.ar\/index.php\/el-concejo-deliberante-de-trenque-lauquen-ya-atiende-al-publico-y-se-reanudan-las-reuniones-de-comision\/#breadcrumb\",\"itemListElement\":[{\"@type\":\"ListItem\",\"position\":1,\"name\":\"Portada\",\"item\":\"https:\/\/infoecos.com.ar\/\"},{\"@type\":\"ListItem\",\"position\":2,\"name\":\"El Concejo Deliberante de Trenque Lauquen ya atiende al p\u00fablico y se reanudan las reuniones de comisi\u00f3n\"}]},{\"@type\":\"WebSite\",\"@id\":\"https:\/\/infoecos.com.ar\/#website\",\"url\":\"https:\/\/infoecos.com.ar\/\",\"name\":\"Infoecos\",\"description\":\"Noticias de trenque lauquen y la zona\",\"publisher\":{\"@id\":\"https:\/\/infoecos.com.ar\/#organization\"},\"alternateName\":\"Noticias\",\"potentialAction\":[{\"@type\":\"SearchAction\",\"target\":{\"@type\":\"EntryPoint\",\"urlTemplate\":\"https:\/\/infoecos.com.ar\/?s={search_term_string}\"},\"query-input\":{\"@type\":\"PropertyValueSpecification\",\"valueRequired\":true,\"valueName\":\"search_term_string\"}}],\"inLanguage\":\"es\"},{\"@type\":\"Organization\",\"@id\":\"https:\/\/infoecos.com.ar\/#organization\",\"name\":\"Infoecos\",\"alternateName\":\"Noticias\",\"url\":\"https:\/\/infoecos.com.ar\/\",\"logo\":{\"@type\":\"ImageObject\",\"inLanguage\":\"es\",\"@id\":\"https:\/\/infoecos.com.ar\/#\/schema\/logo\/image\/\",\"url\":\"https:\/\/infoecos.com.ar\/wp-content\/uploads\/2024\/03\/cropped-logo.png\",\"contentUrl\":\"https:\/\/infoecos.com.ar\/wp-content\/uploads\/2024\/03\/cropped-logo.png\",\"width\":374,\"height\":90,\"caption\":\"Infoecos\"},\"image\":{\"@id\":\"https:\/\/infoecos.com.ar\/#\/schema\/logo\/image\/\"},\"sameAs\":[\"https:\/\/www.facebook.com\/profile.php?id=100063200290284\",\"https:\/\/x.com\/infoecos\"]},{\"@type\":\"Person\",\"@id\":\"https:\/\/infoecos.com.ar\/#\/schema\/person\/8f5ace5ce73b4b4aac4b7245aee6f191\",\"name\":\"Jorge Matheus\",\"url\":\"https:\/\/infoecos.com.ar\/index.php\/author\/jomatheus\/\"}]}<\/script>\n<!-- \/ Yoast SEO plugin. -->","yoast_head_json":{"title":"El Concejo Deliberante de Trenque Lauquen ya atiende al p\u00fablico y se reanudan las reuniones de comisi\u00f3n - Infoecos","robots":{"index":"index","follow":"follow","max-snippet":"max-snippet:-1","max-image-preview":"max-image-preview:large","max-video-preview":"max-video-preview:-1"},"canonical":"https:\/\/infoecos.com.ar\/index.php\/el-concejo-deliberante-de-trenque-lauquen-ya-atiende-al-publico-y-se-reanudan-las-reuniones-de-comision\/","og_locale":"es_ES","og_type":"article","og_title":"El Concejo Deliberante de Trenque Lauquen ya atiende al p\u00fablico y se reanudan las reuniones de comisi\u00f3n - Infoecos","og_description":"Hasta el 28 de Febrero el horario de atenci\u00f3n al p\u00fablico ser\u00e1 de 07.00 a 13.00","og_url":"https:\/\/infoecos.com.ar\/index.php\/el-concejo-deliberante-de-trenque-lauquen-ya-atiende-al-publico-y-se-reanudan-las-reuniones-de-comision\/","og_site_name":"Infoecos","article_publisher":"https:\/\/www.facebook.com\/profile.php?id=100063200290284","article_published_time":"2021-02-02T21:12:49+00:00","article_modified_time":"2021-02-04T05:52:56+00:00","og_image":[{"width":825,"height":425,"url":"https:\/\/infoecos.com.ar\/wp-content\/uploads\/concejod.jpg","type":"image\/jpeg"}],"author":"Jorge Matheus","twitter_card":"summary_large_image","twitter_creator":"@infoecos","twitter_site":"@infoecos","twitter_misc":{"Escrito por":"Jorge Matheus","Tiempo de lectura":"1 minuto"},"schema":{"@context":"https:\/\/schema.org","@graph":[{"@type":"Article","@id":"https:\/\/infoecos.com.ar\/index.php\/el-concejo-deliberante-de-trenque-lauquen-ya-atiende-al-publico-y-se-reanudan-las-reuniones-de-comision\/#article","isPartOf":{"@id":"https:\/\/infoecos.com.ar\/index.php\/el-concejo-deliberante-de-trenque-lauquen-ya-atiende-al-publico-y-se-reanudan-las-reuniones-de-comision\/"},"author":{"name":"Jorge Matheus","@id":"https:\/\/infoecos.com.ar\/#\/schema\/person\/8f5ace5ce73b4b4aac4b7245aee6f191"},"headline":"El Concejo Deliberante de Trenque Lauquen ya atiende al p\u00fablico y se reanudan las reuniones de comisi\u00f3n","datePublished":"2021-02-02T21:12:49+00:00","dateModified":"2021-02-04T05:52:56+00:00","mainEntityOfPage":{"@id":"https:\/\/infoecos.com.ar\/index.php\/el-concejo-deliberante-de-trenque-lauquen-ya-atiende-al-publico-y-se-reanudan-las-reuniones-de-comision\/"},"wordCount":162,"publisher":{"@id":"https:\/\/infoecos.com.ar\/#organization"},"image":{"@id":"https:\/\/infoecos.com.ar\/index.php\/el-concejo-deliberante-de-trenque-lauquen-ya-atiende-al-publico-y-se-reanudan-las-reuniones-de-comision\/#primaryimage"},"thumbnailUrl":"https:\/\/infoecos.com.ar\/wp-content\/uploads\/concejod.jpg","keywords":["CULMINARON TRABAJOS DE REFACCI\u00d3N"],"articleSection":["Bloque inferior - 9"],"inLanguage":"es"},{"@type":"WebPage","@id":"https:\/\/infoecos.com.ar\/index.php\/el-concejo-deliberante-de-trenque-lauquen-ya-atiende-al-publico-y-se-reanudan-las-reuniones-de-comision\/","url":"https:\/\/infoecos.com.ar\/index.php\/el-concejo-deliberante-de-trenque-lauquen-ya-atiende-al-publico-y-se-reanudan-las-reuniones-de-comision\/","name":"El Concejo Deliberante de Trenque Lauquen ya atiende al p\u00fablico y se reanudan las reuniones de comisi\u00f3n - Infoecos","isPartOf":{"@id":"https:\/\/infoecos.com.ar\/#website"},"primaryImageOfPage":{"@id":"https:\/\/infoecos.com.ar\/index.php\/el-concejo-deliberante-de-trenque-lauquen-ya-atiende-al-publico-y-se-reanudan-las-reuniones-de-comision\/#primaryimage"},"image":{"@id":"https:\/\/infoecos.com.ar\/index.php\/el-concejo-deliberante-de-trenque-lauquen-ya-atiende-al-publico-y-se-reanudan-las-reuniones-de-comision\/#primaryimage"},"thumbnailUrl":"https:\/\/infoecos.com.ar\/wp-content\/uploads\/concejod.jpg","datePublished":"2021-02-02T21:12:49+00:00","dateModified":"2021-02-04T05:52:56+00:00","breadcrumb":{"@id":"https:\/\/infoecos.com.ar\/index.php\/el-concejo-deliberante-de-trenque-lauquen-ya-atiende-al-publico-y-se-reanudan-las-reuniones-de-comision\/#breadcrumb"},"inLanguage":"es","potentialAction":[{"@type":"ReadAction","target":["https:\/\/infoecos.com.ar\/index.php\/el-concejo-deliberante-de-trenque-lauquen-ya-atiende-al-publico-y-se-reanudan-las-reuniones-de-comision\/"]}]},{"@type":"ImageObject","inLanguage":"es","@id":"https:\/\/infoecos.com.ar\/index.php\/el-concejo-deliberante-de-trenque-lauquen-ya-atiende-al-publico-y-se-reanudan-las-reuniones-de-comision\/#primaryimage","url":"https:\/\/infoecos.com.ar\/wp-content\/uploads\/concejod.jpg","contentUrl":"https:\/\/infoecos.com.ar\/wp-content\/uploads\/concejod.jpg","width":825,"height":425,"caption":"Concejo Deliberante de Trenque Lauquen"},{"@type":"BreadcrumbList","@id":"https:\/\/infoecos.com.ar\/index.php\/el-concejo-deliberante-de-trenque-lauquen-ya-atiende-al-publico-y-se-reanudan-las-reuniones-de-comision\/#breadcrumb","itemListElement":[{"@type":"ListItem","position":1,"name":"Portada","item":"https:\/\/infoecos.com.ar\/"},{"@type":"ListItem","position":2,"name":"El Concejo Deliberante de Trenque Lauquen ya atiende al p\u00fablico y se reanudan las reuniones de comisi\u00f3n"}]},{"@type":"WebSite","@id":"https:\/\/infoecos.com.ar\/#website","url":"https:\/\/infoecos.com.ar\/","name":"Infoecos","description":"Noticias de trenque lauquen y la zona","publisher":{"@id":"https:\/\/infoecos.com.ar\/#organization"},"alternateName":"Noticias","potentialAction":[{"@type":"SearchAction","target":{"@type":"EntryPoint","urlTemplate":"https:\/\/infoecos.com.ar\/?s={search_term_string}"},"query-input":{"@type":"PropertyValueSpecification","valueRequired":true,"valueName":"search_term_string"}}],"inLanguage":"es"},{"@type":"Organization","@id":"https:\/\/infoecos.com.ar\/#organization","name":"Infoecos","alternateName":"Noticias","url":"https:\/\/infoecos.com.ar\/","logo":{"@type":"ImageObject","inLanguage":"es","@id":"https:\/\/infoecos.com.ar\/#\/schema\/logo\/image\/","url":"https:\/\/infoecos.com.ar\/wp-content\/uploads\/2024\/03\/cropped-logo.png","contentUrl":"https:\/\/infoecos.com.ar\/wp-content\/uploads\/2024\/03\/cropped-logo.png","width":374,"height":90,"caption":"Infoecos"},"image":{"@id":"https:\/\/infoecos.com.ar\/#\/schema\/logo\/image\/"},"sameAs":["https:\/\/www.facebook.com\/profile.php?id=100063200290284","https:\/\/x.com\/infoecos"]},{"@type":"Person","@id":"https:\/\/infoecos.com.ar\/#\/schema\/person\/8f5ace5ce73b4b4aac4b7245aee6f191","name":"Jorge Matheus","url":"https:\/\/infoecos.com.ar\/index.php\/author\/jomatheus\/"}]}},"featured_image_urls":{"full":["https:\/\/infoecos.com.ar\/wp-content\/uploads\/concejod.jpg",825,425,false],"thumbnail":["https:\/\/infoecos.com.ar\/wp-content\/uploads\/concejod-150x150.jpg",150,150,true],"medium":["https:\/\/infoecos.com.ar\/wp-content\/uploads\/concejod-460x237.jpg",460,237,true],"medium_large":["https:\/\/infoecos.com.ar\/wp-content\/uploads\/concejod-768x396.jpg",640,330,true],"large":["https:\/\/infoecos.com.ar\/wp-content\/uploads\/concejod.jpg",640,330,false],"1536x1536":["https:\/\/infoecos.com.ar\/wp-content\/uploads\/concejod.jpg",825,425,false],"2048x2048":["https:\/\/infoecos.com.ar\/wp-content\/uploads\/concejod.jpg",825,425,false],"covernews-slider-full":["https:\/\/infoecos.com.ar\/wp-content\/uploads\/concejod.jpg",825,425,false],"covernews-slider-center":["https:\/\/infoecos.com.ar\/wp-content\/uploads\/concejod.jpg",800,412,false],"covernews-featured":["https:\/\/infoecos.com.ar\/wp-content\/uploads\/concejod.jpg",825,425,false],"covernews-medium":["https:\/\/infoecos.com.ar\/wp-content\/uploads\/concejod-720x380.jpg",540,285,true],"covernews-medium-square":["https:\/\/infoecos.com.ar\/wp-content\/uploads\/concejod-675x425.jpg",397,250,true]},"author_info":{"info":["Jorge Matheus"]},"category_info":"<a href=\"https:\/\/infoecos.com.ar\/index.php\/category\/inferior9\/\" rel=\"category tag\">Bloque inferior - 9<\/a>","tag_info":"Bloque inferior - 9","comment_count":"0","_links":{"self":[{"href":"https:\/\/infoecos.com.ar\/index.php\/wp-json\/wp\/v2\/posts\/73742"}],"collection":[{"href":"https:\/\/infoecos.com.ar\/index.php\/wp-json\/wp\/v2\/posts"}],"about":[{"href":"https:\/\/infoecos.com.ar\/index.php\/wp-json\/wp\/v2\/types\/post"}],"author":[{"embeddable":true,"href":"https:\/\/infoecos.com.ar\/index.php\/wp-json\/wp\/v2\/users\/2"}],"replies":[{"embeddable":true,"href":"https:\/\/infoecos.com.ar\/index.php\/wp-json\/wp\/v2\/comments?post=73742"}],"version-history":[{"count":1,"href":"https:\/\/infoecos.com.ar\/index.php\/wp-json\/wp\/v2\/posts\/73742\/revisions"}],"predecessor-version":[{"id":73743,"href":"https:\/\/infoecos.com.ar\/index.php\/wp-json\/wp\/v2\/posts\/73742\/revisions\/73743"}],"wp:featuredmedia":[{"embeddable":true,"href":"https:\/\/infoecos.com.ar\/index.php\/wp-json\/wp\/v2\/media\/61711"}],"wp:attachment":[{"href":"https:\/\/infoecos.com.ar\/index.php\/wp-json\/wp\/v2\/media?parent=73742"}],"wp:term":[{"taxonomy":"category","embeddable":true,"href":"https:\/\/infoecos.com.ar\/index.php\/wp-json\/wp\/v2\/categories?post=73742"},{"taxonomy":"post_tag","embeddable":true,"href":"https:\/\/infoecos.com.ar\/index.php\/wp-json\/wp\/v2\/tags?post=73742"}],"curies":[{"name":"wp","href":"https:\/\/api.w.org\/{rel}","templated":true}]}}