{"id":73769,"date":"2021-02-03T03:51:47","date_gmt":"2021-02-03T06:51:47","guid":{"rendered":"http:\/\/infoecos.com.ar\/?p=73769"},"modified":"2021-02-04T02:49:34","modified_gmt":"2021-02-04T05:49:34","slug":"el-presidente-alberto-fernandez-hablo-alrededor-de-30-minutos-con-vladimir-putin","status":"publish","type":"post","link":"https:\/\/infoecos.com.ar\/index.php\/el-presidente-alberto-fernandez-hablo-alrededor-de-30-minutos-con-vladimir-putin\/","title":{"rendered":"El presidente Alberto Fern\u00e1ndez habl\u00f3 alrededor de 30 minutos con Vladimir Putin"},"content":{"rendered":"\n<p>El presidente Alberto Fern\u00e1ndez mantuvo una comunicaci\u00f3n de alrededor de treinta minutos con su par de la Federaci\u00f3n Rusa, Vladimir Putin, en la que abordaron la situaci\u00f3n epidemiol\u00f3gica de los dos pa\u00edses, la negociaci\u00f3n que mantiene la Argentina con el Fondo Monetario Internacional (FMI) y en especial, la provisi\u00f3n de vacunas.<\/p>\n\n\n\n<div class=\"wp-block-image\"><figure class=\"aligncenter size-medium\"><img loading=\"lazy\" decoding=\"async\" width=\"460\" height=\"259\" src=\"http:\/\/infoecos.com.ar\/wp-content\/uploads\/2021\/02\/fernandezalberto-460x259.jpg\" alt=\"\" class=\"wp-image-73770\" srcset=\"https:\/\/infoecos.com.ar\/wp-content\/uploads\/2021\/02\/fernandezalberto-460x259.jpg 460w, https:\/\/infoecos.com.ar\/wp-content\/uploads\/2021\/02\/fernandezalberto-920x518.jpg 920w, https:\/\/infoecos.com.ar\/wp-content\/uploads\/2021\/02\/fernandezalberto-768x432.jpg 768w, https:\/\/infoecos.com.ar\/wp-content\/uploads\/2021\/02\/fernandezalberto.jpg 1004w\" sizes=\"(max-width: 460px) 100vw, 460px\" \/><\/figure><\/div>\n\n\n\n<p>En contacto telef\u00f3nico desde la Residencia de Olivos,&nbsp;<strong>Fern\u00e1ndez agradeci\u00f3 al instituto Gamaleya y el Fondo Ruso de Inversi\u00f3n Directa por \u00abtodo el esfuerzo\u00bb para avanzar en la provisi\u00f3n de las vacunas Sputnik V<\/strong>, a la que calific\u00f3 como de \u00abexcelencia\u00bb y le coment\u00f3 que los \u00abresultados de la campa\u00f1a de inmunizaci\u00f3n fueron excelentes, y sin efectos adversos\u00bb.<\/p>\n\n\n\n<p>Adem\u00e1s, el Presidente solicit\u00f3 la ayuda de su par de Rusia para garantizar el suministro de vacunas hacia la Argentina y Am\u00e9rica Latina, mientras que&nbsp;<strong><a href=\"https:\/\/www.telam.com.ar\/notas\/202102\/543346-rusia-aumento-produccion-sputnik-v.html\" target=\"_blank\" rel=\"noreferrer noopener\">el premier ruso inform\u00f3 que se est\u00e1 aumentando la producci\u00f3n de la vacuna para que la Argentina reciba el volumen de vacunas acordado<\/a><\/strong>, seg\u00fan inform\u00f3 oficialmente el Gobierno argentino a trav\u00e9s de un comunicado de prensa.<\/p>\n","protected":false},"excerpt":{"rendered":"<p>El Presidente solicit\u00f3 la ayuda de su par de Rusia para garantizar el suministro de vacunas hacia la Argentina y Am\u00e9rica Latina<\/p>\n","protected":false},"author":2,"featured_media":73770,"comment_status":"closed","ping_status":"open","sticky":false,"template":"","format":"standard","meta":{"footnotes":""},"categories":[43],"tags":[2805],"class_list":["post-73769","post","type-post","status-publish","format-standard","has-post-thumbnail","hentry","category-inferior4","tag-agradecimiento-al-presidente-de-la-federacion-rusa"],"yoast_head":"<!-- This site is optimized with the Yoast SEO plugin v23.4 - https:\/\/yoast.com\/wordpress\/plugins\/seo\/ -->\n<title>El presidente Alberto Fern\u00e1ndez habl\u00f3 alrededor de 30 minutos con Vladimir Putin - Infoecos<\/title>\n<meta name=\"robots\" content=\"index, follow, max-snippet:-1, max-image-preview:large, max-video-preview:-1\" \/>\n<link rel=\"canonical\" href=\"https:\/\/infoecos.com.ar\/index.php\/el-presidente-alberto-fernandez-hablo-alrededor-de-30-minutos-con-vladimir-putin\/\" \/>\n<meta property=\"og:locale\" content=\"es_ES\" \/>\n<meta property=\"og:type\" content=\"article\" \/>\n<meta property=\"og:title\" content=\"El presidente Alberto Fern\u00e1ndez habl\u00f3 alrededor de 30 minutos con Vladimir Putin - Infoecos\" \/>\n<meta property=\"og:description\" content=\"El Presidente solicit\u00f3 la ayuda de su par de Rusia para garantizar el suministro de vacunas hacia la Argentina y Am\u00e9rica Latina\" \/>\n<meta property=\"og:url\" content=\"https:\/\/infoecos.com.ar\/index.php\/el-presidente-alberto-fernandez-hablo-alrededor-de-30-minutos-con-vladimir-putin\/\" \/>\n<meta property=\"og:site_name\" content=\"Infoecos\" \/>\n<meta property=\"article:publisher\" content=\"https:\/\/www.facebook.com\/profile.php?id=100063200290284\" \/>\n<meta property=\"article:published_time\" content=\"2021-02-03T06:51:47+00:00\" \/>\n<meta property=\"article:modified_time\" content=\"2021-02-04T05:49:34+00:00\" \/>\n<meta property=\"og:image\" content=\"https:\/\/infoecos.com.ar\/wp-content\/uploads\/2021\/02\/fernandezalberto.jpg\" \/>\n\t<meta property=\"og:image:width\" content=\"1004\" \/>\n\t<meta property=\"og:image:height\" content=\"565\" \/>\n\t<meta property=\"og:image:type\" content=\"image\/jpeg\" \/>\n<meta name=\"author\" content=\"Jorge Matheus\" \/>\n<meta name=\"twitter:card\" content=\"summary_large_image\" \/>\n<meta name=\"twitter:creator\" content=\"@infoecos\" \/>\n<meta name=\"twitter:site\" content=\"@infoecos\" \/>\n<meta name=\"twitter:label1\" content=\"Escrito por\" \/>\n\t<meta name=\"twitter:data1\" content=\"Jorge Matheus\" \/>\n\t<meta name=\"twitter:label2\" content=\"Tiempo de lectura\" \/>\n\t<meta name=\"twitter:data2\" content=\"1 minuto\" \/>\n<script type=\"application\/ld+json\" class=\"yoast-schema-graph\">{\"@context\":\"https:\/\/schema.org\",\"@graph\":[{\"@type\":\"Article\",\"@id\":\"https:\/\/infoecos.com.ar\/index.php\/el-presidente-alberto-fernandez-hablo-alrededor-de-30-minutos-con-vladimir-putin\/#article\",\"isPartOf\":{\"@id\":\"https:\/\/infoecos.com.ar\/index.php\/el-presidente-alberto-fernandez-hablo-alrededor-de-30-minutos-con-vladimir-putin\/\"},\"author\":{\"name\":\"Jorge Matheus\",\"@id\":\"https:\/\/infoecos.com.ar\/#\/schema\/person\/8f5ace5ce73b4b4aac4b7245aee6f191\"},\"headline\":\"El presidente Alberto Fern\u00e1ndez habl\u00f3 alrededor de 30 minutos con Vladimir Putin\",\"datePublished\":\"2021-02-03T06:51:47+00:00\",\"dateModified\":\"2021-02-04T05:49:34+00:00\",\"mainEntityOfPage\":{\"@id\":\"https:\/\/infoecos.com.ar\/index.php\/el-presidente-alberto-fernandez-hablo-alrededor-de-30-minutos-con-vladimir-putin\/\"},\"wordCount\":203,\"publisher\":{\"@id\":\"https:\/\/infoecos.com.ar\/#organization\"},\"image\":{\"@id\":\"https:\/\/infoecos.com.ar\/index.php\/el-presidente-alberto-fernandez-hablo-alrededor-de-30-minutos-con-vladimir-putin\/#primaryimage\"},\"thumbnailUrl\":\"https:\/\/infoecos.com.ar\/wp-content\/uploads\/2021\/02\/fernandezalberto.jpg\",\"keywords\":[\"AGRADECIMIENTO AL PRESIDENTE DE LA FEDERACI\u00d3N RUSA\"],\"articleSection\":[\"Bloque inferior - 4\"],\"inLanguage\":\"es\"},{\"@type\":\"WebPage\",\"@id\":\"https:\/\/infoecos.com.ar\/index.php\/el-presidente-alberto-fernandez-hablo-alrededor-de-30-minutos-con-vladimir-putin\/\",\"url\":\"https:\/\/infoecos.com.ar\/index.php\/el-presidente-alberto-fernandez-hablo-alrededor-de-30-minutos-con-vladimir-putin\/\",\"name\":\"El presidente Alberto Fern\u00e1ndez habl\u00f3 alrededor de 30 minutos con Vladimir Putin - Infoecos\",\"isPartOf\":{\"@id\":\"https:\/\/infoecos.com.ar\/#website\"},\"primaryImageOfPage\":{\"@id\":\"https:\/\/infoecos.com.ar\/index.php\/el-presidente-alberto-fernandez-hablo-alrededor-de-30-minutos-con-vladimir-putin\/#primaryimage\"},\"image\":{\"@id\":\"https:\/\/infoecos.com.ar\/index.php\/el-presidente-alberto-fernandez-hablo-alrededor-de-30-minutos-con-vladimir-putin\/#primaryimage\"},\"thumbnailUrl\":\"https:\/\/infoecos.com.ar\/wp-content\/uploads\/2021\/02\/fernandezalberto.jpg\",\"datePublished\":\"2021-02-03T06:51:47+00:00\",\"dateModified\":\"2021-02-04T05:49:34+00:00\",\"breadcrumb\":{\"@id\":\"https:\/\/infoecos.com.ar\/index.php\/el-presidente-alberto-fernandez-hablo-alrededor-de-30-minutos-con-vladimir-putin\/#breadcrumb\"},\"inLanguage\":\"es\",\"potentialAction\":[{\"@type\":\"ReadAction\",\"target\":[\"https:\/\/infoecos.com.ar\/index.php\/el-presidente-alberto-fernandez-hablo-alrededor-de-30-minutos-con-vladimir-putin\/\"]}]},{\"@type\":\"ImageObject\",\"inLanguage\":\"es\",\"@id\":\"https:\/\/infoecos.com.ar\/index.php\/el-presidente-alberto-fernandez-hablo-alrededor-de-30-minutos-con-vladimir-putin\/#primaryimage\",\"url\":\"https:\/\/infoecos.com.ar\/wp-content\/uploads\/2021\/02\/fernandezalberto.jpg\",\"contentUrl\":\"https:\/\/infoecos.com.ar\/wp-content\/uploads\/2021\/02\/fernandezalberto.jpg\",\"width\":1004,\"height\":565},{\"@type\":\"BreadcrumbList\",\"@id\":\"https:\/\/infoecos.com.ar\/index.php\/el-presidente-alberto-fernandez-hablo-alrededor-de-30-minutos-con-vladimir-putin\/#breadcrumb\",\"itemListElement\":[{\"@type\":\"ListItem\",\"position\":1,\"name\":\"Portada\",\"item\":\"https:\/\/infoecos.com.ar\/\"},{\"@type\":\"ListItem\",\"position\":2,\"name\":\"El presidente Alberto Fern\u00e1ndez habl\u00f3 alrededor de 30 minutos con Vladimir Putin\"}]},{\"@type\":\"WebSite\",\"@id\":\"https:\/\/infoecos.com.ar\/#website\",\"url\":\"https:\/\/infoecos.com.ar\/\",\"name\":\"Infoecos\",\"description\":\"Noticias de trenque lauquen y la zona\",\"publisher\":{\"@id\":\"https:\/\/infoecos.com.ar\/#organization\"},\"alternateName\":\"Noticias\",\"potentialAction\":[{\"@type\":\"SearchAction\",\"target\":{\"@type\":\"EntryPoint\",\"urlTemplate\":\"https:\/\/infoecos.com.ar\/?s={search_term_string}\"},\"query-input\":{\"@type\":\"PropertyValueSpecification\",\"valueRequired\":true,\"valueName\":\"search_term_string\"}}],\"inLanguage\":\"es\"},{\"@type\":\"Organization\",\"@id\":\"https:\/\/infoecos.com.ar\/#organization\",\"name\":\"Infoecos\",\"alternateName\":\"Noticias\",\"url\":\"https:\/\/infoecos.com.ar\/\",\"logo\":{\"@type\":\"ImageObject\",\"inLanguage\":\"es\",\"@id\":\"https:\/\/infoecos.com.ar\/#\/schema\/logo\/image\/\",\"url\":\"https:\/\/infoecos.com.ar\/wp-content\/uploads\/2024\/03\/cropped-logo.png\",\"contentUrl\":\"https:\/\/infoecos.com.ar\/wp-content\/uploads\/2024\/03\/cropped-logo.png\",\"width\":374,\"height\":90,\"caption\":\"Infoecos\"},\"image\":{\"@id\":\"https:\/\/infoecos.com.ar\/#\/schema\/logo\/image\/\"},\"sameAs\":[\"https:\/\/www.facebook.com\/profile.php?id=100063200290284\",\"https:\/\/x.com\/infoecos\"]},{\"@type\":\"Person\",\"@id\":\"https:\/\/infoecos.com.ar\/#\/schema\/person\/8f5ace5ce73b4b4aac4b7245aee6f191\",\"name\":\"Jorge Matheus\",\"url\":\"https:\/\/infoecos.com.ar\/index.php\/author\/jomatheus\/\"}]}<\/script>\n<!-- \/ Yoast SEO plugin. -->","yoast_head_json":{"title":"El presidente Alberto Fern\u00e1ndez habl\u00f3 alrededor de 30 minutos con Vladimir Putin - Infoecos","robots":{"index":"index","follow":"follow","max-snippet":"max-snippet:-1","max-image-preview":"max-image-preview:large","max-video-preview":"max-video-preview:-1"},"canonical":"https:\/\/infoecos.com.ar\/index.php\/el-presidente-alberto-fernandez-hablo-alrededor-de-30-minutos-con-vladimir-putin\/","og_locale":"es_ES","og_type":"article","og_title":"El presidente Alberto Fern\u00e1ndez habl\u00f3 alrededor de 30 minutos con Vladimir Putin - Infoecos","og_description":"El Presidente solicit\u00f3 la ayuda de su par de Rusia para garantizar el suministro de vacunas hacia la Argentina y Am\u00e9rica Latina","og_url":"https:\/\/infoecos.com.ar\/index.php\/el-presidente-alberto-fernandez-hablo-alrededor-de-30-minutos-con-vladimir-putin\/","og_site_name":"Infoecos","article_publisher":"https:\/\/www.facebook.com\/profile.php?id=100063200290284","article_published_time":"2021-02-03T06:51:47+00:00","article_modified_time":"2021-02-04T05:49:34+00:00","og_image":[{"width":1004,"height":565,"url":"https:\/\/infoecos.com.ar\/wp-content\/uploads\/2021\/02\/fernandezalberto.jpg","type":"image\/jpeg"}],"author":"Jorge Matheus","twitter_card":"summary_large_image","twitter_creator":"@infoecos","twitter_site":"@infoecos","twitter_misc":{"Escrito por":"Jorge Matheus","Tiempo de lectura":"1 minuto"},"schema":{"@context":"https:\/\/schema.org","@graph":[{"@type":"Article","@id":"https:\/\/infoecos.com.ar\/index.php\/el-presidente-alberto-fernandez-hablo-alrededor-de-30-minutos-con-vladimir-putin\/#article","isPartOf":{"@id":"https:\/\/infoecos.com.ar\/index.php\/el-presidente-alberto-fernandez-hablo-alrededor-de-30-minutos-con-vladimir-putin\/"},"author":{"name":"Jorge Matheus","@id":"https:\/\/infoecos.com.ar\/#\/schema\/person\/8f5ace5ce73b4b4aac4b7245aee6f191"},"headline":"El presidente Alberto Fern\u00e1ndez habl\u00f3 alrededor de 30 minutos con Vladimir Putin","datePublished":"2021-02-03T06:51:47+00:00","dateModified":"2021-02-04T05:49:34+00:00","mainEntityOfPage":{"@id":"https:\/\/infoecos.com.ar\/index.php\/el-presidente-alberto-fernandez-hablo-alrededor-de-30-minutos-con-vladimir-putin\/"},"wordCount":203,"publisher":{"@id":"https:\/\/infoecos.com.ar\/#organization"},"image":{"@id":"https:\/\/infoecos.com.ar\/index.php\/el-presidente-alberto-fernandez-hablo-alrededor-de-30-minutos-con-vladimir-putin\/#primaryimage"},"thumbnailUrl":"https:\/\/infoecos.com.ar\/wp-content\/uploads\/2021\/02\/fernandezalberto.jpg","keywords":["AGRADECIMIENTO AL PRESIDENTE DE LA FEDERACI\u00d3N RUSA"],"articleSection":["Bloque inferior - 4"],"inLanguage":"es"},{"@type":"WebPage","@id":"https:\/\/infoecos.com.ar\/index.php\/el-presidente-alberto-fernandez-hablo-alrededor-de-30-minutos-con-vladimir-putin\/","url":"https:\/\/infoecos.com.ar\/index.php\/el-presidente-alberto-fernandez-hablo-alrededor-de-30-minutos-con-vladimir-putin\/","name":"El presidente Alberto Fern\u00e1ndez habl\u00f3 alrededor de 30 minutos con Vladimir Putin - Infoecos","isPartOf":{"@id":"https:\/\/infoecos.com.ar\/#website"},"primaryImageOfPage":{"@id":"https:\/\/infoecos.com.ar\/index.php\/el-presidente-alberto-fernandez-hablo-alrededor-de-30-minutos-con-vladimir-putin\/#primaryimage"},"image":{"@id":"https:\/\/infoecos.com.ar\/index.php\/el-presidente-alberto-fernandez-hablo-alrededor-de-30-minutos-con-vladimir-putin\/#primaryimage"},"thumbnailUrl":"https:\/\/infoecos.com.ar\/wp-content\/uploads\/2021\/02\/fernandezalberto.jpg","datePublished":"2021-02-03T06:51:47+00:00","dateModified":"2021-02-04T05:49:34+00:00","breadcrumb":{"@id":"https:\/\/infoecos.com.ar\/index.php\/el-presidente-alberto-fernandez-hablo-alrededor-de-30-minutos-con-vladimir-putin\/#breadcrumb"},"inLanguage":"es","potentialAction":[{"@type":"ReadAction","target":["https:\/\/infoecos.com.ar\/index.php\/el-presidente-alberto-fernandez-hablo-alrededor-de-30-minutos-con-vladimir-putin\/"]}]},{"@type":"ImageObject","inLanguage":"es","@id":"https:\/\/infoecos.com.ar\/index.php\/el-presidente-alberto-fernandez-hablo-alrededor-de-30-minutos-con-vladimir-putin\/#primaryimage","url":"https:\/\/infoecos.com.ar\/wp-content\/uploads\/2021\/02\/fernandezalberto.jpg","contentUrl":"https:\/\/infoecos.com.ar\/wp-content\/uploads\/2021\/02\/fernandezalberto.jpg","width":1004,"height":565},{"@type":"BreadcrumbList","@id":"https:\/\/infoecos.com.ar\/index.php\/el-presidente-alberto-fernandez-hablo-alrededor-de-30-minutos-con-vladimir-putin\/#breadcrumb","itemListElement":[{"@type":"ListItem","position":1,"name":"Portada","item":"https:\/\/infoecos.com.ar\/"},{"@type":"ListItem","position":2,"name":"El presidente Alberto Fern\u00e1ndez habl\u00f3 alrededor de 30 minutos con Vladimir Putin"}]},{"@type":"WebSite","@id":"https:\/\/infoecos.com.ar\/#website","url":"https:\/\/infoecos.com.ar\/","name":"Infoecos","description":"Noticias de trenque lauquen y la zona","publisher":{"@id":"https:\/\/infoecos.com.ar\/#organization"},"alternateName":"Noticias","potentialAction":[{"@type":"SearchAction","target":{"@type":"EntryPoint","urlTemplate":"https:\/\/infoecos.com.ar\/?s={search_term_string}"},"query-input":{"@type":"PropertyValueSpecification","valueRequired":true,"valueName":"search_term_string"}}],"inLanguage":"es"},{"@type":"Organization","@id":"https:\/\/infoecos.com.ar\/#organization","name":"Infoecos","alternateName":"Noticias","url":"https:\/\/infoecos.com.ar\/","logo":{"@type":"ImageObject","inLanguage":"es","@id":"https:\/\/infoecos.com.ar\/#\/schema\/logo\/image\/","url":"https:\/\/infoecos.com.ar\/wp-content\/uploads\/2024\/03\/cropped-logo.png","contentUrl":"https:\/\/infoecos.com.ar\/wp-content\/uploads\/2024\/03\/cropped-logo.png","width":374,"height":90,"caption":"Infoecos"},"image":{"@id":"https:\/\/infoecos.com.ar\/#\/schema\/logo\/image\/"},"sameAs":["https:\/\/www.facebook.com\/profile.php?id=100063200290284","https:\/\/x.com\/infoecos"]},{"@type":"Person","@id":"https:\/\/infoecos.com.ar\/#\/schema\/person\/8f5ace5ce73b4b4aac4b7245aee6f191","name":"Jorge Matheus","url":"https:\/\/infoecos.com.ar\/index.php\/author\/jomatheus\/"}]}},"featured_image_urls":{"full":["https:\/\/infoecos.com.ar\/wp-content\/uploads\/2021\/02\/fernandezalberto.jpg",1004,565,false],"thumbnail":["https:\/\/infoecos.com.ar\/wp-content\/uploads\/2021\/02\/fernandezalberto-150x150.jpg",150,150,true],"medium":["https:\/\/infoecos.com.ar\/wp-content\/uploads\/2021\/02\/fernandezalberto-460x259.jpg",460,259,true],"medium_large":["https:\/\/infoecos.com.ar\/wp-content\/uploads\/2021\/02\/fernandezalberto-768x432.jpg",640,360,true],"large":["https:\/\/infoecos.com.ar\/wp-content\/uploads\/2021\/02\/fernandezalberto-920x518.jpg",640,360,true],"1536x1536":["https:\/\/infoecos.com.ar\/wp-content\/uploads\/2021\/02\/fernandezalberto.jpg",1004,565,false],"2048x2048":["https:\/\/infoecos.com.ar\/wp-content\/uploads\/2021\/02\/fernandezalberto.jpg",1004,565,false],"covernews-slider-full":["https:\/\/infoecos.com.ar\/wp-content\/uploads\/2021\/02\/fernandezalberto.jpg",1004,565,false],"covernews-slider-center":["https:\/\/infoecos.com.ar\/wp-content\/uploads\/2021\/02\/fernandezalberto-936x565.jpg",800,483,true],"covernews-featured":["https:\/\/infoecos.com.ar\/wp-content\/uploads\/2021\/02\/fernandezalberto.jpg",1004,565,false],"covernews-medium":["https:\/\/infoecos.com.ar\/wp-content\/uploads\/2021\/02\/fernandezalberto-720x380.jpg",540,285,true],"covernews-medium-square":["https:\/\/infoecos.com.ar\/wp-content\/uploads\/2021\/02\/fernandezalberto-675x450.jpg",375,250,true]},"author_info":{"info":["Jorge Matheus"]},"category_info":"<a href=\"https:\/\/infoecos.com.ar\/index.php\/category\/inferior4\/\" rel=\"category tag\">Bloque inferior - 4<\/a>","tag_info":"Bloque inferior - 4","comment_count":"0","_links":{"self":[{"href":"https:\/\/infoecos.com.ar\/index.php\/wp-json\/wp\/v2\/posts\/73769"}],"collection":[{"href":"https:\/\/infoecos.com.ar\/index.php\/wp-json\/wp\/v2\/posts"}],"about":[{"href":"https:\/\/infoecos.com.ar\/index.php\/wp-json\/wp\/v2\/types\/post"}],"author":[{"embeddable":true,"href":"https:\/\/infoecos.com.ar\/index.php\/wp-json\/wp\/v2\/users\/2"}],"replies":[{"embeddable":true,"href":"https:\/\/infoecos.com.ar\/index.php\/wp-json\/wp\/v2\/comments?post=73769"}],"version-history":[{"count":1,"href":"https:\/\/infoecos.com.ar\/index.php\/wp-json\/wp\/v2\/posts\/73769\/revisions"}],"predecessor-version":[{"id":73771,"href":"https:\/\/infoecos.com.ar\/index.php\/wp-json\/wp\/v2\/posts\/73769\/revisions\/73771"}],"wp:featuredmedia":[{"embeddable":true,"href":"https:\/\/infoecos.com.ar\/index.php\/wp-json\/wp\/v2\/media\/73770"}],"wp:attachment":[{"href":"https:\/\/infoecos.com.ar\/index.php\/wp-json\/wp\/v2\/media?parent=73769"}],"wp:term":[{"taxonomy":"category","embeddable":true,"href":"https:\/\/infoecos.com.ar\/index.php\/wp-json\/wp\/v2\/categories?post=73769"},{"taxonomy":"post_tag","embeddable":true,"href":"https:\/\/infoecos.com.ar\/index.php\/wp-json\/wp\/v2\/tags?post=73769"}],"curies":[{"name":"wp","href":"https:\/\/api.w.org\/{rel}","templated":true}]}}