{"id":73806,"date":"2021-02-03T15:38:07","date_gmt":"2021-02-03T18:38:07","guid":{"rendered":"http:\/\/infoecos.com.ar\/?p=73806"},"modified":"2021-02-05T03:19:04","modified_gmt":"2021-02-05T06:19:04","slug":"massa-en-chascomus-ecologia-y-crecimiento-economico-deben-ir-juntos","status":"publish","type":"post","link":"https:\/\/infoecos.com.ar\/index.php\/massa-en-chascomus-ecologia-y-crecimiento-economico-deben-ir-juntos\/","title":{"rendered":"Massa en Chascom\u00fas: \u00abEcolog\u00eda y crecimiento econ\u00f3mico deben ir juntos\u00bb"},"content":{"rendered":"\n<p>El presidente de la C\u00e1mara de Diputados, Sergio Massa, particip\u00f3 del encuentro en el que el viceministro de Ambiente y Desarrollo Sostenible, Sergio Federovisky y el intendente de Chascom\u00fas, Javier Gast\u00f3n, formalizaron la entrega de maquinarias y equipamiento por parte de la cartera que conduce Juan Cabandi\u00e9 para instalar una planta de tratamiento de los residuos urbanos y construir un Ecoparque en esa ciudad, con el objetivo de terminar con el basural a cielo abierto.<\/p>\n\n\n\n<div class=\"wp-block-image\"><figure class=\"aligncenter size-medium\"><img loading=\"lazy\" decoding=\"async\" width=\"460\" height=\"307\" src=\"http:\/\/infoecos.com.ar\/wp-content\/uploads\/2021\/02\/MASSACHASCOMUS-460x307.jpg\" alt=\"\" class=\"wp-image-73807\" srcset=\"https:\/\/infoecos.com.ar\/wp-content\/uploads\/2021\/02\/MASSACHASCOMUS-460x307.jpg 460w, https:\/\/infoecos.com.ar\/wp-content\/uploads\/2021\/02\/MASSACHASCOMUS-920x614.jpg 920w, https:\/\/infoecos.com.ar\/wp-content\/uploads\/2021\/02\/MASSACHASCOMUS-768x512.jpg 768w, https:\/\/infoecos.com.ar\/wp-content\/uploads\/2021\/02\/MASSACHASCOMUS-1024x683.jpg 1024w, https:\/\/infoecos.com.ar\/wp-content\/uploads\/2021\/02\/MASSACHASCOMUS-675x450.jpg 675w, https:\/\/infoecos.com.ar\/wp-content\/uploads\/2021\/02\/MASSACHASCOMUS.jpg 1280w\" sizes=\"(max-width: 460px) 100vw, 460px\" \/><\/figure><\/div>\n\n\n\n<p>En Chascom\u00fas, Sergio Massa, Sergio Federovisky y el intendente Javier Gast\u00f3n formalizaron la entrega de equipamiento para la erradicaci\u00f3n del basural a cielo abierto y la construcci\u00f3n de un nuevo Ecoparque, iniciativa impulsada por el municipio y el Ministerio de Ambiente y Desarrollo Sostentible, que conduce Juan Cabandi\u00e9.<\/p>\n\n\n\n<p>Al respecto, Massa sostuvo que \u00abel compromiso es de una econom\u00eda que crezca, del trabajo por una Argentina unida, pero tambi\u00e9n de la construcci\u00f3n de un pa\u00eds sustentable, tal como lo plante\u00f3 el Presidente en la apertura de las sesiones ordinarias: en la agenda de la reconstrucci\u00f3n argentina est\u00e1 la pol\u00edtica ambiental. Ecolog\u00eda y crecimiento econ\u00f3mico deben ir juntos\u00bb.<\/p>\n\n\n\n<div class=\"wp-block-image\"><figure class=\"aligncenter size-medium\"><img loading=\"lazy\" decoding=\"async\" width=\"460\" height=\"307\" src=\"http:\/\/infoecos.com.ar\/wp-content\/uploads\/2021\/02\/MASSACHASCOMUS1-460x307.jpg\" alt=\"\" class=\"wp-image-73808\" srcset=\"https:\/\/infoecos.com.ar\/wp-content\/uploads\/2021\/02\/MASSACHASCOMUS1-460x307.jpg 460w, https:\/\/infoecos.com.ar\/wp-content\/uploads\/2021\/02\/MASSACHASCOMUS1-920x614.jpg 920w, https:\/\/infoecos.com.ar\/wp-content\/uploads\/2021\/02\/MASSACHASCOMUS1-768x512.jpg 768w, https:\/\/infoecos.com.ar\/wp-content\/uploads\/2021\/02\/MASSACHASCOMUS1-1024x683.jpg 1024w, https:\/\/infoecos.com.ar\/wp-content\/uploads\/2021\/02\/MASSACHASCOMUS1-675x450.jpg 675w, https:\/\/infoecos.com.ar\/wp-content\/uploads\/2021\/02\/MASSACHASCOMUS1.jpg 1280w\" sizes=\"(max-width: 460px) 100vw, 460px\" \/><\/figure><\/div>\n\n\n\n<p>\u00abPor nuestras futuras generaciones, tenemos la enorme responsabilidad de promover, cuidar y mejorar el ambiente, que es \u00fanico e irremplazable, y cada vez que lo da\u00f1amos generamos un da\u00f1o irreparable\u201d, agreg\u00f3.<\/p>\n\n\n\n<p>Durante su discurso, Massa tambi\u00e9n convoc\u00f3 \u201ca todos los sectores pol\u00edticos, sin excepciones ni mezquindades, a que entiendan que la pol\u00edtica ambiental debe ser una pol\u00edtica de estado construida a largo plazo, as\u00ed como tambi\u00e9n lo es el cuidar la vida vacunando\u201d.<\/p>\n\n\n\n<div class=\"wp-block-image\"><figure class=\"aligncenter size-medium\"><img loading=\"lazy\" decoding=\"async\" width=\"460\" height=\"307\" src=\"http:\/\/infoecos.com.ar\/wp-content\/uploads\/2021\/02\/MASSACHASCOMUS2-460x307.jpg\" alt=\"\" class=\"wp-image-73809\" srcset=\"https:\/\/infoecos.com.ar\/wp-content\/uploads\/2021\/02\/MASSACHASCOMUS2-460x307.jpg 460w, https:\/\/infoecos.com.ar\/wp-content\/uploads\/2021\/02\/MASSACHASCOMUS2-920x614.jpg 920w, https:\/\/infoecos.com.ar\/wp-content\/uploads\/2021\/02\/MASSACHASCOMUS2-768x512.jpg 768w, https:\/\/infoecos.com.ar\/wp-content\/uploads\/2021\/02\/MASSACHASCOMUS2-1024x683.jpg 1024w, https:\/\/infoecos.com.ar\/wp-content\/uploads\/2021\/02\/MASSACHASCOMUS2-675x450.jpg 675w, https:\/\/infoecos.com.ar\/wp-content\/uploads\/2021\/02\/MASSACHASCOMUS2.jpg 1280w\" sizes=\"(max-width: 460px) 100vw, 460px\" \/><\/figure><\/div>\n\n\n\n<p>En ese sentido, tambi\u00e9n felicit\u00f3 a todos aquellos que vienen peleando por el cierre del basural y la construcci\u00f3n del Ecoparque en Chascom\u00fas, \u00abque es cuidar una de las perlas tur\u00edsticas y uno de los reservorios de agua de nuestra provincia\u201d, asegur\u00f3 el titular de la C\u00e1mara baja.<\/p>\n\n\n\n<p>Por su parte, Sergio Federovisky dijo: \u201cVinimos a Chascom\u00fas en representaci\u00f3n del ministro Juan Cabandi\u00e9, junto con el presidente de la C\u00e1mara de Diputados, Sergio Massa, a entregar esta maquinaria por una inversi\u00f3n de cerca de los 8 millones de d\u00f3lares producto del programa del Banco Interamericano de Desarrollo que administra el Ministerio de Ambiente\u201d.<\/p>\n\n\n\n<p>Mientras que el intendente Javier Gast\u00f3n se\u00f1al\u00f3: \u201cEsta gesti\u00f3n realizada con el Gobierno Nacional viene a apuntalar ese trabajo silencioso que venimos haciendo en materia ambiental y a redoblar el esfuerzo para avanzar con el cierre de nuestro basural, inmensa deuda interna que tenemos los chascomunenses desde hace 50 a\u00f1os\u201d .<\/p>\n\n\n\n<p>El proyecto de Ecoparque Chascom\u00fas es elaborado junto al Ministerio de Ambiente y Desarrollo Sostenible, y permitir\u00e1 consolidar un polo para el reciclaje de los residuos s\u00f3lidos urbanos. Forma parte del Plan Ambiental Chascom\u00fas 2020-2030, que adem\u00e1s contempla la erradicaci\u00f3n de basurales a cielo abierto, focos de contaminaci\u00f3n y riesgo sanitario.<\/p>\n\n\n\n<p>Del evento, tambi\u00e9n participaron los intendentes Alberto Gelen\u00e9 (Las Flores), Juan Andreotti (San Fernando), Carlos Puglielli (San Andr\u00e9s de Giles) y Freddy Zavattarelli (Gral. Pinto), el titular de AUBASA, Javier Osuna, la legisladora nacional Jimena L\u00f3pez, los diputados provinciales Germ\u00e1n Di C\u00e9sare, Marcela Faroni y Jos\u00e9 Rossi, y el secretario General de la C\u00e1mara de Diputados, Juan Manuel Cheppi, entre otros.<\/p>\n","protected":false},"excerpt":{"rendered":"<p>En Chascom\u00fas, Sergio Massa, Sergio Federovisky y el intendente Javier Gast\u00f3n formalizaron la entrega de equipamiento para la erradicaci\u00f3n del basural a cielo abierto<\/p>\n","protected":false},"author":2,"featured_media":73808,"comment_status":"closed","ping_status":"open","sticky":false,"template":"","format":"standard","meta":{"footnotes":""},"categories":[1330],"tags":[2815],"class_list":["post-73806","post","type-post","status-publish","format-standard","has-post-thumbnail","hentry","category-inferior10","tag-residuos-urbanos-y-ecoparque"],"yoast_head":"<!-- This site is optimized with the Yoast SEO plugin v23.4 - https:\/\/yoast.com\/wordpress\/plugins\/seo\/ -->\n<title>Massa en Chascom\u00fas: &quot;Ecolog\u00eda y crecimiento econ\u00f3mico deben ir juntos&quot; - Infoecos<\/title>\n<meta name=\"robots\" content=\"index, follow, max-snippet:-1, max-image-preview:large, max-video-preview:-1\" \/>\n<link rel=\"canonical\" href=\"https:\/\/infoecos.com.ar\/index.php\/massa-en-chascomus-ecologia-y-crecimiento-economico-deben-ir-juntos\/\" \/>\n<meta property=\"og:locale\" content=\"es_ES\" \/>\n<meta property=\"og:type\" content=\"article\" \/>\n<meta property=\"og:title\" content=\"Massa en Chascom\u00fas: &quot;Ecolog\u00eda y crecimiento econ\u00f3mico deben ir juntos&quot; - Infoecos\" \/>\n<meta property=\"og:description\" content=\"En Chascom\u00fas, Sergio Massa, Sergio Federovisky y el intendente Javier Gast\u00f3n formalizaron la entrega de equipamiento para la erradicaci\u00f3n del basural a cielo abierto\" \/>\n<meta property=\"og:url\" content=\"https:\/\/infoecos.com.ar\/index.php\/massa-en-chascomus-ecologia-y-crecimiento-economico-deben-ir-juntos\/\" \/>\n<meta property=\"og:site_name\" content=\"Infoecos\" \/>\n<meta property=\"article:publisher\" content=\"https:\/\/www.facebook.com\/profile.php?id=100063200290284\" \/>\n<meta property=\"article:published_time\" content=\"2021-02-03T18:38:07+00:00\" \/>\n<meta property=\"article:modified_time\" content=\"2021-02-05T06:19:04+00:00\" \/>\n<meta property=\"og:image\" content=\"https:\/\/infoecos.com.ar\/wp-content\/uploads\/2021\/02\/MASSACHASCOMUS1.jpg\" \/>\n\t<meta property=\"og:image:width\" content=\"1280\" \/>\n\t<meta property=\"og:image:height\" content=\"854\" \/>\n\t<meta property=\"og:image:type\" content=\"image\/jpeg\" \/>\n<meta name=\"author\" content=\"Jorge Matheus\" \/>\n<meta name=\"twitter:card\" content=\"summary_large_image\" \/>\n<meta name=\"twitter:creator\" content=\"@infoecos\" \/>\n<meta name=\"twitter:site\" content=\"@infoecos\" \/>\n<meta name=\"twitter:label1\" content=\"Escrito por\" \/>\n\t<meta name=\"twitter:data1\" content=\"Jorge Matheus\" \/>\n\t<meta name=\"twitter:label2\" content=\"Tiempo de lectura\" \/>\n\t<meta name=\"twitter:data2\" content=\"3 minutos\" \/>\n<script type=\"application\/ld+json\" class=\"yoast-schema-graph\">{\"@context\":\"https:\/\/schema.org\",\"@graph\":[{\"@type\":\"Article\",\"@id\":\"https:\/\/infoecos.com.ar\/index.php\/massa-en-chascomus-ecologia-y-crecimiento-economico-deben-ir-juntos\/#article\",\"isPartOf\":{\"@id\":\"https:\/\/infoecos.com.ar\/index.php\/massa-en-chascomus-ecologia-y-crecimiento-economico-deben-ir-juntos\/\"},\"author\":{\"name\":\"Jorge Matheus\",\"@id\":\"https:\/\/infoecos.com.ar\/#\/schema\/person\/8f5ace5ce73b4b4aac4b7245aee6f191\"},\"headline\":\"Massa en Chascom\u00fas: \u00abEcolog\u00eda y crecimiento econ\u00f3mico deben ir juntos\u00bb\",\"datePublished\":\"2021-02-03T18:38:07+00:00\",\"dateModified\":\"2021-02-05T06:19:04+00:00\",\"mainEntityOfPage\":{\"@id\":\"https:\/\/infoecos.com.ar\/index.php\/massa-en-chascomus-ecologia-y-crecimiento-economico-deben-ir-juntos\/\"},\"wordCount\":579,\"publisher\":{\"@id\":\"https:\/\/infoecos.com.ar\/#organization\"},\"image\":{\"@id\":\"https:\/\/infoecos.com.ar\/index.php\/massa-en-chascomus-ecologia-y-crecimiento-economico-deben-ir-juntos\/#primaryimage\"},\"thumbnailUrl\":\"https:\/\/infoecos.com.ar\/wp-content\/uploads\/2021\/02\/MASSACHASCOMUS1.jpg\",\"keywords\":[\"RESIDUOS URBANOS Y ECOPARQUE\"],\"articleSection\":[\"Bloque inferior - 10\"],\"inLanguage\":\"es\"},{\"@type\":\"WebPage\",\"@id\":\"https:\/\/infoecos.com.ar\/index.php\/massa-en-chascomus-ecologia-y-crecimiento-economico-deben-ir-juntos\/\",\"url\":\"https:\/\/infoecos.com.ar\/index.php\/massa-en-chascomus-ecologia-y-crecimiento-economico-deben-ir-juntos\/\",\"name\":\"Massa en Chascom\u00fas: \\\"Ecolog\u00eda y crecimiento econ\u00f3mico deben ir juntos\\\" - Infoecos\",\"isPartOf\":{\"@id\":\"https:\/\/infoecos.com.ar\/#website\"},\"primaryImageOfPage\":{\"@id\":\"https:\/\/infoecos.com.ar\/index.php\/massa-en-chascomus-ecologia-y-crecimiento-economico-deben-ir-juntos\/#primaryimage\"},\"image\":{\"@id\":\"https:\/\/infoecos.com.ar\/index.php\/massa-en-chascomus-ecologia-y-crecimiento-economico-deben-ir-juntos\/#primaryimage\"},\"thumbnailUrl\":\"https:\/\/infoecos.com.ar\/wp-content\/uploads\/2021\/02\/MASSACHASCOMUS1.jpg\",\"datePublished\":\"2021-02-03T18:38:07+00:00\",\"dateModified\":\"2021-02-05T06:19:04+00:00\",\"breadcrumb\":{\"@id\":\"https:\/\/infoecos.com.ar\/index.php\/massa-en-chascomus-ecologia-y-crecimiento-economico-deben-ir-juntos\/#breadcrumb\"},\"inLanguage\":\"es\",\"potentialAction\":[{\"@type\":\"ReadAction\",\"target\":[\"https:\/\/infoecos.com.ar\/index.php\/massa-en-chascomus-ecologia-y-crecimiento-economico-deben-ir-juntos\/\"]}]},{\"@type\":\"ImageObject\",\"inLanguage\":\"es\",\"@id\":\"https:\/\/infoecos.com.ar\/index.php\/massa-en-chascomus-ecologia-y-crecimiento-economico-deben-ir-juntos\/#primaryimage\",\"url\":\"https:\/\/infoecos.com.ar\/wp-content\/uploads\/2021\/02\/MASSACHASCOMUS1.jpg\",\"contentUrl\":\"https:\/\/infoecos.com.ar\/wp-content\/uploads\/2021\/02\/MASSACHASCOMUS1.jpg\",\"width\":1280,\"height\":854},{\"@type\":\"BreadcrumbList\",\"@id\":\"https:\/\/infoecos.com.ar\/index.php\/massa-en-chascomus-ecologia-y-crecimiento-economico-deben-ir-juntos\/#breadcrumb\",\"itemListElement\":[{\"@type\":\"ListItem\",\"position\":1,\"name\":\"Portada\",\"item\":\"https:\/\/infoecos.com.ar\/\"},{\"@type\":\"ListItem\",\"position\":2,\"name\":\"Massa en Chascom\u00fas: \u00abEcolog\u00eda y crecimiento econ\u00f3mico deben ir juntos\u00bb\"}]},{\"@type\":\"WebSite\",\"@id\":\"https:\/\/infoecos.com.ar\/#website\",\"url\":\"https:\/\/infoecos.com.ar\/\",\"name\":\"Infoecos\",\"description\":\"Noticias de trenque lauquen y la zona\",\"publisher\":{\"@id\":\"https:\/\/infoecos.com.ar\/#organization\"},\"alternateName\":\"Noticias\",\"potentialAction\":[{\"@type\":\"SearchAction\",\"target\":{\"@type\":\"EntryPoint\",\"urlTemplate\":\"https:\/\/infoecos.com.ar\/?s={search_term_string}\"},\"query-input\":{\"@type\":\"PropertyValueSpecification\",\"valueRequired\":true,\"valueName\":\"search_term_string\"}}],\"inLanguage\":\"es\"},{\"@type\":\"Organization\",\"@id\":\"https:\/\/infoecos.com.ar\/#organization\",\"name\":\"Infoecos\",\"alternateName\":\"Noticias\",\"url\":\"https:\/\/infoecos.com.ar\/\",\"logo\":{\"@type\":\"ImageObject\",\"inLanguage\":\"es\",\"@id\":\"https:\/\/infoecos.com.ar\/#\/schema\/logo\/image\/\",\"url\":\"https:\/\/infoecos.com.ar\/wp-content\/uploads\/2024\/03\/cropped-logo.png\",\"contentUrl\":\"https:\/\/infoecos.com.ar\/wp-content\/uploads\/2024\/03\/cropped-logo.png\",\"width\":374,\"height\":90,\"caption\":\"Infoecos\"},\"image\":{\"@id\":\"https:\/\/infoecos.com.ar\/#\/schema\/logo\/image\/\"},\"sameAs\":[\"https:\/\/www.facebook.com\/profile.php?id=100063200290284\",\"https:\/\/x.com\/infoecos\"]},{\"@type\":\"Person\",\"@id\":\"https:\/\/infoecos.com.ar\/#\/schema\/person\/8f5ace5ce73b4b4aac4b7245aee6f191\",\"name\":\"Jorge Matheus\",\"url\":\"https:\/\/infoecos.com.ar\/index.php\/author\/jomatheus\/\"}]}<\/script>\n<!-- \/ Yoast SEO plugin. -->","yoast_head_json":{"title":"Massa en Chascom\u00fas: \"Ecolog\u00eda y crecimiento econ\u00f3mico deben ir juntos\" - Infoecos","robots":{"index":"index","follow":"follow","max-snippet":"max-snippet:-1","max-image-preview":"max-image-preview:large","max-video-preview":"max-video-preview:-1"},"canonical":"https:\/\/infoecos.com.ar\/index.php\/massa-en-chascomus-ecologia-y-crecimiento-economico-deben-ir-juntos\/","og_locale":"es_ES","og_type":"article","og_title":"Massa en Chascom\u00fas: \"Ecolog\u00eda y crecimiento econ\u00f3mico deben ir juntos\" - Infoecos","og_description":"En Chascom\u00fas, Sergio Massa, Sergio Federovisky y el intendente Javier Gast\u00f3n formalizaron la entrega de equipamiento para la erradicaci\u00f3n del basural a cielo abierto","og_url":"https:\/\/infoecos.com.ar\/index.php\/massa-en-chascomus-ecologia-y-crecimiento-economico-deben-ir-juntos\/","og_site_name":"Infoecos","article_publisher":"https:\/\/www.facebook.com\/profile.php?id=100063200290284","article_published_time":"2021-02-03T18:38:07+00:00","article_modified_time":"2021-02-05T06:19:04+00:00","og_image":[{"width":1280,"height":854,"url":"https:\/\/infoecos.com.ar\/wp-content\/uploads\/2021\/02\/MASSACHASCOMUS1.jpg","type":"image\/jpeg"}],"author":"Jorge Matheus","twitter_card":"summary_large_image","twitter_creator":"@infoecos","twitter_site":"@infoecos","twitter_misc":{"Escrito por":"Jorge Matheus","Tiempo de lectura":"3 minutos"},"schema":{"@context":"https:\/\/schema.org","@graph":[{"@type":"Article","@id":"https:\/\/infoecos.com.ar\/index.php\/massa-en-chascomus-ecologia-y-crecimiento-economico-deben-ir-juntos\/#article","isPartOf":{"@id":"https:\/\/infoecos.com.ar\/index.php\/massa-en-chascomus-ecologia-y-crecimiento-economico-deben-ir-juntos\/"},"author":{"name":"Jorge Matheus","@id":"https:\/\/infoecos.com.ar\/#\/schema\/person\/8f5ace5ce73b4b4aac4b7245aee6f191"},"headline":"Massa en Chascom\u00fas: \u00abEcolog\u00eda y crecimiento econ\u00f3mico deben ir juntos\u00bb","datePublished":"2021-02-03T18:38:07+00:00","dateModified":"2021-02-05T06:19:04+00:00","mainEntityOfPage":{"@id":"https:\/\/infoecos.com.ar\/index.php\/massa-en-chascomus-ecologia-y-crecimiento-economico-deben-ir-juntos\/"},"wordCount":579,"publisher":{"@id":"https:\/\/infoecos.com.ar\/#organization"},"image":{"@id":"https:\/\/infoecos.com.ar\/index.php\/massa-en-chascomus-ecologia-y-crecimiento-economico-deben-ir-juntos\/#primaryimage"},"thumbnailUrl":"https:\/\/infoecos.com.ar\/wp-content\/uploads\/2021\/02\/MASSACHASCOMUS1.jpg","keywords":["RESIDUOS URBANOS Y ECOPARQUE"],"articleSection":["Bloque inferior - 10"],"inLanguage":"es"},{"@type":"WebPage","@id":"https:\/\/infoecos.com.ar\/index.php\/massa-en-chascomus-ecologia-y-crecimiento-economico-deben-ir-juntos\/","url":"https:\/\/infoecos.com.ar\/index.php\/massa-en-chascomus-ecologia-y-crecimiento-economico-deben-ir-juntos\/","name":"Massa en Chascom\u00fas: \"Ecolog\u00eda y crecimiento econ\u00f3mico deben ir juntos\" - Infoecos","isPartOf":{"@id":"https:\/\/infoecos.com.ar\/#website"},"primaryImageOfPage":{"@id":"https:\/\/infoecos.com.ar\/index.php\/massa-en-chascomus-ecologia-y-crecimiento-economico-deben-ir-juntos\/#primaryimage"},"image":{"@id":"https:\/\/infoecos.com.ar\/index.php\/massa-en-chascomus-ecologia-y-crecimiento-economico-deben-ir-juntos\/#primaryimage"},"thumbnailUrl":"https:\/\/infoecos.com.ar\/wp-content\/uploads\/2021\/02\/MASSACHASCOMUS1.jpg","datePublished":"2021-02-03T18:38:07+00:00","dateModified":"2021-02-05T06:19:04+00:00","breadcrumb":{"@id":"https:\/\/infoecos.com.ar\/index.php\/massa-en-chascomus-ecologia-y-crecimiento-economico-deben-ir-juntos\/#breadcrumb"},"inLanguage":"es","potentialAction":[{"@type":"ReadAction","target":["https:\/\/infoecos.com.ar\/index.php\/massa-en-chascomus-ecologia-y-crecimiento-economico-deben-ir-juntos\/"]}]},{"@type":"ImageObject","inLanguage":"es","@id":"https:\/\/infoecos.com.ar\/index.php\/massa-en-chascomus-ecologia-y-crecimiento-economico-deben-ir-juntos\/#primaryimage","url":"https:\/\/infoecos.com.ar\/wp-content\/uploads\/2021\/02\/MASSACHASCOMUS1.jpg","contentUrl":"https:\/\/infoecos.com.ar\/wp-content\/uploads\/2021\/02\/MASSACHASCOMUS1.jpg","width":1280,"height":854},{"@type":"BreadcrumbList","@id":"https:\/\/infoecos.com.ar\/index.php\/massa-en-chascomus-ecologia-y-crecimiento-economico-deben-ir-juntos\/#breadcrumb","itemListElement":[{"@type":"ListItem","position":1,"name":"Portada","item":"https:\/\/infoecos.com.ar\/"},{"@type":"ListItem","position":2,"name":"Massa en Chascom\u00fas: \u00abEcolog\u00eda y crecimiento econ\u00f3mico deben ir juntos\u00bb"}]},{"@type":"WebSite","@id":"https:\/\/infoecos.com.ar\/#website","url":"https:\/\/infoecos.com.ar\/","name":"Infoecos","description":"Noticias de trenque lauquen y la zona","publisher":{"@id":"https:\/\/infoecos.com.ar\/#organization"},"alternateName":"Noticias","potentialAction":[{"@type":"SearchAction","target":{"@type":"EntryPoint","urlTemplate":"https:\/\/infoecos.com.ar\/?s={search_term_string}"},"query-input":{"@type":"PropertyValueSpecification","valueRequired":true,"valueName":"search_term_string"}}],"inLanguage":"es"},{"@type":"Organization","@id":"https:\/\/infoecos.com.ar\/#organization","name":"Infoecos","alternateName":"Noticias","url":"https:\/\/infoecos.com.ar\/","logo":{"@type":"ImageObject","inLanguage":"es","@id":"https:\/\/infoecos.com.ar\/#\/schema\/logo\/image\/","url":"https:\/\/infoecos.com.ar\/wp-content\/uploads\/2024\/03\/cropped-logo.png","contentUrl":"https:\/\/infoecos.com.ar\/wp-content\/uploads\/2024\/03\/cropped-logo.png","width":374,"height":90,"caption":"Infoecos"},"image":{"@id":"https:\/\/infoecos.com.ar\/#\/schema\/logo\/image\/"},"sameAs":["https:\/\/www.facebook.com\/profile.php?id=100063200290284","https:\/\/x.com\/infoecos"]},{"@type":"Person","@id":"https:\/\/infoecos.com.ar\/#\/schema\/person\/8f5ace5ce73b4b4aac4b7245aee6f191","name":"Jorge Matheus","url":"https:\/\/infoecos.com.ar\/index.php\/author\/jomatheus\/"}]}},"featured_image_urls":{"full":["https:\/\/infoecos.com.ar\/wp-content\/uploads\/2021\/02\/MASSACHASCOMUS1.jpg",1280,854,false],"thumbnail":["https:\/\/infoecos.com.ar\/wp-content\/uploads\/2021\/02\/MASSACHASCOMUS1-150x150.jpg",150,150,true],"medium":["https:\/\/infoecos.com.ar\/wp-content\/uploads\/2021\/02\/MASSACHASCOMUS1-460x307.jpg",460,307,true],"medium_large":["https:\/\/infoecos.com.ar\/wp-content\/uploads\/2021\/02\/MASSACHASCOMUS1-768x512.jpg",640,427,true],"large":["https:\/\/infoecos.com.ar\/wp-content\/uploads\/2021\/02\/MASSACHASCOMUS1-920x614.jpg",640,427,true],"1536x1536":["https:\/\/infoecos.com.ar\/wp-content\/uploads\/2021\/02\/MASSACHASCOMUS1.jpg",1280,854,false],"2048x2048":["https:\/\/infoecos.com.ar\/wp-content\/uploads\/2021\/02\/MASSACHASCOMUS1.jpg",1280,854,false],"covernews-slider-full":["https:\/\/infoecos.com.ar\/wp-content\/uploads\/2021\/02\/MASSACHASCOMUS1.jpg",1072,715,false],"covernews-slider-center":["https:\/\/infoecos.com.ar\/wp-content\/uploads\/2021\/02\/MASSACHASCOMUS1-936x854.jpg",548,500,true],"covernews-featured":["https:\/\/infoecos.com.ar\/wp-content\/uploads\/2021\/02\/MASSACHASCOMUS1-1024x683.jpg",1024,683,true],"covernews-medium":["https:\/\/infoecos.com.ar\/wp-content\/uploads\/2021\/02\/MASSACHASCOMUS1-720x380.jpg",540,285,true],"covernews-medium-square":["https:\/\/infoecos.com.ar\/wp-content\/uploads\/2021\/02\/MASSACHASCOMUS1-675x450.jpg",375,250,true]},"author_info":{"info":["Jorge Matheus"]},"category_info":"<a href=\"https:\/\/infoecos.com.ar\/index.php\/category\/inferior10\/\" rel=\"category tag\">Bloque inferior - 10<\/a>","tag_info":"Bloque inferior - 10","comment_count":"0","_links":{"self":[{"href":"https:\/\/infoecos.com.ar\/index.php\/wp-json\/wp\/v2\/posts\/73806"}],"collection":[{"href":"https:\/\/infoecos.com.ar\/index.php\/wp-json\/wp\/v2\/posts"}],"about":[{"href":"https:\/\/infoecos.com.ar\/index.php\/wp-json\/wp\/v2\/types\/post"}],"author":[{"embeddable":true,"href":"https:\/\/infoecos.com.ar\/index.php\/wp-json\/wp\/v2\/users\/2"}],"replies":[{"embeddable":true,"href":"https:\/\/infoecos.com.ar\/index.php\/wp-json\/wp\/v2\/comments?post=73806"}],"version-history":[{"count":1,"href":"https:\/\/infoecos.com.ar\/index.php\/wp-json\/wp\/v2\/posts\/73806\/revisions"}],"predecessor-version":[{"id":73810,"href":"https:\/\/infoecos.com.ar\/index.php\/wp-json\/wp\/v2\/posts\/73806\/revisions\/73810"}],"wp:featuredmedia":[{"embeddable":true,"href":"https:\/\/infoecos.com.ar\/index.php\/wp-json\/wp\/v2\/media\/73808"}],"wp:attachment":[{"href":"https:\/\/infoecos.com.ar\/index.php\/wp-json\/wp\/v2\/media?parent=73806"}],"wp:term":[{"taxonomy":"category","embeddable":true,"href":"https:\/\/infoecos.com.ar\/index.php\/wp-json\/wp\/v2\/categories?post=73806"},{"taxonomy":"post_tag","embeddable":true,"href":"https:\/\/infoecos.com.ar\/index.php\/wp-json\/wp\/v2\/tags?post=73806"}],"curies":[{"name":"wp","href":"https:\/\/api.w.org\/{rel}","templated":true}]}}