{"id":73829,"date":"2021-02-04T01:45:27","date_gmt":"2021-02-04T04:45:27","guid":{"rendered":"http:\/\/infoecos.com.ar\/?p=73829"},"modified":"2021-02-05T03:14:43","modified_gmt":"2021-02-05T06:14:43","slug":"el-viceministro-de-salud-bonaerense-senalo-que-tendremos-las-vacunas-suficientes","status":"publish","type":"post","link":"https:\/\/infoecos.com.ar\/index.php\/el-viceministro-de-salud-bonaerense-senalo-que-tendremos-las-vacunas-suficientes\/","title":{"rendered":"El viceministro de Salud bonaerense se\u00f1al\u00f3 que \u00abtendremos las vacunas suficientes\u00bb"},"content":{"rendered":"\n<p>El viceministro de Salud bonaerense, Nicol\u00e1s Kreplak, afirm\u00f3 que \u201cestamos culminando la primera parte de vacunaci\u00f3n con el personal sanitario y empezamos con los trabajadores de la educaci\u00f3n de riesgo y adultos mayores\u201d.<\/p>\n\n\n\n<div class=\"wp-block-image\"><figure class=\"aligncenter size-medium\"><img loading=\"lazy\" decoding=\"async\" width=\"460\" height=\"306\" src=\"http:\/\/infoecos.com.ar\/wp-content\/uploads\/2020\/11\/2020_10_03_CB_Conferencia-de-prensa-Salud_SGE_1429-460x306.jpg\" alt=\"\" class=\"wp-image-70244\" srcset=\"https:\/\/infoecos.com.ar\/wp-content\/uploads\/2020\/11\/2020_10_03_CB_Conferencia-de-prensa-Salud_SGE_1429-460x306.jpg 460w, https:\/\/infoecos.com.ar\/wp-content\/uploads\/2020\/11\/2020_10_03_CB_Conferencia-de-prensa-Salud_SGE_1429-920x612.jpg 920w, https:\/\/infoecos.com.ar\/wp-content\/uploads\/2020\/11\/2020_10_03_CB_Conferencia-de-prensa-Salud_SGE_1429-768x511.jpg 768w, https:\/\/infoecos.com.ar\/wp-content\/uploads\/2020\/11\/2020_10_03_CB_Conferencia-de-prensa-Salud_SGE_1429-1536x1020.jpg 1536w, https:\/\/infoecos.com.ar\/wp-content\/uploads\/2020\/11\/2020_10_03_CB_Conferencia-de-prensa-Salud_SGE_1429-2048x1363.jpg 2048w, https:\/\/infoecos.com.ar\/wp-content\/uploads\/2020\/11\/2020_10_03_CB_Conferencia-de-prensa-Salud_SGE_1429-1024x682.jpg 1024w, https:\/\/infoecos.com.ar\/wp-content\/uploads\/2020\/11\/2020_10_03_CB_Conferencia-de-prensa-Salud_SGE_1429-675x450.jpg 675w\" sizes=\"(max-width: 460px) 100vw, 460px\" \/><\/figure><\/div>\n\n\n\n<p>En declaraciones a <strong>Radio Provincia<\/strong> agreg\u00f3 que \u201cmuchas organizaciones se han sumado a la inscripci\u00f3n, es muy importante la colaboraci\u00f3n porque como es un programa voluntario es necesario que la gente se anote\u00bb.<\/p>\n\n\n\n<p>Kreplak indico que \u201cestamos esperando m\u00e1s vacunas. Los fabricantes han priorizado venderle primero a los pa\u00edses que financiaron las investigaciones, que son los de la Uni\u00f3n Europea, pero Argentina va a recibir vacunas suficientes en los pr\u00f3ximos meses\u00bb.<\/p>\n\n\n\n<p>En este sentido, dijo que \u201csabemos que faltan dosis, pero est\u00e1 demostrado que la Sputnik V es una de las mejores. Tenemos un sistema digitalizado y estamos avanzando en la vacunaci\u00f3n\u201d.<\/p>\n\n\n\n<p>Kreplak enfatiz\u00f3 que \u201ces muy probable que un contagio masivo tendremos, el tema es qu\u00e9 porcentaje tendremos vacunados de la poblaci\u00f3n de riesgo para marzo y abril\u201d.<\/p>\n","protected":false},"excerpt":{"rendered":"<p>Dijo que \u201csabemos que faltan dosis, pero est\u00e1 demostrado que la Sputnik V es una de las mejores. Tenemos un sistema digitalizado y estamos avanzando en la vacunaci\u00f3n\u201d<\/p>\n","protected":false},"author":2,"featured_media":70244,"comment_status":"closed","ping_status":"open","sticky":false,"template":"","format":"standard","meta":{"footnotes":""},"categories":[43],"tags":[2821],"class_list":["post-73829","post","type-post","status-publish","format-standard","has-post-thumbnail","hentry","category-inferior4","tag-argentina-va-a-recibir-vacunas-suficientes"],"yoast_head":"<!-- This site is optimized with the Yoast SEO plugin v23.4 - https:\/\/yoast.com\/wordpress\/plugins\/seo\/ -->\n<title>El viceministro de Salud bonaerense se\u00f1al\u00f3 que &quot;tendremos las vacunas suficientes&quot; - Infoecos<\/title>\n<meta name=\"robots\" content=\"index, follow, max-snippet:-1, max-image-preview:large, max-video-preview:-1\" \/>\n<link rel=\"canonical\" href=\"https:\/\/infoecos.com.ar\/index.php\/el-viceministro-de-salud-bonaerense-senalo-que-tendremos-las-vacunas-suficientes\/\" \/>\n<meta property=\"og:locale\" content=\"es_ES\" \/>\n<meta property=\"og:type\" content=\"article\" \/>\n<meta property=\"og:title\" content=\"El viceministro de Salud bonaerense se\u00f1al\u00f3 que &quot;tendremos las vacunas suficientes&quot; - Infoecos\" \/>\n<meta property=\"og:description\" content=\"Dijo que \u201csabemos que faltan dosis, pero est\u00e1 demostrado que la Sputnik V es una de las mejores. Tenemos un sistema digitalizado y estamos avanzando en la vacunaci\u00f3n\u201d\" \/>\n<meta property=\"og:url\" content=\"https:\/\/infoecos.com.ar\/index.php\/el-viceministro-de-salud-bonaerense-senalo-que-tendremos-las-vacunas-suficientes\/\" \/>\n<meta property=\"og:site_name\" content=\"Infoecos\" \/>\n<meta property=\"article:publisher\" content=\"https:\/\/www.facebook.com\/profile.php?id=100063200290284\" \/>\n<meta property=\"article:published_time\" content=\"2021-02-04T04:45:27+00:00\" \/>\n<meta property=\"article:modified_time\" content=\"2021-02-05T06:14:43+00:00\" \/>\n<meta property=\"og:image\" content=\"https:\/\/infoecos.com.ar\/wp-content\/uploads\/2020\/11\/2020_10_03_CB_Conferencia-de-prensa-Salud_SGE_1429-scaled.jpg\" \/>\n\t<meta property=\"og:image:width\" content=\"2560\" \/>\n\t<meta property=\"og:image:height\" content=\"1704\" \/>\n\t<meta property=\"og:image:type\" content=\"image\/jpeg\" \/>\n<meta name=\"author\" content=\"Jorge Matheus\" \/>\n<meta name=\"twitter:card\" content=\"summary_large_image\" \/>\n<meta name=\"twitter:creator\" content=\"@infoecos\" \/>\n<meta name=\"twitter:site\" content=\"@infoecos\" \/>\n<meta name=\"twitter:label1\" content=\"Escrito por\" \/>\n\t<meta name=\"twitter:data1\" content=\"Jorge Matheus\" \/>\n\t<meta name=\"twitter:label2\" content=\"Tiempo de lectura\" \/>\n\t<meta name=\"twitter:data2\" content=\"1 minuto\" \/>\n<script type=\"application\/ld+json\" class=\"yoast-schema-graph\">{\"@context\":\"https:\/\/schema.org\",\"@graph\":[{\"@type\":\"Article\",\"@id\":\"https:\/\/infoecos.com.ar\/index.php\/el-viceministro-de-salud-bonaerense-senalo-que-tendremos-las-vacunas-suficientes\/#article\",\"isPartOf\":{\"@id\":\"https:\/\/infoecos.com.ar\/index.php\/el-viceministro-de-salud-bonaerense-senalo-que-tendremos-las-vacunas-suficientes\/\"},\"author\":{\"name\":\"Jorge Matheus\",\"@id\":\"https:\/\/infoecos.com.ar\/#\/schema\/person\/8f5ace5ce73b4b4aac4b7245aee6f191\"},\"headline\":\"El viceministro de Salud bonaerense se\u00f1al\u00f3 que \u00abtendremos las vacunas suficientes\u00bb\",\"datePublished\":\"2021-02-04T04:45:27+00:00\",\"dateModified\":\"2021-02-05T06:14:43+00:00\",\"mainEntityOfPage\":{\"@id\":\"https:\/\/infoecos.com.ar\/index.php\/el-viceministro-de-salud-bonaerense-senalo-que-tendremos-las-vacunas-suficientes\/\"},\"wordCount\":185,\"publisher\":{\"@id\":\"https:\/\/infoecos.com.ar\/#organization\"},\"image\":{\"@id\":\"https:\/\/infoecos.com.ar\/index.php\/el-viceministro-de-salud-bonaerense-senalo-que-tendremos-las-vacunas-suficientes\/#primaryimage\"},\"thumbnailUrl\":\"https:\/\/infoecos.com.ar\/wp-content\/uploads\/2020\/11\/2020_10_03_CB_Conferencia-de-prensa-Salud_SGE_1429-scaled.jpg\",\"keywords\":[\"ARGENTINA VA A RECIBIR VACUNAS SUFICIENTES\"],\"articleSection\":[\"Bloque inferior - 4\"],\"inLanguage\":\"es\"},{\"@type\":\"WebPage\",\"@id\":\"https:\/\/infoecos.com.ar\/index.php\/el-viceministro-de-salud-bonaerense-senalo-que-tendremos-las-vacunas-suficientes\/\",\"url\":\"https:\/\/infoecos.com.ar\/index.php\/el-viceministro-de-salud-bonaerense-senalo-que-tendremos-las-vacunas-suficientes\/\",\"name\":\"El viceministro de Salud bonaerense se\u00f1al\u00f3 que \\\"tendremos las vacunas suficientes\\\" - Infoecos\",\"isPartOf\":{\"@id\":\"https:\/\/infoecos.com.ar\/#website\"},\"primaryImageOfPage\":{\"@id\":\"https:\/\/infoecos.com.ar\/index.php\/el-viceministro-de-salud-bonaerense-senalo-que-tendremos-las-vacunas-suficientes\/#primaryimage\"},\"image\":{\"@id\":\"https:\/\/infoecos.com.ar\/index.php\/el-viceministro-de-salud-bonaerense-senalo-que-tendremos-las-vacunas-suficientes\/#primaryimage\"},\"thumbnailUrl\":\"https:\/\/infoecos.com.ar\/wp-content\/uploads\/2020\/11\/2020_10_03_CB_Conferencia-de-prensa-Salud_SGE_1429-scaled.jpg\",\"datePublished\":\"2021-02-04T04:45:27+00:00\",\"dateModified\":\"2021-02-05T06:14:43+00:00\",\"breadcrumb\":{\"@id\":\"https:\/\/infoecos.com.ar\/index.php\/el-viceministro-de-salud-bonaerense-senalo-que-tendremos-las-vacunas-suficientes\/#breadcrumb\"},\"inLanguage\":\"es\",\"potentialAction\":[{\"@type\":\"ReadAction\",\"target\":[\"https:\/\/infoecos.com.ar\/index.php\/el-viceministro-de-salud-bonaerense-senalo-que-tendremos-las-vacunas-suficientes\/\"]}]},{\"@type\":\"ImageObject\",\"inLanguage\":\"es\",\"@id\":\"https:\/\/infoecos.com.ar\/index.php\/el-viceministro-de-salud-bonaerense-senalo-que-tendremos-las-vacunas-suficientes\/#primaryimage\",\"url\":\"https:\/\/infoecos.com.ar\/wp-content\/uploads\/2020\/11\/2020_10_03_CB_Conferencia-de-prensa-Salud_SGE_1429-scaled.jpg\",\"contentUrl\":\"https:\/\/infoecos.com.ar\/wp-content\/uploads\/2020\/11\/2020_10_03_CB_Conferencia-de-prensa-Salud_SGE_1429-scaled.jpg\",\"width\":2560,\"height\":1704},{\"@type\":\"BreadcrumbList\",\"@id\":\"https:\/\/infoecos.com.ar\/index.php\/el-viceministro-de-salud-bonaerense-senalo-que-tendremos-las-vacunas-suficientes\/#breadcrumb\",\"itemListElement\":[{\"@type\":\"ListItem\",\"position\":1,\"name\":\"Portada\",\"item\":\"https:\/\/infoecos.com.ar\/\"},{\"@type\":\"ListItem\",\"position\":2,\"name\":\"El viceministro de Salud bonaerense se\u00f1al\u00f3 que \u00abtendremos las vacunas suficientes\u00bb\"}]},{\"@type\":\"WebSite\",\"@id\":\"https:\/\/infoecos.com.ar\/#website\",\"url\":\"https:\/\/infoecos.com.ar\/\",\"name\":\"Infoecos\",\"description\":\"Noticias de trenque lauquen y la zona\",\"publisher\":{\"@id\":\"https:\/\/infoecos.com.ar\/#organization\"},\"alternateName\":\"Noticias\",\"potentialAction\":[{\"@type\":\"SearchAction\",\"target\":{\"@type\":\"EntryPoint\",\"urlTemplate\":\"https:\/\/infoecos.com.ar\/?s={search_term_string}\"},\"query-input\":{\"@type\":\"PropertyValueSpecification\",\"valueRequired\":true,\"valueName\":\"search_term_string\"}}],\"inLanguage\":\"es\"},{\"@type\":\"Organization\",\"@id\":\"https:\/\/infoecos.com.ar\/#organization\",\"name\":\"Infoecos\",\"alternateName\":\"Noticias\",\"url\":\"https:\/\/infoecos.com.ar\/\",\"logo\":{\"@type\":\"ImageObject\",\"inLanguage\":\"es\",\"@id\":\"https:\/\/infoecos.com.ar\/#\/schema\/logo\/image\/\",\"url\":\"https:\/\/infoecos.com.ar\/wp-content\/uploads\/2024\/03\/cropped-logo.png\",\"contentUrl\":\"https:\/\/infoecos.com.ar\/wp-content\/uploads\/2024\/03\/cropped-logo.png\",\"width\":374,\"height\":90,\"caption\":\"Infoecos\"},\"image\":{\"@id\":\"https:\/\/infoecos.com.ar\/#\/schema\/logo\/image\/\"},\"sameAs\":[\"https:\/\/www.facebook.com\/profile.php?id=100063200290284\",\"https:\/\/x.com\/infoecos\"]},{\"@type\":\"Person\",\"@id\":\"https:\/\/infoecos.com.ar\/#\/schema\/person\/8f5ace5ce73b4b4aac4b7245aee6f191\",\"name\":\"Jorge Matheus\",\"url\":\"https:\/\/infoecos.com.ar\/index.php\/author\/jomatheus\/\"}]}<\/script>\n<!-- \/ Yoast SEO plugin. -->","yoast_head_json":{"title":"El viceministro de Salud bonaerense se\u00f1al\u00f3 que \"tendremos las vacunas suficientes\" - Infoecos","robots":{"index":"index","follow":"follow","max-snippet":"max-snippet:-1","max-image-preview":"max-image-preview:large","max-video-preview":"max-video-preview:-1"},"canonical":"https:\/\/infoecos.com.ar\/index.php\/el-viceministro-de-salud-bonaerense-senalo-que-tendremos-las-vacunas-suficientes\/","og_locale":"es_ES","og_type":"article","og_title":"El viceministro de Salud bonaerense se\u00f1al\u00f3 que \"tendremos las vacunas suficientes\" - Infoecos","og_description":"Dijo que \u201csabemos que faltan dosis, pero est\u00e1 demostrado que la Sputnik V es una de las mejores. Tenemos un sistema digitalizado y estamos avanzando en la vacunaci\u00f3n\u201d","og_url":"https:\/\/infoecos.com.ar\/index.php\/el-viceministro-de-salud-bonaerense-senalo-que-tendremos-las-vacunas-suficientes\/","og_site_name":"Infoecos","article_publisher":"https:\/\/www.facebook.com\/profile.php?id=100063200290284","article_published_time":"2021-02-04T04:45:27+00:00","article_modified_time":"2021-02-05T06:14:43+00:00","og_image":[{"width":2560,"height":1704,"url":"https:\/\/infoecos.com.ar\/wp-content\/uploads\/2020\/11\/2020_10_03_CB_Conferencia-de-prensa-Salud_SGE_1429-scaled.jpg","type":"image\/jpeg"}],"author":"Jorge Matheus","twitter_card":"summary_large_image","twitter_creator":"@infoecos","twitter_site":"@infoecos","twitter_misc":{"Escrito por":"Jorge Matheus","Tiempo de lectura":"1 minuto"},"schema":{"@context":"https:\/\/schema.org","@graph":[{"@type":"Article","@id":"https:\/\/infoecos.com.ar\/index.php\/el-viceministro-de-salud-bonaerense-senalo-que-tendremos-las-vacunas-suficientes\/#article","isPartOf":{"@id":"https:\/\/infoecos.com.ar\/index.php\/el-viceministro-de-salud-bonaerense-senalo-que-tendremos-las-vacunas-suficientes\/"},"author":{"name":"Jorge Matheus","@id":"https:\/\/infoecos.com.ar\/#\/schema\/person\/8f5ace5ce73b4b4aac4b7245aee6f191"},"headline":"El viceministro de Salud bonaerense se\u00f1al\u00f3 que \u00abtendremos las vacunas suficientes\u00bb","datePublished":"2021-02-04T04:45:27+00:00","dateModified":"2021-02-05T06:14:43+00:00","mainEntityOfPage":{"@id":"https:\/\/infoecos.com.ar\/index.php\/el-viceministro-de-salud-bonaerense-senalo-que-tendremos-las-vacunas-suficientes\/"},"wordCount":185,"publisher":{"@id":"https:\/\/infoecos.com.ar\/#organization"},"image":{"@id":"https:\/\/infoecos.com.ar\/index.php\/el-viceministro-de-salud-bonaerense-senalo-que-tendremos-las-vacunas-suficientes\/#primaryimage"},"thumbnailUrl":"https:\/\/infoecos.com.ar\/wp-content\/uploads\/2020\/11\/2020_10_03_CB_Conferencia-de-prensa-Salud_SGE_1429-scaled.jpg","keywords":["ARGENTINA VA A RECIBIR VACUNAS SUFICIENTES"],"articleSection":["Bloque inferior - 4"],"inLanguage":"es"},{"@type":"WebPage","@id":"https:\/\/infoecos.com.ar\/index.php\/el-viceministro-de-salud-bonaerense-senalo-que-tendremos-las-vacunas-suficientes\/","url":"https:\/\/infoecos.com.ar\/index.php\/el-viceministro-de-salud-bonaerense-senalo-que-tendremos-las-vacunas-suficientes\/","name":"El viceministro de Salud bonaerense se\u00f1al\u00f3 que \"tendremos las vacunas suficientes\" - Infoecos","isPartOf":{"@id":"https:\/\/infoecos.com.ar\/#website"},"primaryImageOfPage":{"@id":"https:\/\/infoecos.com.ar\/index.php\/el-viceministro-de-salud-bonaerense-senalo-que-tendremos-las-vacunas-suficientes\/#primaryimage"},"image":{"@id":"https:\/\/infoecos.com.ar\/index.php\/el-viceministro-de-salud-bonaerense-senalo-que-tendremos-las-vacunas-suficientes\/#primaryimage"},"thumbnailUrl":"https:\/\/infoecos.com.ar\/wp-content\/uploads\/2020\/11\/2020_10_03_CB_Conferencia-de-prensa-Salud_SGE_1429-scaled.jpg","datePublished":"2021-02-04T04:45:27+00:00","dateModified":"2021-02-05T06:14:43+00:00","breadcrumb":{"@id":"https:\/\/infoecos.com.ar\/index.php\/el-viceministro-de-salud-bonaerense-senalo-que-tendremos-las-vacunas-suficientes\/#breadcrumb"},"inLanguage":"es","potentialAction":[{"@type":"ReadAction","target":["https:\/\/infoecos.com.ar\/index.php\/el-viceministro-de-salud-bonaerense-senalo-que-tendremos-las-vacunas-suficientes\/"]}]},{"@type":"ImageObject","inLanguage":"es","@id":"https:\/\/infoecos.com.ar\/index.php\/el-viceministro-de-salud-bonaerense-senalo-que-tendremos-las-vacunas-suficientes\/#primaryimage","url":"https:\/\/infoecos.com.ar\/wp-content\/uploads\/2020\/11\/2020_10_03_CB_Conferencia-de-prensa-Salud_SGE_1429-scaled.jpg","contentUrl":"https:\/\/infoecos.com.ar\/wp-content\/uploads\/2020\/11\/2020_10_03_CB_Conferencia-de-prensa-Salud_SGE_1429-scaled.jpg","width":2560,"height":1704},{"@type":"BreadcrumbList","@id":"https:\/\/infoecos.com.ar\/index.php\/el-viceministro-de-salud-bonaerense-senalo-que-tendremos-las-vacunas-suficientes\/#breadcrumb","itemListElement":[{"@type":"ListItem","position":1,"name":"Portada","item":"https:\/\/infoecos.com.ar\/"},{"@type":"ListItem","position":2,"name":"El viceministro de Salud bonaerense se\u00f1al\u00f3 que \u00abtendremos las vacunas suficientes\u00bb"}]},{"@type":"WebSite","@id":"https:\/\/infoecos.com.ar\/#website","url":"https:\/\/infoecos.com.ar\/","name":"Infoecos","description":"Noticias de trenque lauquen y la zona","publisher":{"@id":"https:\/\/infoecos.com.ar\/#organization"},"alternateName":"Noticias","potentialAction":[{"@type":"SearchAction","target":{"@type":"EntryPoint","urlTemplate":"https:\/\/infoecos.com.ar\/?s={search_term_string}"},"query-input":{"@type":"PropertyValueSpecification","valueRequired":true,"valueName":"search_term_string"}}],"inLanguage":"es"},{"@type":"Organization","@id":"https:\/\/infoecos.com.ar\/#organization","name":"Infoecos","alternateName":"Noticias","url":"https:\/\/infoecos.com.ar\/","logo":{"@type":"ImageObject","inLanguage":"es","@id":"https:\/\/infoecos.com.ar\/#\/schema\/logo\/image\/","url":"https:\/\/infoecos.com.ar\/wp-content\/uploads\/2024\/03\/cropped-logo.png","contentUrl":"https:\/\/infoecos.com.ar\/wp-content\/uploads\/2024\/03\/cropped-logo.png","width":374,"height":90,"caption":"Infoecos"},"image":{"@id":"https:\/\/infoecos.com.ar\/#\/schema\/logo\/image\/"},"sameAs":["https:\/\/www.facebook.com\/profile.php?id=100063200290284","https:\/\/x.com\/infoecos"]},{"@type":"Person","@id":"https:\/\/infoecos.com.ar\/#\/schema\/person\/8f5ace5ce73b4b4aac4b7245aee6f191","name":"Jorge Matheus","url":"https:\/\/infoecos.com.ar\/index.php\/author\/jomatheus\/"}]}},"featured_image_urls":{"full":["https:\/\/infoecos.com.ar\/wp-content\/uploads\/2020\/11\/2020_10_03_CB_Conferencia-de-prensa-Salud_SGE_1429-scaled.jpg",2560,1704,false],"thumbnail":["https:\/\/infoecos.com.ar\/wp-content\/uploads\/2020\/11\/2020_10_03_CB_Conferencia-de-prensa-Salud_SGE_1429-150x150.jpg",150,150,true],"medium":["https:\/\/infoecos.com.ar\/wp-content\/uploads\/2020\/11\/2020_10_03_CB_Conferencia-de-prensa-Salud_SGE_1429-460x306.jpg",460,306,true],"medium_large":["https:\/\/infoecos.com.ar\/wp-content\/uploads\/2020\/11\/2020_10_03_CB_Conferencia-de-prensa-Salud_SGE_1429-768x511.jpg",640,426,true],"large":["https:\/\/infoecos.com.ar\/wp-content\/uploads\/2020\/11\/2020_10_03_CB_Conferencia-de-prensa-Salud_SGE_1429-920x612.jpg",640,426,true],"1536x1536":["https:\/\/infoecos.com.ar\/wp-content\/uploads\/2020\/11\/2020_10_03_CB_Conferencia-de-prensa-Salud_SGE_1429-1536x1022.jpg",1536,1022,true],"2048x2048":["https:\/\/infoecos.com.ar\/wp-content\/uploads\/2020\/11\/2020_10_03_CB_Conferencia-de-prensa-Salud_SGE_1429-2048x1363.jpg",2048,1363,true],"covernews-slider-full":["https:\/\/infoecos.com.ar\/wp-content\/uploads\/2020\/11\/2020_10_03_CB_Conferencia-de-prensa-Salud_SGE_1429-1536x1020.jpg",1077,715,true],"covernews-slider-center":["https:\/\/infoecos.com.ar\/wp-content\/uploads\/2020\/11\/2020_10_03_CB_Conferencia-de-prensa-Salud_SGE_1429-936x897.jpg",522,500,true],"covernews-featured":["https:\/\/infoecos.com.ar\/wp-content\/uploads\/2020\/11\/2020_10_03_CB_Conferencia-de-prensa-Salud_SGE_1429-1024x682.jpg",1024,682,true],"covernews-medium":["https:\/\/infoecos.com.ar\/wp-content\/uploads\/2020\/11\/2020_10_03_CB_Conferencia-de-prensa-Salud_SGE_1429-720x380.jpg",540,285,true],"covernews-medium-square":["https:\/\/infoecos.com.ar\/wp-content\/uploads\/2020\/11\/2020_10_03_CB_Conferencia-de-prensa-Salud_SGE_1429-675x450.jpg",375,250,true]},"author_info":{"info":["Jorge Matheus"]},"category_info":"<a href=\"https:\/\/infoecos.com.ar\/index.php\/category\/inferior4\/\" rel=\"category tag\">Bloque inferior - 4<\/a>","tag_info":"Bloque inferior - 4","comment_count":"0","_links":{"self":[{"href":"https:\/\/infoecos.com.ar\/index.php\/wp-json\/wp\/v2\/posts\/73829"}],"collection":[{"href":"https:\/\/infoecos.com.ar\/index.php\/wp-json\/wp\/v2\/posts"}],"about":[{"href":"https:\/\/infoecos.com.ar\/index.php\/wp-json\/wp\/v2\/types\/post"}],"author":[{"embeddable":true,"href":"https:\/\/infoecos.com.ar\/index.php\/wp-json\/wp\/v2\/users\/2"}],"replies":[{"embeddable":true,"href":"https:\/\/infoecos.com.ar\/index.php\/wp-json\/wp\/v2\/comments?post=73829"}],"version-history":[{"count":1,"href":"https:\/\/infoecos.com.ar\/index.php\/wp-json\/wp\/v2\/posts\/73829\/revisions"}],"predecessor-version":[{"id":73830,"href":"https:\/\/infoecos.com.ar\/index.php\/wp-json\/wp\/v2\/posts\/73829\/revisions\/73830"}],"wp:featuredmedia":[{"embeddable":true,"href":"https:\/\/infoecos.com.ar\/index.php\/wp-json\/wp\/v2\/media\/70244"}],"wp:attachment":[{"href":"https:\/\/infoecos.com.ar\/index.php\/wp-json\/wp\/v2\/media?parent=73829"}],"wp:term":[{"taxonomy":"category","embeddable":true,"href":"https:\/\/infoecos.com.ar\/index.php\/wp-json\/wp\/v2\/categories?post=73829"},{"taxonomy":"post_tag","embeddable":true,"href":"https:\/\/infoecos.com.ar\/index.php\/wp-json\/wp\/v2\/tags?post=73829"}],"curies":[{"name":"wp","href":"https:\/\/api.w.org\/{rel}","templated":true}]}}