{"id":73846,"date":"2021-02-04T02:37:16","date_gmt":"2021-02-04T05:37:16","guid":{"rendered":"http:\/\/infoecos.com.ar\/?p=73846"},"modified":"2021-02-05T03:12:24","modified_gmt":"2021-02-05T06:12:24","slug":"el-sector-gastronomico-y-la-organizacion-de-eventos-no-pagaran-ingresos-brutos-de-diciembre-en-la-pampa","status":"publish","type":"post","link":"https:\/\/infoecos.com.ar\/index.php\/el-sector-gastronomico-y-la-organizacion-de-eventos-no-pagaran-ingresos-brutos-de-diciembre-en-la-pampa\/","title":{"rendered":"El sector gastron\u00f3mico y la organizaci\u00f3n de eventos no pagar\u00e1n Ingresos Brutos de diciembre, en La Pampa"},"content":{"rendered":"\n<p class=\"wp-block-paragraph\">El Gobierno de La Pampa dispuso que el sector gastron\u00f3mico y la organizaci\u00f3n de eventos no paguen el impuesto sobre los &nbsp;Ingresos Brutos de diciembre, &nbsp;y consensu\u00f3 &nbsp;con representantes del mismo que los establecimientos puedan permanecer abiertos hasta la una y media de la ma\u00f1ana.&nbsp;<\/p>\n\n\n\n<div class=\"wp-block-image\"><figure class=\"aligncenter size-medium\"><img loading=\"lazy\" decoding=\"async\" width=\"460\" height=\"259\" src=\"http:\/\/infoecos.com.ar\/wp-content\/uploads\/2021\/02\/lapampaeximicion-460x259.jpg\" alt=\"\" class=\"wp-image-73847\" srcset=\"https:\/\/infoecos.com.ar\/wp-content\/uploads\/2021\/02\/lapampaeximicion-460x259.jpg 460w, https:\/\/infoecos.com.ar\/wp-content\/uploads\/2021\/02\/lapampaeximicion-768x433.jpg 768w, https:\/\/infoecos.com.ar\/wp-content\/uploads\/2021\/02\/lapampaeximicion.jpg 900w\" sizes=\"auto, (max-width: 460px) 100vw, 460px\" \/><\/figure><\/div>\n\n\n\n<p class=\"wp-block-paragraph\">Entre las 2 y las 6:30 estar\u00e1 prohibida la circulaci\u00f3n, salvo para actividades esenciales. <\/p>\n\n\n\n<p class=\"wp-block-paragraph\">Las medidas entrar\u00e1n en vigencia a las 0 del viernes 5.&nbsp;<\/p>\n\n\n\n<p class=\"wp-block-paragraph\"><\/p>\n","protected":false},"excerpt":{"rendered":"<p>Las medidas entrar\u00e1n en vigencia a las 0 del pr\u00f3ximo viernes 5<\/p>\n","protected":false},"author":2,"featured_media":73847,"comment_status":"closed","ping_status":"open","sticky":false,"template":"","format":"standard","meta":{"footnotes":""},"categories":[40],"tags":[2828],"class_list":["post-73846","post","type-post","status-publish","format-standard","has-post-thumbnail","hentry","category-inferior1","tag-mas-flexibilidad-con-la-apertura"],"featured_image_urls":{"full":["https:\/\/infoecos.com.ar\/wp-content\/uploads\/2021\/02\/lapampaeximicion.jpg",900,507,false],"thumbnail":["https:\/\/infoecos.com.ar\/wp-content\/uploads\/2021\/02\/lapampaeximicion-150x150.jpg",150,150,true],"medium":["https:\/\/infoecos.com.ar\/wp-content\/uploads\/2021\/02\/lapampaeximicion-460x259.jpg",460,259,true],"medium_large":["https:\/\/infoecos.com.ar\/wp-content\/uploads\/2021\/02\/lapampaeximicion-768x433.jpg",640,361,true],"large":["https:\/\/infoecos.com.ar\/wp-content\/uploads\/2021\/02\/lapampaeximicion.jpg",640,361,false],"1536x1536":["https:\/\/infoecos.com.ar\/wp-content\/uploads\/2021\/02\/lapampaeximicion.jpg",900,507,false],"2048x2048":["https:\/\/infoecos.com.ar\/wp-content\/uploads\/2021\/02\/lapampaeximicion.jpg",900,507,false],"covernews-slider-full":["https:\/\/infoecos.com.ar\/wp-content\/uploads\/2021\/02\/lapampaeximicion.jpg",900,507,false],"covernews-slider-center":["https:\/\/infoecos.com.ar\/wp-content\/uploads\/2021\/02\/lapampaeximicion.jpg",800,451,false],"covernews-featured":["https:\/\/infoecos.com.ar\/wp-content\/uploads\/2021\/02\/lapampaeximicion.jpg",900,507,false],"covernews-medium":["https:\/\/infoecos.com.ar\/wp-content\/uploads\/2021\/02\/lapampaeximicion-720x380.jpg",540,285,true],"covernews-medium-square":["https:\/\/infoecos.com.ar\/wp-content\/uploads\/2021\/02\/lapampaeximicion-675x450.jpg",375,250,true]},"author_info":{"info":["Jorge Matheus"]},"category_info":"<a href=\"https:\/\/infoecos.com.ar\/index.php\/category\/inferior1\/\" rel=\"category tag\">Bloque inferior - 1<\/a>","tag_info":"Bloque inferior - 1","comment_count":"0","_links":{"self":[{"href":"https:\/\/infoecos.com.ar\/index.php\/wp-json\/wp\/v2\/posts\/73846","targetHints":{"allow":["GET"]}}],"collection":[{"href":"https:\/\/infoecos.com.ar\/index.php\/wp-json\/wp\/v2\/posts"}],"about":[{"href":"https:\/\/infoecos.com.ar\/index.php\/wp-json\/wp\/v2\/types\/post"}],"author":[{"embeddable":true,"href":"https:\/\/infoecos.com.ar\/index.php\/wp-json\/wp\/v2\/users\/2"}],"replies":[{"embeddable":true,"href":"https:\/\/infoecos.com.ar\/index.php\/wp-json\/wp\/v2\/comments?post=73846"}],"version-history":[{"count":2,"href":"https:\/\/infoecos.com.ar\/index.php\/wp-json\/wp\/v2\/posts\/73846\/revisions"}],"predecessor-version":[{"id":73920,"href":"https:\/\/infoecos.com.ar\/index.php\/wp-json\/wp\/v2\/posts\/73846\/revisions\/73920"}],"wp:featuredmedia":[{"embeddable":true,"href":"https:\/\/infoecos.com.ar\/index.php\/wp-json\/wp\/v2\/media\/73847"}],"wp:attachment":[{"href":"https:\/\/infoecos.com.ar\/index.php\/wp-json\/wp\/v2\/media?parent=73846"}],"wp:term":[{"taxonomy":"category","embeddable":true,"href":"https:\/\/infoecos.com.ar\/index.php\/wp-json\/wp\/v2\/categories?post=73846"},{"taxonomy":"post_tag","embeddable":true,"href":"https:\/\/infoecos.com.ar\/index.php\/wp-json\/wp\/v2\/tags?post=73846"}],"curies":[{"name":"wp","href":"https:\/\/api.w.org\/{rel}","templated":true}]}}