{"id":73884,"date":"2021-02-05T01:40:07","date_gmt":"2021-02-05T04:40:07","guid":{"rendered":"http:\/\/infoecos.com.ar\/?p=73884"},"modified":"2021-02-05T01:40:10","modified_gmt":"2021-02-05T04:40:10","slug":"se-dara-la-primera-dosis-de-la-sputnik-v-el-intendente-de-trenque-lauquen","status":"publish","type":"post","link":"https:\/\/infoecos.com.ar\/index.php\/se-dara-la-primera-dosis-de-la-sputnik-v-el-intendente-de-trenque-lauquen\/","title":{"rendered":"Se dar\u00e1 la primera dosis de la Sputnik V el intendente de Trenque Lauquen"},"content":{"rendered":"\n<p>El Intendente municipal de Trenque Lauquen, Miguel Fern\u00e1ndez, se aplicar\u00e1 la vacuna Sputnik V este viernes, a las 7.45, en el Hospital Municipal Dr. Pedro T. Orellana donde se est\u00e1 llevando adelante el plan de vacunaci\u00f3n al personal de salud, y que desde esta semana se ampli\u00f3 a los trabajadores del \u00e1rea de Educaci\u00f3n.<\/p>\n\n\n\n<div class=\"wp-block-image\"><figure class=\"aligncenter size-medium\"><img loading=\"lazy\" decoding=\"async\" width=\"460\" height=\"307\" src=\"http:\/\/infoecos.com.ar\/wp-content\/uploads\/Vacunaci\u00f3n-antigripal-460x307.jpg\" alt=\"\" class=\"wp-image-60198\" srcset=\"https:\/\/infoecos.com.ar\/wp-content\/uploads\/Vacunaci\u00f3n-antigripal-460x307.jpg 460w, https:\/\/infoecos.com.ar\/wp-content\/uploads\/Vacunaci\u00f3n-antigripal-920x613.jpg 920w, https:\/\/infoecos.com.ar\/wp-content\/uploads\/Vacunaci\u00f3n-antigripal-768x512.jpg 768w, https:\/\/infoecos.com.ar\/wp-content\/uploads\/Vacunaci\u00f3n-antigripal-1024x682.jpg 1024w, https:\/\/infoecos.com.ar\/wp-content\/uploads\/Vacunaci\u00f3n-antigripal-675x450.jpg 675w, https:\/\/infoecos.com.ar\/wp-content\/uploads\/Vacunaci\u00f3n-antigripal.jpg 1280w\" sizes=\"(max-width: 460px) 100vw, 460px\" \/><figcaption>Fern\u00e1ndez Miguel &#8211; Vacunaci\u00f3n antigripal (archivo)<\/figcaption><\/figure><\/div>\n\n\n\n<p>De esta forma el Jefe comunal, quien ya hab\u00eda manifestado su voluntad de vacunarse, recibir\u00e1 la primera dosis de la vacuna contra el coronavirus que ya fue autorizada para mayores de 60 a\u00f1os.<\/p>\n\n\n\n<p>Mientras tanto se espera el inicio de la pr\u00f3xima etapa de vacunaci\u00f3n en las postas sanitarias que funcionar\u00e1n en dos establecimientos escolares del distrito: Escuela Secundaria n\u00ba8 (Orellana 1100) y Escuela n\u00ba501\/n\u00ba502 (Tala 299).<\/p>\n\n\n\n<p>D\u00edas pasados, en la Secundaria 8 -que ser\u00e1 la primera posta en entrar en funcionamiento- se realiz\u00f3 un simulacro de vacunaci\u00f3n para ajustar aspectos de log\u00edstica y organizativos.<\/p>\n\n\n\n<p>La vacuna es gratuita y de aplicaci\u00f3n voluntaria y para eso el Gobierno bonaerense abri\u00f3 un registro por internet, denominado Vacunate, para que se inscriban quienes sean mayores de 18 a\u00f1os y deseen recibirla: el link es\u00a0<a rel=\"noreferrer noopener\" href=\"https:\/\/vacunatepba.gba.gob.ar\/\" target=\"_blank\">https:\/\/vacunatepba.gba.gob.ar\/<\/a><\/p>\n\n\n\n<p>Tambi\u00e9n sigue funcionando el puesto de registro que instal\u00f3 el Municipio en la vereda del Palacio Municipal, de lunes a viernes de 8 a 13 horas.<\/p>\n","protected":false},"excerpt":{"rendered":"<p>En el Hospital Municipal Dr. Pedro T. Orellana donde se est\u00e1 llevando adelante el plan de vacunaci\u00f3n al personal de salud<\/p>\n","protected":false},"author":2,"featured_media":60198,"comment_status":"closed","ping_status":"open","sticky":false,"template":"","format":"standard","meta":{"footnotes":""},"categories":[24],"tags":[2836],"class_list":["post-73884","post","type-post","status-publish","format-standard","has-post-thumbnail","hentry","category-c1nota3","tag-este-viernes-a-las-7-45-en-el-hospital"],"yoast_head":"<!-- This site is optimized with the Yoast SEO plugin v23.4 - https:\/\/yoast.com\/wordpress\/plugins\/seo\/ -->\n<title>Se dar\u00e1 la primera dosis de la Sputnik V el intendente de Trenque Lauquen - Infoecos<\/title>\n<meta name=\"robots\" content=\"index, follow, max-snippet:-1, max-image-preview:large, max-video-preview:-1\" \/>\n<link rel=\"canonical\" href=\"https:\/\/infoecos.com.ar\/index.php\/se-dara-la-primera-dosis-de-la-sputnik-v-el-intendente-de-trenque-lauquen\/\" \/>\n<meta property=\"og:locale\" content=\"es_ES\" \/>\n<meta property=\"og:type\" content=\"article\" \/>\n<meta property=\"og:title\" content=\"Se dar\u00e1 la primera dosis de la Sputnik V el intendente de Trenque Lauquen - Infoecos\" \/>\n<meta property=\"og:description\" content=\"En el Hospital Municipal Dr. Pedro T. Orellana donde se est\u00e1 llevando adelante el plan de vacunaci\u00f3n al personal de salud\" \/>\n<meta property=\"og:url\" content=\"https:\/\/infoecos.com.ar\/index.php\/se-dara-la-primera-dosis-de-la-sputnik-v-el-intendente-de-trenque-lauquen\/\" \/>\n<meta property=\"og:site_name\" content=\"Infoecos\" \/>\n<meta property=\"article:publisher\" content=\"https:\/\/www.facebook.com\/profile.php?id=100063200290284\" \/>\n<meta property=\"article:published_time\" content=\"2021-02-05T04:40:07+00:00\" \/>\n<meta property=\"article:modified_time\" content=\"2021-02-05T04:40:10+00:00\" \/>\n<meta property=\"og:image\" content=\"https:\/\/infoecos.com.ar\/wp-content\/uploads\/Vacunaci\u00f3n-antigripal.jpg\" \/>\n\t<meta property=\"og:image:width\" content=\"1280\" \/>\n\t<meta property=\"og:image:height\" content=\"853\" \/>\n\t<meta property=\"og:image:type\" content=\"image\/jpeg\" \/>\n<meta name=\"author\" content=\"Jorge Matheus\" \/>\n<meta name=\"twitter:card\" content=\"summary_large_image\" \/>\n<meta name=\"twitter:creator\" content=\"@infoecos\" \/>\n<meta name=\"twitter:site\" content=\"@infoecos\" \/>\n<meta name=\"twitter:label1\" content=\"Escrito por\" \/>\n\t<meta name=\"twitter:data1\" content=\"Jorge Matheus\" \/>\n\t<meta name=\"twitter:label2\" content=\"Tiempo de lectura\" \/>\n\t<meta name=\"twitter:data2\" content=\"1 minuto\" \/>\n<script type=\"application\/ld+json\" class=\"yoast-schema-graph\">{\"@context\":\"https:\/\/schema.org\",\"@graph\":[{\"@type\":\"Article\",\"@id\":\"https:\/\/infoecos.com.ar\/index.php\/se-dara-la-primera-dosis-de-la-sputnik-v-el-intendente-de-trenque-lauquen\/#article\",\"isPartOf\":{\"@id\":\"https:\/\/infoecos.com.ar\/index.php\/se-dara-la-primera-dosis-de-la-sputnik-v-el-intendente-de-trenque-lauquen\/\"},\"author\":{\"name\":\"Jorge Matheus\",\"@id\":\"https:\/\/infoecos.com.ar\/#\/schema\/person\/8f5ace5ce73b4b4aac4b7245aee6f191\"},\"headline\":\"Se dar\u00e1 la primera dosis de la Sputnik V el intendente de Trenque Lauquen\",\"datePublished\":\"2021-02-05T04:40:07+00:00\",\"dateModified\":\"2021-02-05T04:40:10+00:00\",\"mainEntityOfPage\":{\"@id\":\"https:\/\/infoecos.com.ar\/index.php\/se-dara-la-primera-dosis-de-la-sputnik-v-el-intendente-de-trenque-lauquen\/\"},\"wordCount\":246,\"publisher\":{\"@id\":\"https:\/\/infoecos.com.ar\/#organization\"},\"image\":{\"@id\":\"https:\/\/infoecos.com.ar\/index.php\/se-dara-la-primera-dosis-de-la-sputnik-v-el-intendente-de-trenque-lauquen\/#primaryimage\"},\"thumbnailUrl\":\"https:\/\/infoecos.com.ar\/wp-content\/uploads\/Vacunaci\u00f3n-antigripal.jpg\",\"keywords\":[\"este viernes a las 7.45 en el hospital\"],\"articleSection\":[\"C1 N3\"],\"inLanguage\":\"es\"},{\"@type\":\"WebPage\",\"@id\":\"https:\/\/infoecos.com.ar\/index.php\/se-dara-la-primera-dosis-de-la-sputnik-v-el-intendente-de-trenque-lauquen\/\",\"url\":\"https:\/\/infoecos.com.ar\/index.php\/se-dara-la-primera-dosis-de-la-sputnik-v-el-intendente-de-trenque-lauquen\/\",\"name\":\"Se dar\u00e1 la primera dosis de la Sputnik V el intendente de Trenque Lauquen - Infoecos\",\"isPartOf\":{\"@id\":\"https:\/\/infoecos.com.ar\/#website\"},\"primaryImageOfPage\":{\"@id\":\"https:\/\/infoecos.com.ar\/index.php\/se-dara-la-primera-dosis-de-la-sputnik-v-el-intendente-de-trenque-lauquen\/#primaryimage\"},\"image\":{\"@id\":\"https:\/\/infoecos.com.ar\/index.php\/se-dara-la-primera-dosis-de-la-sputnik-v-el-intendente-de-trenque-lauquen\/#primaryimage\"},\"thumbnailUrl\":\"https:\/\/infoecos.com.ar\/wp-content\/uploads\/Vacunaci\u00f3n-antigripal.jpg\",\"datePublished\":\"2021-02-05T04:40:07+00:00\",\"dateModified\":\"2021-02-05T04:40:10+00:00\",\"breadcrumb\":{\"@id\":\"https:\/\/infoecos.com.ar\/index.php\/se-dara-la-primera-dosis-de-la-sputnik-v-el-intendente-de-trenque-lauquen\/#breadcrumb\"},\"inLanguage\":\"es\",\"potentialAction\":[{\"@type\":\"ReadAction\",\"target\":[\"https:\/\/infoecos.com.ar\/index.php\/se-dara-la-primera-dosis-de-la-sputnik-v-el-intendente-de-trenque-lauquen\/\"]}]},{\"@type\":\"ImageObject\",\"inLanguage\":\"es\",\"@id\":\"https:\/\/infoecos.com.ar\/index.php\/se-dara-la-primera-dosis-de-la-sputnik-v-el-intendente-de-trenque-lauquen\/#primaryimage\",\"url\":\"https:\/\/infoecos.com.ar\/wp-content\/uploads\/Vacunaci\u00f3n-antigripal.jpg\",\"contentUrl\":\"https:\/\/infoecos.com.ar\/wp-content\/uploads\/Vacunaci\u00f3n-antigripal.jpg\",\"width\":1280,\"height\":853,\"caption\":\"Fern\u00e1ndez Miguel - Vacunaci\u00f3n antigripal (archivo)\"},{\"@type\":\"BreadcrumbList\",\"@id\":\"https:\/\/infoecos.com.ar\/index.php\/se-dara-la-primera-dosis-de-la-sputnik-v-el-intendente-de-trenque-lauquen\/#breadcrumb\",\"itemListElement\":[{\"@type\":\"ListItem\",\"position\":1,\"name\":\"Portada\",\"item\":\"https:\/\/infoecos.com.ar\/\"},{\"@type\":\"ListItem\",\"position\":2,\"name\":\"Se dar\u00e1 la primera dosis de la Sputnik V el intendente de Trenque Lauquen\"}]},{\"@type\":\"WebSite\",\"@id\":\"https:\/\/infoecos.com.ar\/#website\",\"url\":\"https:\/\/infoecos.com.ar\/\",\"name\":\"Infoecos\",\"description\":\"Noticias de trenque lauquen y la zona\",\"publisher\":{\"@id\":\"https:\/\/infoecos.com.ar\/#organization\"},\"alternateName\":\"Noticias\",\"potentialAction\":[{\"@type\":\"SearchAction\",\"target\":{\"@type\":\"EntryPoint\",\"urlTemplate\":\"https:\/\/infoecos.com.ar\/?s={search_term_string}\"},\"query-input\":{\"@type\":\"PropertyValueSpecification\",\"valueRequired\":true,\"valueName\":\"search_term_string\"}}],\"inLanguage\":\"es\"},{\"@type\":\"Organization\",\"@id\":\"https:\/\/infoecos.com.ar\/#organization\",\"name\":\"Infoecos\",\"alternateName\":\"Noticias\",\"url\":\"https:\/\/infoecos.com.ar\/\",\"logo\":{\"@type\":\"ImageObject\",\"inLanguage\":\"es\",\"@id\":\"https:\/\/infoecos.com.ar\/#\/schema\/logo\/image\/\",\"url\":\"https:\/\/infoecos.com.ar\/wp-content\/uploads\/2024\/03\/cropped-logo.png\",\"contentUrl\":\"https:\/\/infoecos.com.ar\/wp-content\/uploads\/2024\/03\/cropped-logo.png\",\"width\":374,\"height\":90,\"caption\":\"Infoecos\"},\"image\":{\"@id\":\"https:\/\/infoecos.com.ar\/#\/schema\/logo\/image\/\"},\"sameAs\":[\"https:\/\/www.facebook.com\/profile.php?id=100063200290284\",\"https:\/\/x.com\/infoecos\"]},{\"@type\":\"Person\",\"@id\":\"https:\/\/infoecos.com.ar\/#\/schema\/person\/8f5ace5ce73b4b4aac4b7245aee6f191\",\"name\":\"Jorge Matheus\",\"url\":\"https:\/\/infoecos.com.ar\/index.php\/author\/jomatheus\/\"}]}<\/script>\n<!-- \/ Yoast SEO plugin. -->","yoast_head_json":{"title":"Se dar\u00e1 la primera dosis de la Sputnik V el intendente de Trenque Lauquen - Infoecos","robots":{"index":"index","follow":"follow","max-snippet":"max-snippet:-1","max-image-preview":"max-image-preview:large","max-video-preview":"max-video-preview:-1"},"canonical":"https:\/\/infoecos.com.ar\/index.php\/se-dara-la-primera-dosis-de-la-sputnik-v-el-intendente-de-trenque-lauquen\/","og_locale":"es_ES","og_type":"article","og_title":"Se dar\u00e1 la primera dosis de la Sputnik V el intendente de Trenque Lauquen - Infoecos","og_description":"En el Hospital Municipal Dr. Pedro T. Orellana donde se est\u00e1 llevando adelante el plan de vacunaci\u00f3n al personal de salud","og_url":"https:\/\/infoecos.com.ar\/index.php\/se-dara-la-primera-dosis-de-la-sputnik-v-el-intendente-de-trenque-lauquen\/","og_site_name":"Infoecos","article_publisher":"https:\/\/www.facebook.com\/profile.php?id=100063200290284","article_published_time":"2021-02-05T04:40:07+00:00","article_modified_time":"2021-02-05T04:40:10+00:00","og_image":[{"width":1280,"height":853,"url":"https:\/\/infoecos.com.ar\/wp-content\/uploads\/Vacunaci\u00f3n-antigripal.jpg","type":"image\/jpeg"}],"author":"Jorge Matheus","twitter_card":"summary_large_image","twitter_creator":"@infoecos","twitter_site":"@infoecos","twitter_misc":{"Escrito por":"Jorge Matheus","Tiempo de lectura":"1 minuto"},"schema":{"@context":"https:\/\/schema.org","@graph":[{"@type":"Article","@id":"https:\/\/infoecos.com.ar\/index.php\/se-dara-la-primera-dosis-de-la-sputnik-v-el-intendente-de-trenque-lauquen\/#article","isPartOf":{"@id":"https:\/\/infoecos.com.ar\/index.php\/se-dara-la-primera-dosis-de-la-sputnik-v-el-intendente-de-trenque-lauquen\/"},"author":{"name":"Jorge Matheus","@id":"https:\/\/infoecos.com.ar\/#\/schema\/person\/8f5ace5ce73b4b4aac4b7245aee6f191"},"headline":"Se dar\u00e1 la primera dosis de la Sputnik V el intendente de Trenque Lauquen","datePublished":"2021-02-05T04:40:07+00:00","dateModified":"2021-02-05T04:40:10+00:00","mainEntityOfPage":{"@id":"https:\/\/infoecos.com.ar\/index.php\/se-dara-la-primera-dosis-de-la-sputnik-v-el-intendente-de-trenque-lauquen\/"},"wordCount":246,"publisher":{"@id":"https:\/\/infoecos.com.ar\/#organization"},"image":{"@id":"https:\/\/infoecos.com.ar\/index.php\/se-dara-la-primera-dosis-de-la-sputnik-v-el-intendente-de-trenque-lauquen\/#primaryimage"},"thumbnailUrl":"https:\/\/infoecos.com.ar\/wp-content\/uploads\/Vacunaci\u00f3n-antigripal.jpg","keywords":["este viernes a las 7.45 en el hospital"],"articleSection":["C1 N3"],"inLanguage":"es"},{"@type":"WebPage","@id":"https:\/\/infoecos.com.ar\/index.php\/se-dara-la-primera-dosis-de-la-sputnik-v-el-intendente-de-trenque-lauquen\/","url":"https:\/\/infoecos.com.ar\/index.php\/se-dara-la-primera-dosis-de-la-sputnik-v-el-intendente-de-trenque-lauquen\/","name":"Se dar\u00e1 la primera dosis de la Sputnik V el intendente de Trenque Lauquen - Infoecos","isPartOf":{"@id":"https:\/\/infoecos.com.ar\/#website"},"primaryImageOfPage":{"@id":"https:\/\/infoecos.com.ar\/index.php\/se-dara-la-primera-dosis-de-la-sputnik-v-el-intendente-de-trenque-lauquen\/#primaryimage"},"image":{"@id":"https:\/\/infoecos.com.ar\/index.php\/se-dara-la-primera-dosis-de-la-sputnik-v-el-intendente-de-trenque-lauquen\/#primaryimage"},"thumbnailUrl":"https:\/\/infoecos.com.ar\/wp-content\/uploads\/Vacunaci\u00f3n-antigripal.jpg","datePublished":"2021-02-05T04:40:07+00:00","dateModified":"2021-02-05T04:40:10+00:00","breadcrumb":{"@id":"https:\/\/infoecos.com.ar\/index.php\/se-dara-la-primera-dosis-de-la-sputnik-v-el-intendente-de-trenque-lauquen\/#breadcrumb"},"inLanguage":"es","potentialAction":[{"@type":"ReadAction","target":["https:\/\/infoecos.com.ar\/index.php\/se-dara-la-primera-dosis-de-la-sputnik-v-el-intendente-de-trenque-lauquen\/"]}]},{"@type":"ImageObject","inLanguage":"es","@id":"https:\/\/infoecos.com.ar\/index.php\/se-dara-la-primera-dosis-de-la-sputnik-v-el-intendente-de-trenque-lauquen\/#primaryimage","url":"https:\/\/infoecos.com.ar\/wp-content\/uploads\/Vacunaci\u00f3n-antigripal.jpg","contentUrl":"https:\/\/infoecos.com.ar\/wp-content\/uploads\/Vacunaci\u00f3n-antigripal.jpg","width":1280,"height":853,"caption":"Fern\u00e1ndez Miguel - Vacunaci\u00f3n antigripal (archivo)"},{"@type":"BreadcrumbList","@id":"https:\/\/infoecos.com.ar\/index.php\/se-dara-la-primera-dosis-de-la-sputnik-v-el-intendente-de-trenque-lauquen\/#breadcrumb","itemListElement":[{"@type":"ListItem","position":1,"name":"Portada","item":"https:\/\/infoecos.com.ar\/"},{"@type":"ListItem","position":2,"name":"Se dar\u00e1 la primera dosis de la Sputnik V el intendente de Trenque Lauquen"}]},{"@type":"WebSite","@id":"https:\/\/infoecos.com.ar\/#website","url":"https:\/\/infoecos.com.ar\/","name":"Infoecos","description":"Noticias de trenque lauquen y la zona","publisher":{"@id":"https:\/\/infoecos.com.ar\/#organization"},"alternateName":"Noticias","potentialAction":[{"@type":"SearchAction","target":{"@type":"EntryPoint","urlTemplate":"https:\/\/infoecos.com.ar\/?s={search_term_string}"},"query-input":{"@type":"PropertyValueSpecification","valueRequired":true,"valueName":"search_term_string"}}],"inLanguage":"es"},{"@type":"Organization","@id":"https:\/\/infoecos.com.ar\/#organization","name":"Infoecos","alternateName":"Noticias","url":"https:\/\/infoecos.com.ar\/","logo":{"@type":"ImageObject","inLanguage":"es","@id":"https:\/\/infoecos.com.ar\/#\/schema\/logo\/image\/","url":"https:\/\/infoecos.com.ar\/wp-content\/uploads\/2024\/03\/cropped-logo.png","contentUrl":"https:\/\/infoecos.com.ar\/wp-content\/uploads\/2024\/03\/cropped-logo.png","width":374,"height":90,"caption":"Infoecos"},"image":{"@id":"https:\/\/infoecos.com.ar\/#\/schema\/logo\/image\/"},"sameAs":["https:\/\/www.facebook.com\/profile.php?id=100063200290284","https:\/\/x.com\/infoecos"]},{"@type":"Person","@id":"https:\/\/infoecos.com.ar\/#\/schema\/person\/8f5ace5ce73b4b4aac4b7245aee6f191","name":"Jorge Matheus","url":"https:\/\/infoecos.com.ar\/index.php\/author\/jomatheus\/"}]}},"featured_image_urls":{"full":["https:\/\/infoecos.com.ar\/wp-content\/uploads\/Vacunaci\u00f3n-antigripal.jpg",1280,853,false],"thumbnail":["https:\/\/infoecos.com.ar\/wp-content\/uploads\/Vacunaci\u00f3n-antigripal-150x150.jpg",150,150,true],"medium":["https:\/\/infoecos.com.ar\/wp-content\/uploads\/Vacunaci\u00f3n-antigripal-460x307.jpg",460,307,true],"medium_large":["https:\/\/infoecos.com.ar\/wp-content\/uploads\/Vacunaci\u00f3n-antigripal-768x512.jpg",640,427,true],"large":["https:\/\/infoecos.com.ar\/wp-content\/uploads\/Vacunaci\u00f3n-antigripal-920x613.jpg",640,426,true],"1536x1536":["https:\/\/infoecos.com.ar\/wp-content\/uploads\/Vacunaci\u00f3n-antigripal.jpg",1280,853,false],"2048x2048":["https:\/\/infoecos.com.ar\/wp-content\/uploads\/Vacunaci\u00f3n-antigripal.jpg",1280,853,false],"covernews-slider-full":["https:\/\/infoecos.com.ar\/wp-content\/uploads\/Vacunaci\u00f3n-antigripal.jpg",1073,715,false],"covernews-slider-center":["https:\/\/infoecos.com.ar\/wp-content\/uploads\/Vacunaci\u00f3n-antigripal-936x853.jpg",549,500,true],"covernews-featured":["https:\/\/infoecos.com.ar\/wp-content\/uploads\/Vacunaci\u00f3n-antigripal-1024x682.jpg",1024,682,true],"covernews-medium":["https:\/\/infoecos.com.ar\/wp-content\/uploads\/Vacunaci\u00f3n-antigripal-720x380.jpg",540,285,true],"covernews-medium-square":["https:\/\/infoecos.com.ar\/wp-content\/uploads\/Vacunaci\u00f3n-antigripal-675x450.jpg",375,250,true]},"author_info":{"info":["Jorge Matheus"]},"category_info":"<a href=\"https:\/\/infoecos.com.ar\/index.php\/category\/c1nota3\/\" rel=\"category tag\">C1 N3<\/a>","tag_info":"C1 N3","comment_count":"0","_links":{"self":[{"href":"https:\/\/infoecos.com.ar\/index.php\/wp-json\/wp\/v2\/posts\/73884"}],"collection":[{"href":"https:\/\/infoecos.com.ar\/index.php\/wp-json\/wp\/v2\/posts"}],"about":[{"href":"https:\/\/infoecos.com.ar\/index.php\/wp-json\/wp\/v2\/types\/post"}],"author":[{"embeddable":true,"href":"https:\/\/infoecos.com.ar\/index.php\/wp-json\/wp\/v2\/users\/2"}],"replies":[{"embeddable":true,"href":"https:\/\/infoecos.com.ar\/index.php\/wp-json\/wp\/v2\/comments?post=73884"}],"version-history":[{"count":1,"href":"https:\/\/infoecos.com.ar\/index.php\/wp-json\/wp\/v2\/posts\/73884\/revisions"}],"predecessor-version":[{"id":73885,"href":"https:\/\/infoecos.com.ar\/index.php\/wp-json\/wp\/v2\/posts\/73884\/revisions\/73885"}],"wp:featuredmedia":[{"embeddable":true,"href":"https:\/\/infoecos.com.ar\/index.php\/wp-json\/wp\/v2\/media\/60198"}],"wp:attachment":[{"href":"https:\/\/infoecos.com.ar\/index.php\/wp-json\/wp\/v2\/media?parent=73884"}],"wp:term":[{"taxonomy":"category","embeddable":true,"href":"https:\/\/infoecos.com.ar\/index.php\/wp-json\/wp\/v2\/categories?post=73884"},{"taxonomy":"post_tag","embeddable":true,"href":"https:\/\/infoecos.com.ar\/index.php\/wp-json\/wp\/v2\/tags?post=73884"}],"curies":[{"name":"wp","href":"https:\/\/api.w.org\/{rel}","templated":true}]}}