{"id":73890,"date":"2021-02-05T01:57:07","date_gmt":"2021-02-05T04:57:07","guid":{"rendered":"http:\/\/infoecos.com.ar\/?p=73890"},"modified":"2021-02-05T02:05:24","modified_gmt":"2021-02-05T05:05:24","slug":"monte-hermoso-registro-en-una-enero-una-ocupacion-promedio-del-70-por-ciento","status":"publish","type":"post","link":"https:\/\/infoecos.com.ar\/index.php\/monte-hermoso-registro-en-una-enero-una-ocupacion-promedio-del-70-por-ciento\/","title":{"rendered":"Monte Hermoso registr\u00f3 en enero una ocupaci\u00f3n promedio del 70 por ciento"},"content":{"rendered":"\n<p>El balneario de Monte Hermoso, registr\u00f3 durante el mes de enero una ocupaci\u00f3n promedio del 70%, inform\u00f3 la Secretar\u00eda de Turismo de la ciudad.<\/p>\n\n\n\n<div class=\"wp-block-image\"><figure class=\"aligncenter size-medium\"><img decoding=\"async\" src=\"http:\/\/infoecos.com.ar\/wp-content\/uploads\/LUNES-MONTE-HERMOSO-SDARC-194204C-460x305.jpg\" alt=\"Monte Hermoso\" class=\"wp-image-21872\"\/><figcaption>Monte Hermoso<\/figcaption><\/figure><\/div>\n\n\n\n<p>\u00abEl balance es positivo, obviamente que entendemos que el nivel de ocupaci\u00f3n y el consumo fue menor a un a\u00f1o corriente, pero haber terminado enero de esta manera con un 70% de ocupaci\u00f3n en promedio es bueno\u00bb, se\u00f1al\u00f3 Franco Gentili, al frente de ese organismo municipal.<\/p>\n\n\n\n<p>Gentili dijo que \u00abla primera quincena arranc\u00f3 m\u00e1s lenta por una cuesti\u00f3n clim\u00e1tica y de incertidumbre, pero de a poco la gente se fue animando m\u00e1s, y ya en la segunda quincena tuvimos un fin de semana con m\u00e1s de 120.000 personas y con ocupaciones del 100%\u00bb.<\/p>\n\n\n\n<p>\u00abEn l\u00edneas generales estamos conformes, no tenemos que dejar de entender que son vacaciones de verano en pandemia, los protocolos se cumplieron, la gente trat\u00f3 de usar el barbijo en la playa, hacer su burbuja porque es un destino familiar y eso se nota\u00bb, agreg\u00f3.<\/p>\n\n\n\n<p>El funcionario comunal dijo tambi\u00e9n que \u00abel balance de enero fue positivo y ahora en febrero arranc\u00f3 bien, tenemos buenas reservas para este fin de semana y para el carnaval casi completo, por lo que esperemos que el clima nos acompa\u00f1e y la gente nos vuelva a elegir\u00bb.<\/p>\n\n\n\n<p><strong>Fuente: infogei.com.ar<\/strong><\/p>\n","protected":false},"excerpt":{"rendered":"<p>Franco Gentili dijo que \u00abfebrero arranc\u00f3 bien, tenemos buenas reservas para este fin de semana y para el carnaval casi completo\u00bb<\/p>\n","protected":false},"author":2,"featured_media":62115,"comment_status":"closed","ping_status":"open","sticky":false,"template":"","format":"standard","meta":{"footnotes":""},"categories":[46],"tags":[2839],"class_list":["post-73890","post","type-post","status-publish","format-standard","has-post-thumbnail","hentry","category-c2nota2","tag-calificada-como-positiva"],"yoast_head":"<!-- This site is optimized with the Yoast SEO plugin v23.4 - https:\/\/yoast.com\/wordpress\/plugins\/seo\/ -->\n<title>Monte Hermoso registr\u00f3 en enero una ocupaci\u00f3n promedio del 70 por ciento - Infoecos<\/title>\n<meta name=\"robots\" content=\"index, follow, max-snippet:-1, max-image-preview:large, max-video-preview:-1\" \/>\n<link rel=\"canonical\" href=\"https:\/\/infoecos.com.ar\/index.php\/monte-hermoso-registro-en-una-enero-una-ocupacion-promedio-del-70-por-ciento\/\" \/>\n<meta property=\"og:locale\" content=\"es_ES\" \/>\n<meta property=\"og:type\" content=\"article\" \/>\n<meta property=\"og:title\" content=\"Monte Hermoso registr\u00f3 en enero una ocupaci\u00f3n promedio del 70 por ciento - Infoecos\" \/>\n<meta property=\"og:description\" content=\"Franco Gentili dijo que &quot;febrero arranc\u00f3 bien, tenemos buenas reservas para este fin de semana y para el carnaval casi completo&quot;\" \/>\n<meta property=\"og:url\" content=\"https:\/\/infoecos.com.ar\/index.php\/monte-hermoso-registro-en-una-enero-una-ocupacion-promedio-del-70-por-ciento\/\" \/>\n<meta property=\"og:site_name\" content=\"Infoecos\" \/>\n<meta property=\"article:publisher\" content=\"https:\/\/www.facebook.com\/profile.php?id=100063200290284\" \/>\n<meta property=\"article:published_time\" content=\"2021-02-05T04:57:07+00:00\" \/>\n<meta property=\"article:modified_time\" content=\"2021-02-05T05:05:24+00:00\" \/>\n<meta property=\"og:image\" content=\"https:\/\/infoecos.com.ar\/wp-content\/uploads\/montehermoso.jpg\" \/>\n\t<meta property=\"og:image:width\" content=\"880\" \/>\n\t<meta property=\"og:image:height\" content=\"493\" \/>\n\t<meta property=\"og:image:type\" content=\"image\/jpeg\" \/>\n<meta name=\"author\" content=\"Jorge Matheus\" \/>\n<meta name=\"twitter:card\" content=\"summary_large_image\" \/>\n<meta name=\"twitter:creator\" content=\"@infoecos\" \/>\n<meta name=\"twitter:site\" content=\"@infoecos\" \/>\n<meta name=\"twitter:label1\" content=\"Escrito por\" \/>\n\t<meta name=\"twitter:data1\" content=\"Jorge Matheus\" \/>\n\t<meta name=\"twitter:label2\" content=\"Tiempo de lectura\" \/>\n\t<meta name=\"twitter:data2\" content=\"1 minuto\" \/>\n<script type=\"application\/ld+json\" class=\"yoast-schema-graph\">{\"@context\":\"https:\/\/schema.org\",\"@graph\":[{\"@type\":\"Article\",\"@id\":\"https:\/\/infoecos.com.ar\/index.php\/monte-hermoso-registro-en-una-enero-una-ocupacion-promedio-del-70-por-ciento\/#article\",\"isPartOf\":{\"@id\":\"https:\/\/infoecos.com.ar\/index.php\/monte-hermoso-registro-en-una-enero-una-ocupacion-promedio-del-70-por-ciento\/\"},\"author\":{\"name\":\"Jorge Matheus\",\"@id\":\"https:\/\/infoecos.com.ar\/#\/schema\/person\/8f5ace5ce73b4b4aac4b7245aee6f191\"},\"headline\":\"Monte Hermoso registr\u00f3 en enero una ocupaci\u00f3n promedio del 70 por ciento\",\"datePublished\":\"2021-02-05T04:57:07+00:00\",\"dateModified\":\"2021-02-05T05:05:24+00:00\",\"mainEntityOfPage\":{\"@id\":\"https:\/\/infoecos.com.ar\/index.php\/monte-hermoso-registro-en-una-enero-una-ocupacion-promedio-del-70-por-ciento\/\"},\"wordCount\":238,\"publisher\":{\"@id\":\"https:\/\/infoecos.com.ar\/#organization\"},\"image\":{\"@id\":\"https:\/\/infoecos.com.ar\/index.php\/monte-hermoso-registro-en-una-enero-una-ocupacion-promedio-del-70-por-ciento\/#primaryimage\"},\"thumbnailUrl\":\"https:\/\/infoecos.com.ar\/wp-content\/uploads\/montehermoso.jpg\",\"keywords\":[\"CALIFICADA COMO POSITIVA\"],\"articleSection\":[\"C2 N2\"],\"inLanguage\":\"es\"},{\"@type\":\"WebPage\",\"@id\":\"https:\/\/infoecos.com.ar\/index.php\/monte-hermoso-registro-en-una-enero-una-ocupacion-promedio-del-70-por-ciento\/\",\"url\":\"https:\/\/infoecos.com.ar\/index.php\/monte-hermoso-registro-en-una-enero-una-ocupacion-promedio-del-70-por-ciento\/\",\"name\":\"Monte Hermoso registr\u00f3 en enero una ocupaci\u00f3n promedio del 70 por ciento - Infoecos\",\"isPartOf\":{\"@id\":\"https:\/\/infoecos.com.ar\/#website\"},\"primaryImageOfPage\":{\"@id\":\"https:\/\/infoecos.com.ar\/index.php\/monte-hermoso-registro-en-una-enero-una-ocupacion-promedio-del-70-por-ciento\/#primaryimage\"},\"image\":{\"@id\":\"https:\/\/infoecos.com.ar\/index.php\/monte-hermoso-registro-en-una-enero-una-ocupacion-promedio-del-70-por-ciento\/#primaryimage\"},\"thumbnailUrl\":\"https:\/\/infoecos.com.ar\/wp-content\/uploads\/montehermoso.jpg\",\"datePublished\":\"2021-02-05T04:57:07+00:00\",\"dateModified\":\"2021-02-05T05:05:24+00:00\",\"breadcrumb\":{\"@id\":\"https:\/\/infoecos.com.ar\/index.php\/monte-hermoso-registro-en-una-enero-una-ocupacion-promedio-del-70-por-ciento\/#breadcrumb\"},\"inLanguage\":\"es\",\"potentialAction\":[{\"@type\":\"ReadAction\",\"target\":[\"https:\/\/infoecos.com.ar\/index.php\/monte-hermoso-registro-en-una-enero-una-ocupacion-promedio-del-70-por-ciento\/\"]}]},{\"@type\":\"ImageObject\",\"inLanguage\":\"es\",\"@id\":\"https:\/\/infoecos.com.ar\/index.php\/monte-hermoso-registro-en-una-enero-una-ocupacion-promedio-del-70-por-ciento\/#primaryimage\",\"url\":\"https:\/\/infoecos.com.ar\/wp-content\/uploads\/montehermoso.jpg\",\"contentUrl\":\"https:\/\/infoecos.com.ar\/wp-content\/uploads\/montehermoso.jpg\",\"width\":880,\"height\":493},{\"@type\":\"BreadcrumbList\",\"@id\":\"https:\/\/infoecos.com.ar\/index.php\/monte-hermoso-registro-en-una-enero-una-ocupacion-promedio-del-70-por-ciento\/#breadcrumb\",\"itemListElement\":[{\"@type\":\"ListItem\",\"position\":1,\"name\":\"Portada\",\"item\":\"https:\/\/infoecos.com.ar\/\"},{\"@type\":\"ListItem\",\"position\":2,\"name\":\"Monte Hermoso registr\u00f3 en enero una ocupaci\u00f3n promedio del 70 por ciento\"}]},{\"@type\":\"WebSite\",\"@id\":\"https:\/\/infoecos.com.ar\/#website\",\"url\":\"https:\/\/infoecos.com.ar\/\",\"name\":\"Infoecos\",\"description\":\"Noticias de trenque lauquen y la zona\",\"publisher\":{\"@id\":\"https:\/\/infoecos.com.ar\/#organization\"},\"alternateName\":\"Noticias\",\"potentialAction\":[{\"@type\":\"SearchAction\",\"target\":{\"@type\":\"EntryPoint\",\"urlTemplate\":\"https:\/\/infoecos.com.ar\/?s={search_term_string}\"},\"query-input\":{\"@type\":\"PropertyValueSpecification\",\"valueRequired\":true,\"valueName\":\"search_term_string\"}}],\"inLanguage\":\"es\"},{\"@type\":\"Organization\",\"@id\":\"https:\/\/infoecos.com.ar\/#organization\",\"name\":\"Infoecos\",\"alternateName\":\"Noticias\",\"url\":\"https:\/\/infoecos.com.ar\/\",\"logo\":{\"@type\":\"ImageObject\",\"inLanguage\":\"es\",\"@id\":\"https:\/\/infoecos.com.ar\/#\/schema\/logo\/image\/\",\"url\":\"https:\/\/infoecos.com.ar\/wp-content\/uploads\/2024\/03\/cropped-logo.png\",\"contentUrl\":\"https:\/\/infoecos.com.ar\/wp-content\/uploads\/2024\/03\/cropped-logo.png\",\"width\":374,\"height\":90,\"caption\":\"Infoecos\"},\"image\":{\"@id\":\"https:\/\/infoecos.com.ar\/#\/schema\/logo\/image\/\"},\"sameAs\":[\"https:\/\/www.facebook.com\/profile.php?id=100063200290284\",\"https:\/\/x.com\/infoecos\"]},{\"@type\":\"Person\",\"@id\":\"https:\/\/infoecos.com.ar\/#\/schema\/person\/8f5ace5ce73b4b4aac4b7245aee6f191\",\"name\":\"Jorge Matheus\",\"url\":\"https:\/\/infoecos.com.ar\/index.php\/author\/jomatheus\/\"}]}<\/script>\n<!-- \/ Yoast SEO plugin. -->","yoast_head_json":{"title":"Monte Hermoso registr\u00f3 en enero una ocupaci\u00f3n promedio del 70 por ciento - Infoecos","robots":{"index":"index","follow":"follow","max-snippet":"max-snippet:-1","max-image-preview":"max-image-preview:large","max-video-preview":"max-video-preview:-1"},"canonical":"https:\/\/infoecos.com.ar\/index.php\/monte-hermoso-registro-en-una-enero-una-ocupacion-promedio-del-70-por-ciento\/","og_locale":"es_ES","og_type":"article","og_title":"Monte Hermoso registr\u00f3 en enero una ocupaci\u00f3n promedio del 70 por ciento - Infoecos","og_description":"Franco Gentili dijo que \"febrero arranc\u00f3 bien, tenemos buenas reservas para este fin de semana y para el carnaval casi completo\"","og_url":"https:\/\/infoecos.com.ar\/index.php\/monte-hermoso-registro-en-una-enero-una-ocupacion-promedio-del-70-por-ciento\/","og_site_name":"Infoecos","article_publisher":"https:\/\/www.facebook.com\/profile.php?id=100063200290284","article_published_time":"2021-02-05T04:57:07+00:00","article_modified_time":"2021-02-05T05:05:24+00:00","og_image":[{"width":880,"height":493,"url":"https:\/\/infoecos.com.ar\/wp-content\/uploads\/montehermoso.jpg","type":"image\/jpeg"}],"author":"Jorge Matheus","twitter_card":"summary_large_image","twitter_creator":"@infoecos","twitter_site":"@infoecos","twitter_misc":{"Escrito por":"Jorge Matheus","Tiempo de lectura":"1 minuto"},"schema":{"@context":"https:\/\/schema.org","@graph":[{"@type":"Article","@id":"https:\/\/infoecos.com.ar\/index.php\/monte-hermoso-registro-en-una-enero-una-ocupacion-promedio-del-70-por-ciento\/#article","isPartOf":{"@id":"https:\/\/infoecos.com.ar\/index.php\/monte-hermoso-registro-en-una-enero-una-ocupacion-promedio-del-70-por-ciento\/"},"author":{"name":"Jorge Matheus","@id":"https:\/\/infoecos.com.ar\/#\/schema\/person\/8f5ace5ce73b4b4aac4b7245aee6f191"},"headline":"Monte Hermoso registr\u00f3 en enero una ocupaci\u00f3n promedio del 70 por ciento","datePublished":"2021-02-05T04:57:07+00:00","dateModified":"2021-02-05T05:05:24+00:00","mainEntityOfPage":{"@id":"https:\/\/infoecos.com.ar\/index.php\/monte-hermoso-registro-en-una-enero-una-ocupacion-promedio-del-70-por-ciento\/"},"wordCount":238,"publisher":{"@id":"https:\/\/infoecos.com.ar\/#organization"},"image":{"@id":"https:\/\/infoecos.com.ar\/index.php\/monte-hermoso-registro-en-una-enero-una-ocupacion-promedio-del-70-por-ciento\/#primaryimage"},"thumbnailUrl":"https:\/\/infoecos.com.ar\/wp-content\/uploads\/montehermoso.jpg","keywords":["CALIFICADA COMO POSITIVA"],"articleSection":["C2 N2"],"inLanguage":"es"},{"@type":"WebPage","@id":"https:\/\/infoecos.com.ar\/index.php\/monte-hermoso-registro-en-una-enero-una-ocupacion-promedio-del-70-por-ciento\/","url":"https:\/\/infoecos.com.ar\/index.php\/monte-hermoso-registro-en-una-enero-una-ocupacion-promedio-del-70-por-ciento\/","name":"Monte Hermoso registr\u00f3 en enero una ocupaci\u00f3n promedio del 70 por ciento - Infoecos","isPartOf":{"@id":"https:\/\/infoecos.com.ar\/#website"},"primaryImageOfPage":{"@id":"https:\/\/infoecos.com.ar\/index.php\/monte-hermoso-registro-en-una-enero-una-ocupacion-promedio-del-70-por-ciento\/#primaryimage"},"image":{"@id":"https:\/\/infoecos.com.ar\/index.php\/monte-hermoso-registro-en-una-enero-una-ocupacion-promedio-del-70-por-ciento\/#primaryimage"},"thumbnailUrl":"https:\/\/infoecos.com.ar\/wp-content\/uploads\/montehermoso.jpg","datePublished":"2021-02-05T04:57:07+00:00","dateModified":"2021-02-05T05:05:24+00:00","breadcrumb":{"@id":"https:\/\/infoecos.com.ar\/index.php\/monte-hermoso-registro-en-una-enero-una-ocupacion-promedio-del-70-por-ciento\/#breadcrumb"},"inLanguage":"es","potentialAction":[{"@type":"ReadAction","target":["https:\/\/infoecos.com.ar\/index.php\/monte-hermoso-registro-en-una-enero-una-ocupacion-promedio-del-70-por-ciento\/"]}]},{"@type":"ImageObject","inLanguage":"es","@id":"https:\/\/infoecos.com.ar\/index.php\/monte-hermoso-registro-en-una-enero-una-ocupacion-promedio-del-70-por-ciento\/#primaryimage","url":"https:\/\/infoecos.com.ar\/wp-content\/uploads\/montehermoso.jpg","contentUrl":"https:\/\/infoecos.com.ar\/wp-content\/uploads\/montehermoso.jpg","width":880,"height":493},{"@type":"BreadcrumbList","@id":"https:\/\/infoecos.com.ar\/index.php\/monte-hermoso-registro-en-una-enero-una-ocupacion-promedio-del-70-por-ciento\/#breadcrumb","itemListElement":[{"@type":"ListItem","position":1,"name":"Portada","item":"https:\/\/infoecos.com.ar\/"},{"@type":"ListItem","position":2,"name":"Monte Hermoso registr\u00f3 en enero una ocupaci\u00f3n promedio del 70 por ciento"}]},{"@type":"WebSite","@id":"https:\/\/infoecos.com.ar\/#website","url":"https:\/\/infoecos.com.ar\/","name":"Infoecos","description":"Noticias de trenque lauquen y la zona","publisher":{"@id":"https:\/\/infoecos.com.ar\/#organization"},"alternateName":"Noticias","potentialAction":[{"@type":"SearchAction","target":{"@type":"EntryPoint","urlTemplate":"https:\/\/infoecos.com.ar\/?s={search_term_string}"},"query-input":{"@type":"PropertyValueSpecification","valueRequired":true,"valueName":"search_term_string"}}],"inLanguage":"es"},{"@type":"Organization","@id":"https:\/\/infoecos.com.ar\/#organization","name":"Infoecos","alternateName":"Noticias","url":"https:\/\/infoecos.com.ar\/","logo":{"@type":"ImageObject","inLanguage":"es","@id":"https:\/\/infoecos.com.ar\/#\/schema\/logo\/image\/","url":"https:\/\/infoecos.com.ar\/wp-content\/uploads\/2024\/03\/cropped-logo.png","contentUrl":"https:\/\/infoecos.com.ar\/wp-content\/uploads\/2024\/03\/cropped-logo.png","width":374,"height":90,"caption":"Infoecos"},"image":{"@id":"https:\/\/infoecos.com.ar\/#\/schema\/logo\/image\/"},"sameAs":["https:\/\/www.facebook.com\/profile.php?id=100063200290284","https:\/\/x.com\/infoecos"]},{"@type":"Person","@id":"https:\/\/infoecos.com.ar\/#\/schema\/person\/8f5ace5ce73b4b4aac4b7245aee6f191","name":"Jorge Matheus","url":"https:\/\/infoecos.com.ar\/index.php\/author\/jomatheus\/"}]}},"featured_image_urls":{"full":["https:\/\/infoecos.com.ar\/wp-content\/uploads\/montehermoso.jpg",880,493,false],"thumbnail":["https:\/\/infoecos.com.ar\/wp-content\/uploads\/montehermoso-150x150.jpg",150,150,true],"medium":["https:\/\/infoecos.com.ar\/wp-content\/uploads\/montehermoso-460x258.jpg",460,258,true],"medium_large":["https:\/\/infoecos.com.ar\/wp-content\/uploads\/montehermoso-768x430.jpg",640,358,true],"large":["https:\/\/infoecos.com.ar\/wp-content\/uploads\/montehermoso.jpg",640,359,false],"1536x1536":["https:\/\/infoecos.com.ar\/wp-content\/uploads\/montehermoso.jpg",880,493,false],"2048x2048":["https:\/\/infoecos.com.ar\/wp-content\/uploads\/montehermoso.jpg",880,493,false],"covernews-slider-full":["https:\/\/infoecos.com.ar\/wp-content\/uploads\/montehermoso.jpg",880,493,false],"covernews-slider-center":["https:\/\/infoecos.com.ar\/wp-content\/uploads\/montehermoso.jpg",800,448,false],"covernews-featured":["https:\/\/infoecos.com.ar\/wp-content\/uploads\/montehermoso.jpg",880,493,false],"covernews-medium":["https:\/\/infoecos.com.ar\/wp-content\/uploads\/montehermoso-720x380.jpg",540,285,true],"covernews-medium-square":["https:\/\/infoecos.com.ar\/wp-content\/uploads\/montehermoso-675x450.jpg",375,250,true]},"author_info":{"info":["Jorge Matheus"]},"category_info":"<a href=\"https:\/\/infoecos.com.ar\/index.php\/category\/c2nota2\/\" rel=\"category tag\">C2 N2<\/a>","tag_info":"C2 N2","comment_count":"0","_links":{"self":[{"href":"https:\/\/infoecos.com.ar\/index.php\/wp-json\/wp\/v2\/posts\/73890"}],"collection":[{"href":"https:\/\/infoecos.com.ar\/index.php\/wp-json\/wp\/v2\/posts"}],"about":[{"href":"https:\/\/infoecos.com.ar\/index.php\/wp-json\/wp\/v2\/types\/post"}],"author":[{"embeddable":true,"href":"https:\/\/infoecos.com.ar\/index.php\/wp-json\/wp\/v2\/users\/2"}],"replies":[{"embeddable":true,"href":"https:\/\/infoecos.com.ar\/index.php\/wp-json\/wp\/v2\/comments?post=73890"}],"version-history":[{"count":2,"href":"https:\/\/infoecos.com.ar\/index.php\/wp-json\/wp\/v2\/posts\/73890\/revisions"}],"predecessor-version":[{"id":73894,"href":"https:\/\/infoecos.com.ar\/index.php\/wp-json\/wp\/v2\/posts\/73890\/revisions\/73894"}],"wp:featuredmedia":[{"embeddable":true,"href":"https:\/\/infoecos.com.ar\/index.php\/wp-json\/wp\/v2\/media\/62115"}],"wp:attachment":[{"href":"https:\/\/infoecos.com.ar\/index.php\/wp-json\/wp\/v2\/media?parent=73890"}],"wp:term":[{"taxonomy":"category","embeddable":true,"href":"https:\/\/infoecos.com.ar\/index.php\/wp-json\/wp\/v2\/categories?post=73890"},{"taxonomy":"post_tag","embeddable":true,"href":"https:\/\/infoecos.com.ar\/index.php\/wp-json\/wp\/v2\/tags?post=73890"}],"curies":[{"name":"wp","href":"https:\/\/api.w.org\/{rel}","templated":true}]}}