{"id":73902,"date":"2021-02-05T02:40:02","date_gmt":"2021-02-05T05:40:02","guid":{"rendered":"http:\/\/infoecos.com.ar\/?p=73902"},"modified":"2021-02-06T02:36:34","modified_gmt":"2021-02-06T05:36:34","slug":"el-frente-de-unidad-docente-bonaerense-le-reclamo-al-gobierno-de-buenos-aires-que-los-convoque-a-discutir-salarios","status":"publish","type":"post","link":"https:\/\/infoecos.com.ar\/index.php\/el-frente-de-unidad-docente-bonaerense-le-reclamo-al-gobierno-de-buenos-aires-que-los-convoque-a-discutir-salarios\/","title":{"rendered":"El Frente de Unidad Docente Bonaerense le reclam\u00f3 al gobierno de Buenos Aires que los convoque a discutir salarios"},"content":{"rendered":"\n<p>El Frente de Unidad Docente Bonaerense (FUBD) reclam\u00f3 que el Gobierno de Axel Kicillof los convoque a discutir salarios y que d\u00e9 inicio a las Comisiones T\u00e9cnicas de la Paritaria de cara al inicio del ciclo lectivo, as\u00ed como tambi\u00e9n pidi\u00f3 \u201canalizar el desembolso de recursos propios\u201d en el marco de la continuidad pedag\u00f3gica en medio de la pandemia el a\u00f1o pasado.<\/p>\n\n\n\n<div class=\"wp-block-image\"><figure class=\"aligncenter size-medium\"><img decoding=\"async\" src=\"http:\/\/infoecos.com.ar\/wp-content\/uploads\/EMuxxbPXUAI67_o-460x267.jpg\" alt=\"\" class=\"wp-image-56999\"\/><figcaption>Docentes en Casa de Gobierno Buenos Aires (archivo)<\/figcaption><\/figure><\/div>\n\n\n\n<p>&nbsp;\u201cEn el d\u00eda de la fecha, y mediante una presentaci\u00f3n realizada ante el Ministerio de Trabajo de la Provincia de Buenos Aires, los gremios que integramos el FUDB solicitamos que se convoque a las Comisiones T\u00e9cnicas de la Paritaria Docente\u201d, escribieron en un comunicado difundido por los gremios que integran el FUBD, Suteba, FEB, Udocba, Sadop y Amet.<\/p>\n\n\n\n<p>&nbsp;\u201cUrge discutir los salarios docentes del 2021, y al mismo tiempo analizar tanto el desembolso de recursos propios que utilizaron los docentes en la continuidad pedag\u00f3gica del 2020 como las nuevas demandas y desaf\u00edos que enfrentar\u00e1n este a\u00f1o para poder seguir garantizando la ense\u00f1anza, en un contexto de cumplimiento estricto de protocolos. Adem\u00e1s, vemos necesario avanzar en los temas de agenda de cada una de las Comisiones T\u00e9cnicas\u201d, a\u00f1adieron los sindicatos.<\/p>\n\n\n\n<p>En ese sentido, reclamaron a la ministra de Trabajo, Mara Ruiz Malec, que convoque a la Comisi\u00f3n T\u00e9cnica Salarial, a la de Condiciones Laborales, a la de Salud y a la Comisi\u00f3n T\u00e9cnica de Relaciones Colectivas.<\/p>\n\n\n\n<p>Cabe se\u00f1alar que el \u00faltimo aumento salarial docente se aplic\u00f3 en octubre del a\u00f1o pasado, y fue de un 15% en forma escalonada.<\/p>\n","protected":false},"excerpt":{"rendered":"<p>El \u00faltimo aumento salarial docente se aplic\u00f3 en octubre del a\u00f1o pasado, y fue de un 15% en forma escalonada<\/p>\n","protected":false},"author":2,"featured_media":56999,"comment_status":"closed","ping_status":"open","sticky":false,"template":"","format":"standard","meta":{"footnotes":""},"categories":[1326],"tags":[2844],"class_list":["post-73902","post","type-post","status-publish","format-standard","has-post-thumbnail","hentry","category-c2nota6","tag-los-docentes-tambien-quieren-aumento"],"yoast_head":"<!-- This site is optimized with the Yoast SEO plugin v23.4 - https:\/\/yoast.com\/wordpress\/plugins\/seo\/ -->\n<title>El Frente de Unidad Docente Bonaerense le reclam\u00f3 al gobierno de Buenos Aires que los convoque a discutir salarios - Infoecos<\/title>\n<meta name=\"robots\" content=\"index, follow, max-snippet:-1, max-image-preview:large, max-video-preview:-1\" \/>\n<link rel=\"canonical\" href=\"https:\/\/infoecos.com.ar\/index.php\/el-frente-de-unidad-docente-bonaerense-le-reclamo-al-gobierno-de-buenos-aires-que-los-convoque-a-discutir-salarios\/\" \/>\n<meta property=\"og:locale\" content=\"es_ES\" \/>\n<meta property=\"og:type\" content=\"article\" \/>\n<meta property=\"og:title\" content=\"El Frente de Unidad Docente Bonaerense le reclam\u00f3 al gobierno de Buenos Aires que los convoque a discutir salarios - Infoecos\" \/>\n<meta property=\"og:description\" content=\"El \u00faltimo aumento salarial docente se aplic\u00f3 en octubre del a\u00f1o pasado, y fue de un 15% en forma escalonada\" \/>\n<meta property=\"og:url\" content=\"https:\/\/infoecos.com.ar\/index.php\/el-frente-de-unidad-docente-bonaerense-le-reclamo-al-gobierno-de-buenos-aires-que-los-convoque-a-discutir-salarios\/\" \/>\n<meta property=\"og:site_name\" content=\"Infoecos\" \/>\n<meta property=\"article:publisher\" content=\"https:\/\/www.facebook.com\/profile.php?id=100063200290284\" \/>\n<meta property=\"article:published_time\" content=\"2021-02-05T05:40:02+00:00\" \/>\n<meta property=\"article:modified_time\" content=\"2021-02-06T05:36:34+00:00\" \/>\n<meta property=\"og:image\" content=\"https:\/\/infoecos.com.ar\/wp-content\/uploads\/EMuxxbPXUAI67_o.jpg\" \/>\n\t<meta property=\"og:image:width\" content=\"680\" \/>\n\t<meta property=\"og:image:height\" content=\"395\" \/>\n\t<meta property=\"og:image:type\" content=\"image\/jpeg\" \/>\n<meta name=\"author\" content=\"Jorge Matheus\" \/>\n<meta name=\"twitter:card\" content=\"summary_large_image\" \/>\n<meta name=\"twitter:creator\" content=\"@infoecos\" \/>\n<meta name=\"twitter:site\" content=\"@infoecos\" \/>\n<meta name=\"twitter:label1\" content=\"Escrito por\" \/>\n\t<meta name=\"twitter:data1\" content=\"Jorge Matheus\" \/>\n\t<meta name=\"twitter:label2\" content=\"Tiempo de lectura\" \/>\n\t<meta name=\"twitter:data2\" content=\"1 minuto\" \/>\n<script type=\"application\/ld+json\" class=\"yoast-schema-graph\">{\"@context\":\"https:\/\/schema.org\",\"@graph\":[{\"@type\":\"Article\",\"@id\":\"https:\/\/infoecos.com.ar\/index.php\/el-frente-de-unidad-docente-bonaerense-le-reclamo-al-gobierno-de-buenos-aires-que-los-convoque-a-discutir-salarios\/#article\",\"isPartOf\":{\"@id\":\"https:\/\/infoecos.com.ar\/index.php\/el-frente-de-unidad-docente-bonaerense-le-reclamo-al-gobierno-de-buenos-aires-que-los-convoque-a-discutir-salarios\/\"},\"author\":{\"name\":\"Jorge Matheus\",\"@id\":\"https:\/\/infoecos.com.ar\/#\/schema\/person\/8f5ace5ce73b4b4aac4b7245aee6f191\"},\"headline\":\"El Frente de Unidad Docente Bonaerense le reclam\u00f3 al gobierno de Buenos Aires que los convoque a discutir salarios\",\"datePublished\":\"2021-02-05T05:40:02+00:00\",\"dateModified\":\"2021-02-06T05:36:34+00:00\",\"mainEntityOfPage\":{\"@id\":\"https:\/\/infoecos.com.ar\/index.php\/el-frente-de-unidad-docente-bonaerense-le-reclamo-al-gobierno-de-buenos-aires-que-los-convoque-a-discutir-salarios\/\"},\"wordCount\":297,\"publisher\":{\"@id\":\"https:\/\/infoecos.com.ar\/#organization\"},\"image\":{\"@id\":\"https:\/\/infoecos.com.ar\/index.php\/el-frente-de-unidad-docente-bonaerense-le-reclamo-al-gobierno-de-buenos-aires-que-los-convoque-a-discutir-salarios\/#primaryimage\"},\"thumbnailUrl\":\"\",\"keywords\":[\"LOS DOCENTES TAMBI\u00c9N QUIEREN AUMENTO\"],\"articleSection\":[\"C2 N6\"],\"inLanguage\":\"es\"},{\"@type\":\"WebPage\",\"@id\":\"https:\/\/infoecos.com.ar\/index.php\/el-frente-de-unidad-docente-bonaerense-le-reclamo-al-gobierno-de-buenos-aires-que-los-convoque-a-discutir-salarios\/\",\"url\":\"https:\/\/infoecos.com.ar\/index.php\/el-frente-de-unidad-docente-bonaerense-le-reclamo-al-gobierno-de-buenos-aires-que-los-convoque-a-discutir-salarios\/\",\"name\":\"El Frente de Unidad Docente Bonaerense le reclam\u00f3 al gobierno de Buenos Aires que los convoque a discutir salarios - Infoecos\",\"isPartOf\":{\"@id\":\"https:\/\/infoecos.com.ar\/#website\"},\"primaryImageOfPage\":{\"@id\":\"https:\/\/infoecos.com.ar\/index.php\/el-frente-de-unidad-docente-bonaerense-le-reclamo-al-gobierno-de-buenos-aires-que-los-convoque-a-discutir-salarios\/#primaryimage\"},\"image\":{\"@id\":\"https:\/\/infoecos.com.ar\/index.php\/el-frente-de-unidad-docente-bonaerense-le-reclamo-al-gobierno-de-buenos-aires-que-los-convoque-a-discutir-salarios\/#primaryimage\"},\"thumbnailUrl\":\"\",\"datePublished\":\"2021-02-05T05:40:02+00:00\",\"dateModified\":\"2021-02-06T05:36:34+00:00\",\"breadcrumb\":{\"@id\":\"https:\/\/infoecos.com.ar\/index.php\/el-frente-de-unidad-docente-bonaerense-le-reclamo-al-gobierno-de-buenos-aires-que-los-convoque-a-discutir-salarios\/#breadcrumb\"},\"inLanguage\":\"es\",\"potentialAction\":[{\"@type\":\"ReadAction\",\"target\":[\"https:\/\/infoecos.com.ar\/index.php\/el-frente-de-unidad-docente-bonaerense-le-reclamo-al-gobierno-de-buenos-aires-que-los-convoque-a-discutir-salarios\/\"]}]},{\"@type\":\"ImageObject\",\"inLanguage\":\"es\",\"@id\":\"https:\/\/infoecos.com.ar\/index.php\/el-frente-de-unidad-docente-bonaerense-le-reclamo-al-gobierno-de-buenos-aires-que-los-convoque-a-discutir-salarios\/#primaryimage\",\"url\":\"\",\"contentUrl\":\"\"},{\"@type\":\"BreadcrumbList\",\"@id\":\"https:\/\/infoecos.com.ar\/index.php\/el-frente-de-unidad-docente-bonaerense-le-reclamo-al-gobierno-de-buenos-aires-que-los-convoque-a-discutir-salarios\/#breadcrumb\",\"itemListElement\":[{\"@type\":\"ListItem\",\"position\":1,\"name\":\"Portada\",\"item\":\"https:\/\/infoecos.com.ar\/\"},{\"@type\":\"ListItem\",\"position\":2,\"name\":\"El Frente de Unidad Docente Bonaerense le reclam\u00f3 al gobierno de Buenos Aires que los convoque a discutir salarios\"}]},{\"@type\":\"WebSite\",\"@id\":\"https:\/\/infoecos.com.ar\/#website\",\"url\":\"https:\/\/infoecos.com.ar\/\",\"name\":\"Infoecos\",\"description\":\"Noticias de trenque lauquen y la zona\",\"publisher\":{\"@id\":\"https:\/\/infoecos.com.ar\/#organization\"},\"alternateName\":\"Noticias\",\"potentialAction\":[{\"@type\":\"SearchAction\",\"target\":{\"@type\":\"EntryPoint\",\"urlTemplate\":\"https:\/\/infoecos.com.ar\/?s={search_term_string}\"},\"query-input\":{\"@type\":\"PropertyValueSpecification\",\"valueRequired\":true,\"valueName\":\"search_term_string\"}}],\"inLanguage\":\"es\"},{\"@type\":\"Organization\",\"@id\":\"https:\/\/infoecos.com.ar\/#organization\",\"name\":\"Infoecos\",\"alternateName\":\"Noticias\",\"url\":\"https:\/\/infoecos.com.ar\/\",\"logo\":{\"@type\":\"ImageObject\",\"inLanguage\":\"es\",\"@id\":\"https:\/\/infoecos.com.ar\/#\/schema\/logo\/image\/\",\"url\":\"https:\/\/infoecos.com.ar\/wp-content\/uploads\/2024\/03\/cropped-logo.png\",\"contentUrl\":\"https:\/\/infoecos.com.ar\/wp-content\/uploads\/2024\/03\/cropped-logo.png\",\"width\":374,\"height\":90,\"caption\":\"Infoecos\"},\"image\":{\"@id\":\"https:\/\/infoecos.com.ar\/#\/schema\/logo\/image\/\"},\"sameAs\":[\"https:\/\/www.facebook.com\/profile.php?id=100063200290284\",\"https:\/\/x.com\/infoecos\"]},{\"@type\":\"Person\",\"@id\":\"https:\/\/infoecos.com.ar\/#\/schema\/person\/8f5ace5ce73b4b4aac4b7245aee6f191\",\"name\":\"Jorge Matheus\",\"url\":\"https:\/\/infoecos.com.ar\/index.php\/author\/jomatheus\/\"}]}<\/script>\n<!-- \/ Yoast SEO plugin. -->","yoast_head_json":{"title":"El Frente de Unidad Docente Bonaerense le reclam\u00f3 al gobierno de Buenos Aires que los convoque a discutir salarios - Infoecos","robots":{"index":"index","follow":"follow","max-snippet":"max-snippet:-1","max-image-preview":"max-image-preview:large","max-video-preview":"max-video-preview:-1"},"canonical":"https:\/\/infoecos.com.ar\/index.php\/el-frente-de-unidad-docente-bonaerense-le-reclamo-al-gobierno-de-buenos-aires-que-los-convoque-a-discutir-salarios\/","og_locale":"es_ES","og_type":"article","og_title":"El Frente de Unidad Docente Bonaerense le reclam\u00f3 al gobierno de Buenos Aires que los convoque a discutir salarios - Infoecos","og_description":"El \u00faltimo aumento salarial docente se aplic\u00f3 en octubre del a\u00f1o pasado, y fue de un 15% en forma escalonada","og_url":"https:\/\/infoecos.com.ar\/index.php\/el-frente-de-unidad-docente-bonaerense-le-reclamo-al-gobierno-de-buenos-aires-que-los-convoque-a-discutir-salarios\/","og_site_name":"Infoecos","article_publisher":"https:\/\/www.facebook.com\/profile.php?id=100063200290284","article_published_time":"2021-02-05T05:40:02+00:00","article_modified_time":"2021-02-06T05:36:34+00:00","og_image":[{"width":680,"height":395,"url":"https:\/\/infoecos.com.ar\/wp-content\/uploads\/EMuxxbPXUAI67_o.jpg","type":"image\/jpeg"}],"author":"Jorge Matheus","twitter_card":"summary_large_image","twitter_creator":"@infoecos","twitter_site":"@infoecos","twitter_misc":{"Escrito por":"Jorge Matheus","Tiempo de lectura":"1 minuto"},"schema":{"@context":"https:\/\/schema.org","@graph":[{"@type":"Article","@id":"https:\/\/infoecos.com.ar\/index.php\/el-frente-de-unidad-docente-bonaerense-le-reclamo-al-gobierno-de-buenos-aires-que-los-convoque-a-discutir-salarios\/#article","isPartOf":{"@id":"https:\/\/infoecos.com.ar\/index.php\/el-frente-de-unidad-docente-bonaerense-le-reclamo-al-gobierno-de-buenos-aires-que-los-convoque-a-discutir-salarios\/"},"author":{"name":"Jorge Matheus","@id":"https:\/\/infoecos.com.ar\/#\/schema\/person\/8f5ace5ce73b4b4aac4b7245aee6f191"},"headline":"El Frente de Unidad Docente Bonaerense le reclam\u00f3 al gobierno de Buenos Aires que los convoque a discutir salarios","datePublished":"2021-02-05T05:40:02+00:00","dateModified":"2021-02-06T05:36:34+00:00","mainEntityOfPage":{"@id":"https:\/\/infoecos.com.ar\/index.php\/el-frente-de-unidad-docente-bonaerense-le-reclamo-al-gobierno-de-buenos-aires-que-los-convoque-a-discutir-salarios\/"},"wordCount":297,"publisher":{"@id":"https:\/\/infoecos.com.ar\/#organization"},"image":{"@id":"https:\/\/infoecos.com.ar\/index.php\/el-frente-de-unidad-docente-bonaerense-le-reclamo-al-gobierno-de-buenos-aires-que-los-convoque-a-discutir-salarios\/#primaryimage"},"thumbnailUrl":"","keywords":["LOS DOCENTES TAMBI\u00c9N QUIEREN AUMENTO"],"articleSection":["C2 N6"],"inLanguage":"es"},{"@type":"WebPage","@id":"https:\/\/infoecos.com.ar\/index.php\/el-frente-de-unidad-docente-bonaerense-le-reclamo-al-gobierno-de-buenos-aires-que-los-convoque-a-discutir-salarios\/","url":"https:\/\/infoecos.com.ar\/index.php\/el-frente-de-unidad-docente-bonaerense-le-reclamo-al-gobierno-de-buenos-aires-que-los-convoque-a-discutir-salarios\/","name":"El Frente de Unidad Docente Bonaerense le reclam\u00f3 al gobierno de Buenos Aires que los convoque a discutir salarios - Infoecos","isPartOf":{"@id":"https:\/\/infoecos.com.ar\/#website"},"primaryImageOfPage":{"@id":"https:\/\/infoecos.com.ar\/index.php\/el-frente-de-unidad-docente-bonaerense-le-reclamo-al-gobierno-de-buenos-aires-que-los-convoque-a-discutir-salarios\/#primaryimage"},"image":{"@id":"https:\/\/infoecos.com.ar\/index.php\/el-frente-de-unidad-docente-bonaerense-le-reclamo-al-gobierno-de-buenos-aires-que-los-convoque-a-discutir-salarios\/#primaryimage"},"thumbnailUrl":"","datePublished":"2021-02-05T05:40:02+00:00","dateModified":"2021-02-06T05:36:34+00:00","breadcrumb":{"@id":"https:\/\/infoecos.com.ar\/index.php\/el-frente-de-unidad-docente-bonaerense-le-reclamo-al-gobierno-de-buenos-aires-que-los-convoque-a-discutir-salarios\/#breadcrumb"},"inLanguage":"es","potentialAction":[{"@type":"ReadAction","target":["https:\/\/infoecos.com.ar\/index.php\/el-frente-de-unidad-docente-bonaerense-le-reclamo-al-gobierno-de-buenos-aires-que-los-convoque-a-discutir-salarios\/"]}]},{"@type":"ImageObject","inLanguage":"es","@id":"https:\/\/infoecos.com.ar\/index.php\/el-frente-de-unidad-docente-bonaerense-le-reclamo-al-gobierno-de-buenos-aires-que-los-convoque-a-discutir-salarios\/#primaryimage","url":"","contentUrl":""},{"@type":"BreadcrumbList","@id":"https:\/\/infoecos.com.ar\/index.php\/el-frente-de-unidad-docente-bonaerense-le-reclamo-al-gobierno-de-buenos-aires-que-los-convoque-a-discutir-salarios\/#breadcrumb","itemListElement":[{"@type":"ListItem","position":1,"name":"Portada","item":"https:\/\/infoecos.com.ar\/"},{"@type":"ListItem","position":2,"name":"El Frente de Unidad Docente Bonaerense le reclam\u00f3 al gobierno de Buenos Aires que los convoque a discutir salarios"}]},{"@type":"WebSite","@id":"https:\/\/infoecos.com.ar\/#website","url":"https:\/\/infoecos.com.ar\/","name":"Infoecos","description":"Noticias de trenque lauquen y la zona","publisher":{"@id":"https:\/\/infoecos.com.ar\/#organization"},"alternateName":"Noticias","potentialAction":[{"@type":"SearchAction","target":{"@type":"EntryPoint","urlTemplate":"https:\/\/infoecos.com.ar\/?s={search_term_string}"},"query-input":{"@type":"PropertyValueSpecification","valueRequired":true,"valueName":"search_term_string"}}],"inLanguage":"es"},{"@type":"Organization","@id":"https:\/\/infoecos.com.ar\/#organization","name":"Infoecos","alternateName":"Noticias","url":"https:\/\/infoecos.com.ar\/","logo":{"@type":"ImageObject","inLanguage":"es","@id":"https:\/\/infoecos.com.ar\/#\/schema\/logo\/image\/","url":"https:\/\/infoecos.com.ar\/wp-content\/uploads\/2024\/03\/cropped-logo.png","contentUrl":"https:\/\/infoecos.com.ar\/wp-content\/uploads\/2024\/03\/cropped-logo.png","width":374,"height":90,"caption":"Infoecos"},"image":{"@id":"https:\/\/infoecos.com.ar\/#\/schema\/logo\/image\/"},"sameAs":["https:\/\/www.facebook.com\/profile.php?id=100063200290284","https:\/\/x.com\/infoecos"]},{"@type":"Person","@id":"https:\/\/infoecos.com.ar\/#\/schema\/person\/8f5ace5ce73b4b4aac4b7245aee6f191","name":"Jorge Matheus","url":"https:\/\/infoecos.com.ar\/index.php\/author\/jomatheus\/"}]}},"featured_image_urls":{"full":"","thumbnail":"","medium":"","medium_large":"","large":"","1536x1536":"","2048x2048":"","covernews-slider-full":"","covernews-slider-center":"","covernews-featured":"","covernews-medium":"","covernews-medium-square":""},"author_info":{"info":["Jorge Matheus"]},"category_info":"<a href=\"https:\/\/infoecos.com.ar\/index.php\/category\/c2nota6\/\" rel=\"category tag\">C2 N6<\/a>","tag_info":"C2 N6","comment_count":"0","_links":{"self":[{"href":"https:\/\/infoecos.com.ar\/index.php\/wp-json\/wp\/v2\/posts\/73902"}],"collection":[{"href":"https:\/\/infoecos.com.ar\/index.php\/wp-json\/wp\/v2\/posts"}],"about":[{"href":"https:\/\/infoecos.com.ar\/index.php\/wp-json\/wp\/v2\/types\/post"}],"author":[{"embeddable":true,"href":"https:\/\/infoecos.com.ar\/index.php\/wp-json\/wp\/v2\/users\/2"}],"replies":[{"embeddable":true,"href":"https:\/\/infoecos.com.ar\/index.php\/wp-json\/wp\/v2\/comments?post=73902"}],"version-history":[{"count":2,"href":"https:\/\/infoecos.com.ar\/index.php\/wp-json\/wp\/v2\/posts\/73902\/revisions"}],"predecessor-version":[{"id":73984,"href":"https:\/\/infoecos.com.ar\/index.php\/wp-json\/wp\/v2\/posts\/73902\/revisions\/73984"}],"wp:featuredmedia":[{"embeddable":true,"href":"https:\/\/infoecos.com.ar\/index.php\/wp-json\/"}],"wp:attachment":[{"href":"https:\/\/infoecos.com.ar\/index.php\/wp-json\/wp\/v2\/media?parent=73902"}],"wp:term":[{"taxonomy":"category","embeddable":true,"href":"https:\/\/infoecos.com.ar\/index.php\/wp-json\/wp\/v2\/categories?post=73902"},{"taxonomy":"post_tag","embeddable":true,"href":"https:\/\/infoecos.com.ar\/index.php\/wp-json\/wp\/v2\/tags?post=73902"}],"curies":[{"name":"wp","href":"https:\/\/api.w.org\/{rel}","templated":true}]}}