{"id":73941,"date":"2021-02-05T15:36:49","date_gmt":"2021-02-05T18:36:49","guid":{"rendered":"http:\/\/infoecos.com.ar\/?p=73941"},"modified":"2021-02-05T15:36:51","modified_gmt":"2021-02-05T18:36:51","slug":"reincorporaron-a-julian-sanchez-ponce-a-bomberos-voluntarios-de-pehuajo","status":"publish","type":"post","link":"https:\/\/infoecos.com.ar\/index.php\/reincorporaron-a-julian-sanchez-ponce-a-bomberos-voluntarios-de-pehuajo\/","title":{"rendered":"Reincorporaron a Juli\u00e1n S\u00e1nchez Ponce a Bomberos Voluntarios de Pehuaj\u00f3"},"content":{"rendered":"\n<p class=\"wp-block-paragraph\">Fue reincorporado a Bomberos Voluntarios de Pehuaj\u00f3, Juli\u00e1n S\u00e1nchez Ponce, qui\u00e9n hab\u00eda sido separado de la instituci\u00f3n en lo que se interpret\u00f3 como un acto de discriminaci\u00f3n, raz\u00f3n por la que se involucraron en el tema la delegaci\u00f3n Buenos Aires del INADI, la Direcci\u00f3n Provincial de Defensa Civil y el intendente municipal, Pablo Zurro.<\/p>\n\n\n\n<div class=\"wp-block-image\"><figure class=\"aligncenter size-medium\"><img loading=\"lazy\" decoding=\"async\" width=\"460\" height=\"260\" src=\"http:\/\/infoecos.com.ar\/wp-content\/uploads\/2021\/02\/poncejulianmc-460x260.jpg\" alt=\"\" class=\"wp-image-73942\" srcset=\"https:\/\/infoecos.com.ar\/wp-content\/uploads\/2021\/02\/poncejulianmc-460x260.jpg 460w, https:\/\/infoecos.com.ar\/wp-content\/uploads\/2021\/02\/poncejulianmc.jpg 620w\" sizes=\"auto, (max-width: 460px) 100vw, 460px\" \/><\/figure><\/div>\n\n\n\n<p class=\"wp-block-paragraph\">El jueves se realiz\u00f3 una reuni\u00f3n donde se resolvi\u00f3 dar marcha atr\u00e1s con la resoluci\u00f3n que afectaba al servidor p\u00fablico que padece de leve temblor esencial, una enfermedad que la produce cierta incapacidad.<\/p>\n\n\n\n<p class=\"wp-block-paragraph\">Para las 20.30 horas de este viernes se ha convocado a una marcha que confluir\u00e1 frente al cuartel de Bomberos Voluntarios de Pehuaj\u00f3. La misma, seg\u00fan p\u00fablica el sitio radiomagicadigital.com, ha sido convocada por la madre de Juli\u00e1n con el fin de agradecer el apoyo que recibieron. <\/p>\n\n\n\n<div class=\"wp-block-image\"><figure class=\"aligncenter size-medium\"><img loading=\"lazy\" decoding=\"async\" width=\"259\" height=\"460\" src=\"http:\/\/infoecos.com.ar\/wp-content\/uploads\/2021\/02\/poncejulian-259x460.jpg\" alt=\"\" class=\"wp-image-73943\" srcset=\"https:\/\/infoecos.com.ar\/wp-content\/uploads\/2021\/02\/poncejulian-259x460.jpg 259w, https:\/\/infoecos.com.ar\/wp-content\/uploads\/2021\/02\/poncejulian-518x920.jpg 518w, https:\/\/infoecos.com.ar\/wp-content\/uploads\/2021\/02\/poncejulian.jpg 526w\" sizes=\"auto, (max-width: 259px) 100vw, 259px\" \/><\/figure><\/div>\n","protected":false},"excerpt":{"rendered":"<p>Para las 20.30 horas de este viernes se ha convocado a una marcha que confluir\u00e1 frente al cuartel de Bomberos Voluntarios de Pehuaj\u00f3<\/p>\n","protected":false},"author":2,"featured_media":73943,"comment_status":"closed","ping_status":"open","sticky":false,"template":"","format":"standard","meta":{"footnotes":""},"categories":[29],"tags":[2853],"class_list":["post-73941","post","type-post","status-publish","format-standard","has-post-thumbnail","hentry","category-c2nota1","tag-agradecimiento-a-la-comunidad"],"featured_image_urls":{"full":["https:\/\/infoecos.com.ar\/wp-content\/uploads\/2021\/02\/poncejulian.jpg",526,935,false],"thumbnail":["https:\/\/infoecos.com.ar\/wp-content\/uploads\/2021\/02\/poncejulian-150x150.jpg",150,150,true],"medium":["https:\/\/infoecos.com.ar\/wp-content\/uploads\/2021\/02\/poncejulian-259x460.jpg",259,460,true],"medium_large":["https:\/\/infoecos.com.ar\/wp-content\/uploads\/2021\/02\/poncejulian.jpg",526,935,false],"large":["https:\/\/infoecos.com.ar\/wp-content\/uploads\/2021\/02\/poncejulian-518x920.jpg",518,920,true],"1536x1536":["https:\/\/infoecos.com.ar\/wp-content\/uploads\/2021\/02\/poncejulian.jpg",526,935,false],"2048x2048":["https:\/\/infoecos.com.ar\/wp-content\/uploads\/2021\/02\/poncejulian.jpg",526,935,false],"covernews-slider-full":["https:\/\/infoecos.com.ar\/wp-content\/uploads\/2021\/02\/poncejulian.jpg",402,715,false],"covernews-slider-center":["https:\/\/infoecos.com.ar\/wp-content\/uploads\/2021\/02\/poncejulian-526x897.jpg",293,500,true],"covernews-featured":["https:\/\/infoecos.com.ar\/wp-content\/uploads\/2021\/02\/poncejulian.jpg",526,935,false],"covernews-medium":["https:\/\/infoecos.com.ar\/wp-content\/uploads\/2021\/02\/poncejulian-526x380.jpg",471,340,true],"covernews-medium-square":["https:\/\/infoecos.com.ar\/wp-content\/uploads\/2021\/02\/poncejulian-526x450.jpg",292,250,true]},"author_info":{"info":["Jorge Matheus"]},"category_info":"<a href=\"https:\/\/infoecos.com.ar\/index.php\/category\/c2nota1\/\" rel=\"category tag\">C2 nota 1<\/a>","tag_info":"C2 nota 1","comment_count":"0","_links":{"self":[{"href":"https:\/\/infoecos.com.ar\/index.php\/wp-json\/wp\/v2\/posts\/73941","targetHints":{"allow":["GET"]}}],"collection":[{"href":"https:\/\/infoecos.com.ar\/index.php\/wp-json\/wp\/v2\/posts"}],"about":[{"href":"https:\/\/infoecos.com.ar\/index.php\/wp-json\/wp\/v2\/types\/post"}],"author":[{"embeddable":true,"href":"https:\/\/infoecos.com.ar\/index.php\/wp-json\/wp\/v2\/users\/2"}],"replies":[{"embeddable":true,"href":"https:\/\/infoecos.com.ar\/index.php\/wp-json\/wp\/v2\/comments?post=73941"}],"version-history":[{"count":1,"href":"https:\/\/infoecos.com.ar\/index.php\/wp-json\/wp\/v2\/posts\/73941\/revisions"}],"predecessor-version":[{"id":73944,"href":"https:\/\/infoecos.com.ar\/index.php\/wp-json\/wp\/v2\/posts\/73941\/revisions\/73944"}],"wp:featuredmedia":[{"embeddable":true,"href":"https:\/\/infoecos.com.ar\/index.php\/wp-json\/wp\/v2\/media\/73943"}],"wp:attachment":[{"href":"https:\/\/infoecos.com.ar\/index.php\/wp-json\/wp\/v2\/media?parent=73941"}],"wp:term":[{"taxonomy":"category","embeddable":true,"href":"https:\/\/infoecos.com.ar\/index.php\/wp-json\/wp\/v2\/categories?post=73941"},{"taxonomy":"post_tag","embeddable":true,"href":"https:\/\/infoecos.com.ar\/index.php\/wp-json\/wp\/v2\/tags?post=73941"}],"curies":[{"name":"wp","href":"https:\/\/api.w.org\/{rel}","templated":true}]}}