{"id":73973,"date":"2021-02-06T02:07:52","date_gmt":"2021-02-06T05:07:52","guid":{"rendered":"http:\/\/infoecos.com.ar\/?p=73973"},"modified":"2021-02-06T02:07:55","modified_gmt":"2021-02-06T05:07:55","slug":"hubo-acuerdo-con-los-transportistas-de-la-provincia-de-buenos-aires","status":"publish","type":"post","link":"https:\/\/infoecos.com.ar\/index.php\/hubo-acuerdo-con-los-transportistas-de-la-provincia-de-buenos-aires\/","title":{"rendered":"Hubo acuerdo con los transportistas de la provincia de Buenos Aires"},"content":{"rendered":"\n<p class=\"wp-block-paragraph\">Despu\u00e9s de reuniones en la Secretar\u00eda de Transporte y en el Congreso, los Transportistas Autoconvocados decidieron continuar con las medidas a nivel nacional. En la Provincia de Buenos Aires si hubo arreglo donde la tarifa ser\u00e1 m\u00e1s alta que en el resto del pa\u00eds.<\/p>\n\n\n\n<div class=\"wp-block-image\"><figure class=\"aligncenter size-medium\"><img loading=\"lazy\" decoding=\"async\" width=\"460\" height=\"259\" src=\"http:\/\/infoecos.com.ar\/wp-content\/uploads\/2021\/01\/transportistas-460x259.jpg\" alt=\"\" class=\"wp-image-73036\" srcset=\"https:\/\/infoecos.com.ar\/wp-content\/uploads\/2021\/01\/transportistas-460x259.jpg 460w, https:\/\/infoecos.com.ar\/wp-content\/uploads\/2021\/01\/transportistas-920x518.jpg 920w, https:\/\/infoecos.com.ar\/wp-content\/uploads\/2021\/01\/transportistas-768x432.jpg 768w, https:\/\/infoecos.com.ar\/wp-content\/uploads\/2021\/01\/transportistas-1024x576.jpg 1024w, https:\/\/infoecos.com.ar\/wp-content\/uploads\/2021\/01\/transportistas.jpg 1200w\" sizes=\"auto, (max-width: 460px) 100vw, 460px\" \/><\/figure><\/div>\n\n\n\n<p class=\"wp-block-paragraph\">Buenos Aires tendr\u00e1 a disposici\u00f3n en el plazo de los pr\u00f3ximos 15 d\u00edas, el&nbsp;<strong>Registro Provincial de Transportistas de Carga&nbsp;&nbsp;<\/strong>(<strong>RPTC<\/strong>) para la ruta provincial. El mismo ser\u00e1 totalmente digital y se podr\u00e1 tramitar virtualmente.<\/p>\n\n\n\n<p class=\"wp-block-paragraph\">El mismo habilitar\u00e1 a los transportistas a trabajar dentro del territorio de la provincia de Buenos Aires y tendr\u00e1 un valor aproximado de $450.<\/p>\n\n\n\n<p class=\"wp-block-paragraph\">Adem\u00e1s, se acord\u00f3 llevar el&nbsp;<strong>Documento de Tr\u00e1nsito Vegetal&nbsp;<\/strong>(DTV) a un valor de $2200, lo cual \u00abdisminuir\u00eda los costos y permitir\u00e1 lograr una mayor rentabilidad\u00bb, seg\u00fan indic\u00f3 Carlucci.<\/p>\n\n\n\n<div class=\"wp-block-image\"><figure class=\"aligncenter size-large\"><img loading=\"lazy\" decoding=\"async\" width=\"423\" height=\"169\" src=\"http:\/\/infoecos.com.ar\/wp-content\/uploads\/2021\/02\/tarifaauto.jpeg\" alt=\"\" class=\"wp-image-73974\"\/><\/figure><\/div>\n\n\n\n<p class=\"wp-block-paragraph\">El presidente de <strong>Transportistas Unidos de Argentina<\/strong>,\u00a0<strong>Santiago Carlucci<\/strong> inform\u00f3 que la Subsecretar\u00eda de Transporte junto con la Agencia de Recaudaci\u00f3n de la Provincia de Buenos Aires (ARBA), ser\u00e1n las encargadas de la fiscalizaci\u00f3n de tarifas, a partir de operativos y controles sobre la formas de pago utilizadas.<\/p>\n\n\n\n<p class=\"wp-block-paragraph\">Seg\u00fan indic\u00f3, \u00ab<strong>esto nace de presentar m\u00faltiple informaci\u00f3n que demuestra que las tarifas se bajan desde un 15 hasta un 50% tanto en cereal como en cargas generales<\/strong>\u00ab.<\/p>\n\n\n\n<p class=\"wp-block-paragraph\">Otro punto importante, fue que la provincia tendr\u00e1 a disposici\u00f3n, en los pr\u00f3ximos 15 d\u00edas, una tabla totalmente automatizada y digitalizada, creada por&nbsp;<strong>Transportistas Unidos de Argentina&nbsp;<\/strong>para calcular el costo log\u00edstico por kilometro recorrido.<\/p>\n\n\n\n<p class=\"wp-block-paragraph\">Esta permitir\u00e1 cotizar cualquier tipo de viaje, determinando la tarifa a cobrar de acuerdo a variables que se modifican constantemente, como son el precio de combustible y de cubierta, el peaje, el psicof\u00edsico, entre otros.<\/p>\n\n\n\n<p class=\"wp-block-paragraph\"><\/p>\n\n\n\n<p class=\"wp-block-paragraph\"><\/p>\n","protected":false},"excerpt":{"rendered":"<p>Los Transportistas Autoconvocados decidieron continuar con las medidas a nivel nacional<\/p>\n","protected":false},"author":2,"featured_media":73036,"comment_status":"closed","ping_status":"open","sticky":false,"template":"","format":"standard","meta":{"footnotes":""},"categories":[198],"tags":[2863],"class_list":["post-73973","post","type-post","status-publish","format-standard","has-post-thumbnail","hentry","category-c1nota5","tag-la-tarifa-sera-mas-alta-que-en-el-resto-del-pais"],"featured_image_urls":{"full":["https:\/\/infoecos.com.ar\/wp-content\/uploads\/2021\/01\/transportistas.jpg",1200,675,false],"thumbnail":["https:\/\/infoecos.com.ar\/wp-content\/uploads\/2021\/01\/transportistas-150x150.jpg",150,150,true],"medium":["https:\/\/infoecos.com.ar\/wp-content\/uploads\/2021\/01\/transportistas-460x259.jpg",460,259,true],"medium_large":["https:\/\/infoecos.com.ar\/wp-content\/uploads\/2021\/01\/transportistas-768x432.jpg",640,360,true],"large":["https:\/\/infoecos.com.ar\/wp-content\/uploads\/2021\/01\/transportistas-920x518.jpg",640,360,true],"1536x1536":["https:\/\/infoecos.com.ar\/wp-content\/uploads\/2021\/01\/transportistas.jpg",1200,675,false],"2048x2048":["https:\/\/infoecos.com.ar\/wp-content\/uploads\/2021\/01\/transportistas.jpg",1200,675,false],"covernews-slider-full":["https:\/\/infoecos.com.ar\/wp-content\/uploads\/2021\/01\/transportistas.jpg",1115,627,false],"covernews-slider-center":["https:\/\/infoecos.com.ar\/wp-content\/uploads\/2021\/01\/transportistas-936x675.jpg",693,500,true],"covernews-featured":["https:\/\/infoecos.com.ar\/wp-content\/uploads\/2021\/01\/transportistas-1024x576.jpg",1024,576,true],"covernews-medium":["https:\/\/infoecos.com.ar\/wp-content\/uploads\/2021\/01\/transportistas-720x380.jpg",540,285,true],"covernews-medium-square":["https:\/\/infoecos.com.ar\/wp-content\/uploads\/2021\/01\/transportistas-675x450.jpg",375,250,true]},"author_info":{"info":["Jorge Matheus"]},"category_info":"<a href=\"https:\/\/infoecos.com.ar\/index.php\/category\/c1nota5\/\" rel=\"category tag\">C1 nota 5<\/a>","tag_info":"C1 nota 5","comment_count":"0","_links":{"self":[{"href":"https:\/\/infoecos.com.ar\/index.php\/wp-json\/wp\/v2\/posts\/73973","targetHints":{"allow":["GET"]}}],"collection":[{"href":"https:\/\/infoecos.com.ar\/index.php\/wp-json\/wp\/v2\/posts"}],"about":[{"href":"https:\/\/infoecos.com.ar\/index.php\/wp-json\/wp\/v2\/types\/post"}],"author":[{"embeddable":true,"href":"https:\/\/infoecos.com.ar\/index.php\/wp-json\/wp\/v2\/users\/2"}],"replies":[{"embeddable":true,"href":"https:\/\/infoecos.com.ar\/index.php\/wp-json\/wp\/v2\/comments?post=73973"}],"version-history":[{"count":1,"href":"https:\/\/infoecos.com.ar\/index.php\/wp-json\/wp\/v2\/posts\/73973\/revisions"}],"predecessor-version":[{"id":73975,"href":"https:\/\/infoecos.com.ar\/index.php\/wp-json\/wp\/v2\/posts\/73973\/revisions\/73975"}],"wp:featuredmedia":[{"embeddable":true,"href":"https:\/\/infoecos.com.ar\/index.php\/wp-json\/wp\/v2\/media\/73036"}],"wp:attachment":[{"href":"https:\/\/infoecos.com.ar\/index.php\/wp-json\/wp\/v2\/media?parent=73973"}],"wp:term":[{"taxonomy":"category","embeddable":true,"href":"https:\/\/infoecos.com.ar\/index.php\/wp-json\/wp\/v2\/categories?post=73973"},{"taxonomy":"post_tag","embeddable":true,"href":"https:\/\/infoecos.com.ar\/index.php\/wp-json\/wp\/v2\/tags?post=73973"}],"curies":[{"name":"wp","href":"https:\/\/api.w.org\/{rel}","templated":true}]}}