{"id":73993,"date":"2021-02-07T23:43:20","date_gmt":"2021-02-08T02:43:20","guid":{"rendered":"http:\/\/infoecos.com.ar\/?p=73993"},"modified":"2021-02-08T03:25:48","modified_gmt":"2021-02-08T06:25:48","slug":"cerca-de-900-vecinos-de-trenque-lauquen-ya-se-inscribieron-para-vacunarse","status":"publish","type":"post","link":"https:\/\/infoecos.com.ar\/index.php\/cerca-de-900-vecinos-de-trenque-lauquen-ya-se-inscribieron-para-vacunarse\/","title":{"rendered":"Cerca de 900 vecinos de Trenque Lauquen ya se inscribieron para vacunarse"},"content":{"rendered":"\n<p>Regi\u00f3n Sanitaria II, con asiento en la ciudad de Pehuaj\u00f3, inform\u00f3 este fin de semana que en Trenque Lauquen se inscribieron cerca de 900 personas para aplicarse la vacuna contra el COVID-19.<\/p>\n\n\n\n<div class=\"wp-block-image\"><figure class=\"aligncenter size-medium\"><img loading=\"lazy\" decoding=\"async\" width=\"460\" height=\"307\" src=\"http:\/\/infoecos.com.ar\/wp-content\/uploads\/2021\/01\/Vacunacion-1-460x307.jpg\" alt=\"\" class=\"wp-image-73020\" srcset=\"https:\/\/infoecos.com.ar\/wp-content\/uploads\/2021\/01\/Vacunacion-1-460x307.jpg 460w, https:\/\/infoecos.com.ar\/wp-content\/uploads\/2021\/01\/Vacunacion-1-768x512.jpg 768w, https:\/\/infoecos.com.ar\/wp-content\/uploads\/2021\/01\/Vacunacion-1-675x450.jpg 675w, https:\/\/infoecos.com.ar\/wp-content\/uploads\/2021\/01\/Vacunacion-1.jpg 852w\" sizes=\"(max-width: 460px) 100vw, 460px\" \/><\/figure><\/div>\n\n\n\n<p>El incremento se registr\u00f3 entre los d\u00edas jueves y s\u00e1bado. Seguramente habr\u00e1 de continuar elev\u00e1ndose, habida cuenta de la tarea de difusi\u00f3n que se est\u00e1 realizando desde todos los \u00e1mbitos.<\/p>\n\n\n\n<p>Se indic\u00f3 que Trenque Lauquen registra 13.612 habitantes de riesgo. <\/p>\n\n\n\n<p>Regi\u00f3n Sanitaria II hizo saber que el registro del distrito pas\u00f3 de 5473 a 6309 personas en los \u00faltimos d\u00edas de la semana anterior. El aumento en el n\u00famero de interesados en recibir la vacuna se da, muy especialmente, a trav\u00e9s del sitio oficial que posee la provincia. Al mismo, cabe recordar, se ingresa a trav\u00e9s del siguiente link: <strong>www.vacunatepba.gba.com.ar<\/strong>.<\/p>\n\n\n\n<p>El desglose realizado por Regi\u00f3n Sanitaria II establece que deber\u00edan ser 13.612 los habitantes de riesgo que deber\u00edan vacunarse en Trenque Lauquen.<\/p>\n\n\n\n<p>En la pagina mencionada m\u00e1s arriba hay 6309 inscriptos, siendo el porcentaje de un 29,95 por ciento para mayores de 60 a\u00f1os; 26,39 por ciento para el grupo comprendido entre los 18 y 59 a\u00f1os, correspondiente a docentes y seguridad, y un 27,86 por ciento para 1758 inscriptos que est\u00e1n fuera de los grupos de riesgo. <\/p>\n\n\n\n<p><strong>POBLACI\u00d3N OBJETIVO ESTIMADA:<\/strong> <br>13.612 habitantes de riesgo.<br><strong>Mayores de 60 a\u00f1os<\/strong> = 8.655<br><strong>18-59 a\u00f1os* + Docentes + Seguridad<\/strong> = 4.957<br><strong>INSCRIPTOS<\/strong> 6.309 habitantes.<br><strong>Mayores de 60 a\u00f1os<\/strong> = 2.592 (29,95 % del estimado)<br><strong>18-59 a\u00f1os + Docentes + Seguridad<\/strong> = 1.308 (26,39 % del estimado)<br><strong>1.758 inscriptos fuera de grupos de riesgo<\/strong>: 27,86 % de los inscriptos.<\/p>\n","protected":false},"excerpt":{"rendered":"<p>Seguramente habr\u00e1 de continuar elev\u00e1ndose, habida cuenta de la tarea de difusi\u00f3n que se est\u00e1 realizando desde todos los \u00e1mbitos<\/p>\n","protected":false},"author":2,"featured_media":73020,"comment_status":"closed","ping_status":"open","sticky":false,"template":"","format":"standard","meta":{"footnotes":""},"categories":[28],"tags":[2870],"class_list":["post-73993","post","type-post","status-publish","format-standard","has-post-thumbnail","hentry","category-c1nota1","tag-aumento-el-numero-de-interesados"],"yoast_head":"<!-- This site is optimized with the Yoast SEO plugin v23.4 - https:\/\/yoast.com\/wordpress\/plugins\/seo\/ -->\n<title>Cerca de 900 vecinos de Trenque Lauquen ya se inscribieron para vacunarse - Infoecos<\/title>\n<meta name=\"robots\" content=\"index, follow, max-snippet:-1, max-image-preview:large, max-video-preview:-1\" \/>\n<link rel=\"canonical\" href=\"https:\/\/infoecos.com.ar\/index.php\/cerca-de-900-vecinos-de-trenque-lauquen-ya-se-inscribieron-para-vacunarse\/\" \/>\n<meta property=\"og:locale\" content=\"es_ES\" \/>\n<meta property=\"og:type\" content=\"article\" \/>\n<meta property=\"og:title\" content=\"Cerca de 900 vecinos de Trenque Lauquen ya se inscribieron para vacunarse - Infoecos\" \/>\n<meta property=\"og:description\" content=\"Seguramente habr\u00e1 de continuar elev\u00e1ndose, habida cuenta de la tarea de difusi\u00f3n que se est\u00e1 realizando desde todos los \u00e1mbitos\" \/>\n<meta property=\"og:url\" content=\"https:\/\/infoecos.com.ar\/index.php\/cerca-de-900-vecinos-de-trenque-lauquen-ya-se-inscribieron-para-vacunarse\/\" \/>\n<meta property=\"og:site_name\" content=\"Infoecos\" \/>\n<meta property=\"article:publisher\" content=\"https:\/\/www.facebook.com\/profile.php?id=100063200290284\" \/>\n<meta property=\"article:published_time\" content=\"2021-02-08T02:43:20+00:00\" \/>\n<meta property=\"article:modified_time\" content=\"2021-02-08T06:25:48+00:00\" \/>\n<meta property=\"og:image\" content=\"https:\/\/infoecos.com.ar\/wp-content\/uploads\/2021\/01\/Vacunacion-1.jpg\" \/>\n\t<meta property=\"og:image:width\" content=\"852\" \/>\n\t<meta property=\"og:image:height\" content=\"568\" \/>\n\t<meta property=\"og:image:type\" content=\"image\/jpeg\" \/>\n<meta name=\"author\" content=\"Jorge Matheus\" \/>\n<meta name=\"twitter:card\" content=\"summary_large_image\" \/>\n<meta name=\"twitter:creator\" content=\"@infoecos\" \/>\n<meta name=\"twitter:site\" content=\"@infoecos\" \/>\n<meta name=\"twitter:label1\" content=\"Escrito por\" \/>\n\t<meta name=\"twitter:data1\" content=\"Jorge Matheus\" \/>\n\t<meta name=\"twitter:label2\" content=\"Tiempo de lectura\" \/>\n\t<meta name=\"twitter:data2\" content=\"1 minuto\" \/>\n<script type=\"application\/ld+json\" class=\"yoast-schema-graph\">{\"@context\":\"https:\/\/schema.org\",\"@graph\":[{\"@type\":\"Article\",\"@id\":\"https:\/\/infoecos.com.ar\/index.php\/cerca-de-900-vecinos-de-trenque-lauquen-ya-se-inscribieron-para-vacunarse\/#article\",\"isPartOf\":{\"@id\":\"https:\/\/infoecos.com.ar\/index.php\/cerca-de-900-vecinos-de-trenque-lauquen-ya-se-inscribieron-para-vacunarse\/\"},\"author\":{\"name\":\"Jorge Matheus\",\"@id\":\"https:\/\/infoecos.com.ar\/#\/schema\/person\/8f5ace5ce73b4b4aac4b7245aee6f191\"},\"headline\":\"Cerca de 900 vecinos de Trenque Lauquen ya se inscribieron para vacunarse\",\"datePublished\":\"2021-02-08T02:43:20+00:00\",\"dateModified\":\"2021-02-08T06:25:48+00:00\",\"mainEntityOfPage\":{\"@id\":\"https:\/\/infoecos.com.ar\/index.php\/cerca-de-900-vecinos-de-trenque-lauquen-ya-se-inscribieron-para-vacunarse\/\"},\"wordCount\":269,\"publisher\":{\"@id\":\"https:\/\/infoecos.com.ar\/#organization\"},\"image\":{\"@id\":\"https:\/\/infoecos.com.ar\/index.php\/cerca-de-900-vecinos-de-trenque-lauquen-ya-se-inscribieron-para-vacunarse\/#primaryimage\"},\"thumbnailUrl\":\"https:\/\/infoecos.com.ar\/wp-content\/uploads\/2021\/01\/Vacunacion-1.jpg\",\"keywords\":[\"AUMENT\u00d3 EL N\u00daMERO DE INTERESADOS\"],\"articleSection\":[\"C1 N1\"],\"inLanguage\":\"es\"},{\"@type\":\"WebPage\",\"@id\":\"https:\/\/infoecos.com.ar\/index.php\/cerca-de-900-vecinos-de-trenque-lauquen-ya-se-inscribieron-para-vacunarse\/\",\"url\":\"https:\/\/infoecos.com.ar\/index.php\/cerca-de-900-vecinos-de-trenque-lauquen-ya-se-inscribieron-para-vacunarse\/\",\"name\":\"Cerca de 900 vecinos de Trenque Lauquen ya se inscribieron para vacunarse - Infoecos\",\"isPartOf\":{\"@id\":\"https:\/\/infoecos.com.ar\/#website\"},\"primaryImageOfPage\":{\"@id\":\"https:\/\/infoecos.com.ar\/index.php\/cerca-de-900-vecinos-de-trenque-lauquen-ya-se-inscribieron-para-vacunarse\/#primaryimage\"},\"image\":{\"@id\":\"https:\/\/infoecos.com.ar\/index.php\/cerca-de-900-vecinos-de-trenque-lauquen-ya-se-inscribieron-para-vacunarse\/#primaryimage\"},\"thumbnailUrl\":\"https:\/\/infoecos.com.ar\/wp-content\/uploads\/2021\/01\/Vacunacion-1.jpg\",\"datePublished\":\"2021-02-08T02:43:20+00:00\",\"dateModified\":\"2021-02-08T06:25:48+00:00\",\"breadcrumb\":{\"@id\":\"https:\/\/infoecos.com.ar\/index.php\/cerca-de-900-vecinos-de-trenque-lauquen-ya-se-inscribieron-para-vacunarse\/#breadcrumb\"},\"inLanguage\":\"es\",\"potentialAction\":[{\"@type\":\"ReadAction\",\"target\":[\"https:\/\/infoecos.com.ar\/index.php\/cerca-de-900-vecinos-de-trenque-lauquen-ya-se-inscribieron-para-vacunarse\/\"]}]},{\"@type\":\"ImageObject\",\"inLanguage\":\"es\",\"@id\":\"https:\/\/infoecos.com.ar\/index.php\/cerca-de-900-vecinos-de-trenque-lauquen-ya-se-inscribieron-para-vacunarse\/#primaryimage\",\"url\":\"https:\/\/infoecos.com.ar\/wp-content\/uploads\/2021\/01\/Vacunacion-1.jpg\",\"contentUrl\":\"https:\/\/infoecos.com.ar\/wp-content\/uploads\/2021\/01\/Vacunacion-1.jpg\",\"width\":852,\"height\":568},{\"@type\":\"BreadcrumbList\",\"@id\":\"https:\/\/infoecos.com.ar\/index.php\/cerca-de-900-vecinos-de-trenque-lauquen-ya-se-inscribieron-para-vacunarse\/#breadcrumb\",\"itemListElement\":[{\"@type\":\"ListItem\",\"position\":1,\"name\":\"Portada\",\"item\":\"https:\/\/infoecos.com.ar\/\"},{\"@type\":\"ListItem\",\"position\":2,\"name\":\"Cerca de 900 vecinos de Trenque Lauquen ya se inscribieron para vacunarse\"}]},{\"@type\":\"WebSite\",\"@id\":\"https:\/\/infoecos.com.ar\/#website\",\"url\":\"https:\/\/infoecos.com.ar\/\",\"name\":\"Infoecos\",\"description\":\"Noticias de trenque lauquen y la zona\",\"publisher\":{\"@id\":\"https:\/\/infoecos.com.ar\/#organization\"},\"alternateName\":\"Noticias\",\"potentialAction\":[{\"@type\":\"SearchAction\",\"target\":{\"@type\":\"EntryPoint\",\"urlTemplate\":\"https:\/\/infoecos.com.ar\/?s={search_term_string}\"},\"query-input\":{\"@type\":\"PropertyValueSpecification\",\"valueRequired\":true,\"valueName\":\"search_term_string\"}}],\"inLanguage\":\"es\"},{\"@type\":\"Organization\",\"@id\":\"https:\/\/infoecos.com.ar\/#organization\",\"name\":\"Infoecos\",\"alternateName\":\"Noticias\",\"url\":\"https:\/\/infoecos.com.ar\/\",\"logo\":{\"@type\":\"ImageObject\",\"inLanguage\":\"es\",\"@id\":\"https:\/\/infoecos.com.ar\/#\/schema\/logo\/image\/\",\"url\":\"https:\/\/infoecos.com.ar\/wp-content\/uploads\/2024\/03\/cropped-logo.png\",\"contentUrl\":\"https:\/\/infoecos.com.ar\/wp-content\/uploads\/2024\/03\/cropped-logo.png\",\"width\":374,\"height\":90,\"caption\":\"Infoecos\"},\"image\":{\"@id\":\"https:\/\/infoecos.com.ar\/#\/schema\/logo\/image\/\"},\"sameAs\":[\"https:\/\/www.facebook.com\/profile.php?id=100063200290284\",\"https:\/\/x.com\/infoecos\"]},{\"@type\":\"Person\",\"@id\":\"https:\/\/infoecos.com.ar\/#\/schema\/person\/8f5ace5ce73b4b4aac4b7245aee6f191\",\"name\":\"Jorge Matheus\",\"url\":\"https:\/\/infoecos.com.ar\/index.php\/author\/jomatheus\/\"}]}<\/script>\n<!-- \/ Yoast SEO plugin. -->","yoast_head_json":{"title":"Cerca de 900 vecinos de Trenque Lauquen ya se inscribieron para vacunarse - Infoecos","robots":{"index":"index","follow":"follow","max-snippet":"max-snippet:-1","max-image-preview":"max-image-preview:large","max-video-preview":"max-video-preview:-1"},"canonical":"https:\/\/infoecos.com.ar\/index.php\/cerca-de-900-vecinos-de-trenque-lauquen-ya-se-inscribieron-para-vacunarse\/","og_locale":"es_ES","og_type":"article","og_title":"Cerca de 900 vecinos de Trenque Lauquen ya se inscribieron para vacunarse - Infoecos","og_description":"Seguramente habr\u00e1 de continuar elev\u00e1ndose, habida cuenta de la tarea de difusi\u00f3n que se est\u00e1 realizando desde todos los \u00e1mbitos","og_url":"https:\/\/infoecos.com.ar\/index.php\/cerca-de-900-vecinos-de-trenque-lauquen-ya-se-inscribieron-para-vacunarse\/","og_site_name":"Infoecos","article_publisher":"https:\/\/www.facebook.com\/profile.php?id=100063200290284","article_published_time":"2021-02-08T02:43:20+00:00","article_modified_time":"2021-02-08T06:25:48+00:00","og_image":[{"width":852,"height":568,"url":"https:\/\/infoecos.com.ar\/wp-content\/uploads\/2021\/01\/Vacunacion-1.jpg","type":"image\/jpeg"}],"author":"Jorge Matheus","twitter_card":"summary_large_image","twitter_creator":"@infoecos","twitter_site":"@infoecos","twitter_misc":{"Escrito por":"Jorge Matheus","Tiempo de lectura":"1 minuto"},"schema":{"@context":"https:\/\/schema.org","@graph":[{"@type":"Article","@id":"https:\/\/infoecos.com.ar\/index.php\/cerca-de-900-vecinos-de-trenque-lauquen-ya-se-inscribieron-para-vacunarse\/#article","isPartOf":{"@id":"https:\/\/infoecos.com.ar\/index.php\/cerca-de-900-vecinos-de-trenque-lauquen-ya-se-inscribieron-para-vacunarse\/"},"author":{"name":"Jorge Matheus","@id":"https:\/\/infoecos.com.ar\/#\/schema\/person\/8f5ace5ce73b4b4aac4b7245aee6f191"},"headline":"Cerca de 900 vecinos de Trenque Lauquen ya se inscribieron para vacunarse","datePublished":"2021-02-08T02:43:20+00:00","dateModified":"2021-02-08T06:25:48+00:00","mainEntityOfPage":{"@id":"https:\/\/infoecos.com.ar\/index.php\/cerca-de-900-vecinos-de-trenque-lauquen-ya-se-inscribieron-para-vacunarse\/"},"wordCount":269,"publisher":{"@id":"https:\/\/infoecos.com.ar\/#organization"},"image":{"@id":"https:\/\/infoecos.com.ar\/index.php\/cerca-de-900-vecinos-de-trenque-lauquen-ya-se-inscribieron-para-vacunarse\/#primaryimage"},"thumbnailUrl":"https:\/\/infoecos.com.ar\/wp-content\/uploads\/2021\/01\/Vacunacion-1.jpg","keywords":["AUMENT\u00d3 EL N\u00daMERO DE INTERESADOS"],"articleSection":["C1 N1"],"inLanguage":"es"},{"@type":"WebPage","@id":"https:\/\/infoecos.com.ar\/index.php\/cerca-de-900-vecinos-de-trenque-lauquen-ya-se-inscribieron-para-vacunarse\/","url":"https:\/\/infoecos.com.ar\/index.php\/cerca-de-900-vecinos-de-trenque-lauquen-ya-se-inscribieron-para-vacunarse\/","name":"Cerca de 900 vecinos de Trenque Lauquen ya se inscribieron para vacunarse - Infoecos","isPartOf":{"@id":"https:\/\/infoecos.com.ar\/#website"},"primaryImageOfPage":{"@id":"https:\/\/infoecos.com.ar\/index.php\/cerca-de-900-vecinos-de-trenque-lauquen-ya-se-inscribieron-para-vacunarse\/#primaryimage"},"image":{"@id":"https:\/\/infoecos.com.ar\/index.php\/cerca-de-900-vecinos-de-trenque-lauquen-ya-se-inscribieron-para-vacunarse\/#primaryimage"},"thumbnailUrl":"https:\/\/infoecos.com.ar\/wp-content\/uploads\/2021\/01\/Vacunacion-1.jpg","datePublished":"2021-02-08T02:43:20+00:00","dateModified":"2021-02-08T06:25:48+00:00","breadcrumb":{"@id":"https:\/\/infoecos.com.ar\/index.php\/cerca-de-900-vecinos-de-trenque-lauquen-ya-se-inscribieron-para-vacunarse\/#breadcrumb"},"inLanguage":"es","potentialAction":[{"@type":"ReadAction","target":["https:\/\/infoecos.com.ar\/index.php\/cerca-de-900-vecinos-de-trenque-lauquen-ya-se-inscribieron-para-vacunarse\/"]}]},{"@type":"ImageObject","inLanguage":"es","@id":"https:\/\/infoecos.com.ar\/index.php\/cerca-de-900-vecinos-de-trenque-lauquen-ya-se-inscribieron-para-vacunarse\/#primaryimage","url":"https:\/\/infoecos.com.ar\/wp-content\/uploads\/2021\/01\/Vacunacion-1.jpg","contentUrl":"https:\/\/infoecos.com.ar\/wp-content\/uploads\/2021\/01\/Vacunacion-1.jpg","width":852,"height":568},{"@type":"BreadcrumbList","@id":"https:\/\/infoecos.com.ar\/index.php\/cerca-de-900-vecinos-de-trenque-lauquen-ya-se-inscribieron-para-vacunarse\/#breadcrumb","itemListElement":[{"@type":"ListItem","position":1,"name":"Portada","item":"https:\/\/infoecos.com.ar\/"},{"@type":"ListItem","position":2,"name":"Cerca de 900 vecinos de Trenque Lauquen ya se inscribieron para vacunarse"}]},{"@type":"WebSite","@id":"https:\/\/infoecos.com.ar\/#website","url":"https:\/\/infoecos.com.ar\/","name":"Infoecos","description":"Noticias de trenque lauquen y la zona","publisher":{"@id":"https:\/\/infoecos.com.ar\/#organization"},"alternateName":"Noticias","potentialAction":[{"@type":"SearchAction","target":{"@type":"EntryPoint","urlTemplate":"https:\/\/infoecos.com.ar\/?s={search_term_string}"},"query-input":{"@type":"PropertyValueSpecification","valueRequired":true,"valueName":"search_term_string"}}],"inLanguage":"es"},{"@type":"Organization","@id":"https:\/\/infoecos.com.ar\/#organization","name":"Infoecos","alternateName":"Noticias","url":"https:\/\/infoecos.com.ar\/","logo":{"@type":"ImageObject","inLanguage":"es","@id":"https:\/\/infoecos.com.ar\/#\/schema\/logo\/image\/","url":"https:\/\/infoecos.com.ar\/wp-content\/uploads\/2024\/03\/cropped-logo.png","contentUrl":"https:\/\/infoecos.com.ar\/wp-content\/uploads\/2024\/03\/cropped-logo.png","width":374,"height":90,"caption":"Infoecos"},"image":{"@id":"https:\/\/infoecos.com.ar\/#\/schema\/logo\/image\/"},"sameAs":["https:\/\/www.facebook.com\/profile.php?id=100063200290284","https:\/\/x.com\/infoecos"]},{"@type":"Person","@id":"https:\/\/infoecos.com.ar\/#\/schema\/person\/8f5ace5ce73b4b4aac4b7245aee6f191","name":"Jorge Matheus","url":"https:\/\/infoecos.com.ar\/index.php\/author\/jomatheus\/"}]}},"featured_image_urls":{"full":["https:\/\/infoecos.com.ar\/wp-content\/uploads\/2021\/01\/Vacunacion-1.jpg",852,568,false],"thumbnail":["https:\/\/infoecos.com.ar\/wp-content\/uploads\/2021\/01\/Vacunacion-1-150x150.jpg",150,150,true],"medium":["https:\/\/infoecos.com.ar\/wp-content\/uploads\/2021\/01\/Vacunacion-1-460x307.jpg",460,307,true],"medium_large":["https:\/\/infoecos.com.ar\/wp-content\/uploads\/2021\/01\/Vacunacion-1-768x512.jpg",640,427,true],"large":["https:\/\/infoecos.com.ar\/wp-content\/uploads\/2021\/01\/Vacunacion-1.jpg",640,427,false],"1536x1536":["https:\/\/infoecos.com.ar\/wp-content\/uploads\/2021\/01\/Vacunacion-1.jpg",852,568,false],"2048x2048":["https:\/\/infoecos.com.ar\/wp-content\/uploads\/2021\/01\/Vacunacion-1.jpg",852,568,false],"covernews-slider-full":["https:\/\/infoecos.com.ar\/wp-content\/uploads\/2021\/01\/Vacunacion-1.jpg",852,568,false],"covernews-slider-center":["https:\/\/infoecos.com.ar\/wp-content\/uploads\/2021\/01\/Vacunacion-1.jpg",750,500,false],"covernews-featured":["https:\/\/infoecos.com.ar\/wp-content\/uploads\/2021\/01\/Vacunacion-1.jpg",852,568,false],"covernews-medium":["https:\/\/infoecos.com.ar\/wp-content\/uploads\/2021\/01\/Vacunacion-1-720x380.jpg",540,285,true],"covernews-medium-square":["https:\/\/infoecos.com.ar\/wp-content\/uploads\/2021\/01\/Vacunacion-1-675x450.jpg",375,250,true]},"author_info":{"info":["Jorge Matheus"]},"category_info":"<a href=\"https:\/\/infoecos.com.ar\/index.php\/category\/c1nota1\/\" rel=\"category tag\">C1 N1<\/a>","tag_info":"C1 N1","comment_count":"0","_links":{"self":[{"href":"https:\/\/infoecos.com.ar\/index.php\/wp-json\/wp\/v2\/posts\/73993"}],"collection":[{"href":"https:\/\/infoecos.com.ar\/index.php\/wp-json\/wp\/v2\/posts"}],"about":[{"href":"https:\/\/infoecos.com.ar\/index.php\/wp-json\/wp\/v2\/types\/post"}],"author":[{"embeddable":true,"href":"https:\/\/infoecos.com.ar\/index.php\/wp-json\/wp\/v2\/users\/2"}],"replies":[{"embeddable":true,"href":"https:\/\/infoecos.com.ar\/index.php\/wp-json\/wp\/v2\/comments?post=73993"}],"version-history":[{"count":2,"href":"https:\/\/infoecos.com.ar\/index.php\/wp-json\/wp\/v2\/posts\/73993\/revisions"}],"predecessor-version":[{"id":74031,"href":"https:\/\/infoecos.com.ar\/index.php\/wp-json\/wp\/v2\/posts\/73993\/revisions\/74031"}],"wp:featuredmedia":[{"embeddable":true,"href":"https:\/\/infoecos.com.ar\/index.php\/wp-json\/wp\/v2\/media\/73020"}],"wp:attachment":[{"href":"https:\/\/infoecos.com.ar\/index.php\/wp-json\/wp\/v2\/media?parent=73993"}],"wp:term":[{"taxonomy":"category","embeddable":true,"href":"https:\/\/infoecos.com.ar\/index.php\/wp-json\/wp\/v2\/categories?post=73993"},{"taxonomy":"post_tag","embeddable":true,"href":"https:\/\/infoecos.com.ar\/index.php\/wp-json\/wp\/v2\/tags?post=73993"}],"curies":[{"name":"wp","href":"https:\/\/api.w.org\/{rel}","templated":true}]}}