{"id":73995,"date":"2021-02-08T01:34:21","date_gmt":"2021-02-08T04:34:21","guid":{"rendered":"http:\/\/infoecos.com.ar\/?p=73995"},"modified":"2021-02-08T01:34:23","modified_gmt":"2021-02-08T04:34:23","slug":"tres-lomas-celebro-sus-115-anos-de-vida","status":"publish","type":"post","link":"https:\/\/infoecos.com.ar\/index.php\/tres-lomas-celebro-sus-115-anos-de-vida\/","title":{"rendered":"Tres Lomas celebr\u00f3 sus 115 a\u00f1os de vida"},"content":{"rendered":"\n<p class=\"wp-block-paragraph\">Se desarroll\u00f3 este domingo el acto conmemorativo del 115\u00b0 aniversario de Tres Lomas.<\/p>\n\n\n\n<div class=\"wp-block-image\"><figure class=\"aligncenter size-medium\"><img loading=\"lazy\" decoding=\"async\" width=\"460\" height=\"307\" src=\"http:\/\/infoecos.com.ar\/wp-content\/uploads\/2021\/02\/treslomas-460x307.jpg\" alt=\"\" class=\"wp-image-73996\" srcset=\"https:\/\/infoecos.com.ar\/wp-content\/uploads\/2021\/02\/treslomas-460x307.jpg 460w, https:\/\/infoecos.com.ar\/wp-content\/uploads\/2021\/02\/treslomas-920x614.jpg 920w, https:\/\/infoecos.com.ar\/wp-content\/uploads\/2021\/02\/treslomas-768x512.jpg 768w, https:\/\/infoecos.com.ar\/wp-content\/uploads\/2021\/02\/treslomas-1536x1025.jpg 1536w, https:\/\/infoecos.com.ar\/wp-content\/uploads\/2021\/02\/treslomas-1024x683.jpg 1024w, https:\/\/infoecos.com.ar\/wp-content\/uploads\/2021\/02\/treslomas-675x450.jpg 675w, https:\/\/infoecos.com.ar\/wp-content\/uploads\/2021\/02\/treslomas.jpg 1686w\" sizes=\"auto, (max-width: 460px) 100vw, 460px\" \/><\/figure><\/div>\n\n\n\n<p class=\"wp-block-paragraph\">Ante un reducido marco de p\u00fablico y transmitido en vivo a trav\u00e9s de los distintos medios electr\u00f3nicos disponibles se iz\u00f3 el pabell\u00f3n nacional en el m\u00e1stil de la plaza central, se entonaron las estrofas del himno nacional argentino y se realiz\u00f3 un minuto de silencio en recuerdo de quienes habitaron en sus comienzo la ciudad. <\/p>\n\n\n\n<p class=\"wp-block-paragraph\">Hilda Cervera, vecina y docente de Tres Lomas, hizo referencia a la fecha y luego habl\u00f3 el intendente municipal, Roberto \u00c1lvarez. <\/p>\n\n\n\n<p class=\"wp-block-paragraph\">Finalmente Lucila Funes, acompa\u00f1ada por Orlando Moro, interpret\u00f3 algunos temas musicales. <\/p>\n","protected":false},"excerpt":{"rendered":"<p>Hilda Cervera, vecina y docente de Tres Lomas, hizo referencia a la fecha y luego habl\u00f3 el intendente municipal, Roberto \u00c1lvarez<\/p>\n","protected":false},"author":2,"featured_media":73997,"comment_status":"closed","ping_status":"open","sticky":false,"template":"","format":"standard","meta":{"footnotes":""},"categories":[45],"tags":[2871],"class_list":["post-73995","post","type-post","status-publish","format-standard","has-post-thumbnail","hentry","category-c1nota2","tag-sencillo-acto-en-la-plaza-principal"],"featured_image_urls":{"full":["https:\/\/infoecos.com.ar\/wp-content\/uploads\/2021\/02\/treslomasaniversa.jpg",1686,1125,false],"thumbnail":["https:\/\/infoecos.com.ar\/wp-content\/uploads\/2021\/02\/treslomasaniversa-150x150.jpg",150,150,true],"medium":["https:\/\/infoecos.com.ar\/wp-content\/uploads\/2021\/02\/treslomasaniversa-460x307.jpg",460,307,true],"medium_large":["https:\/\/infoecos.com.ar\/wp-content\/uploads\/2021\/02\/treslomasaniversa-768x512.jpg",640,427,true],"large":["https:\/\/infoecos.com.ar\/wp-content\/uploads\/2021\/02\/treslomasaniversa-920x614.jpg",640,427,true],"1536x1536":["https:\/\/infoecos.com.ar\/wp-content\/uploads\/2021\/02\/treslomasaniversa-1536x1025.jpg",1536,1025,true],"2048x2048":["https:\/\/infoecos.com.ar\/wp-content\/uploads\/2021\/02\/treslomasaniversa.jpg",1686,1125,false],"covernews-slider-full":["https:\/\/infoecos.com.ar\/wp-content\/uploads\/2021\/02\/treslomasaniversa-1536x1020.jpg",1077,715,true],"covernews-slider-center":["https:\/\/infoecos.com.ar\/wp-content\/uploads\/2021\/02\/treslomasaniversa-936x897.jpg",522,500,true],"covernews-featured":["https:\/\/infoecos.com.ar\/wp-content\/uploads\/2021\/02\/treslomasaniversa-1024x683.jpg",1024,683,true],"covernews-medium":["https:\/\/infoecos.com.ar\/wp-content\/uploads\/2021\/02\/treslomasaniversa-720x380.jpg",540,285,true],"covernews-medium-square":["https:\/\/infoecos.com.ar\/wp-content\/uploads\/2021\/02\/treslomasaniversa-675x450.jpg",375,250,true]},"author_info":{"info":["Jorge Matheus"]},"category_info":"<a href=\"https:\/\/infoecos.com.ar\/index.php\/category\/c1nota2\/\" rel=\"category tag\">C1 N2<\/a>","tag_info":"C1 N2","comment_count":"0","_links":{"self":[{"href":"https:\/\/infoecos.com.ar\/index.php\/wp-json\/wp\/v2\/posts\/73995","targetHints":{"allow":["GET"]}}],"collection":[{"href":"https:\/\/infoecos.com.ar\/index.php\/wp-json\/wp\/v2\/posts"}],"about":[{"href":"https:\/\/infoecos.com.ar\/index.php\/wp-json\/wp\/v2\/types\/post"}],"author":[{"embeddable":true,"href":"https:\/\/infoecos.com.ar\/index.php\/wp-json\/wp\/v2\/users\/2"}],"replies":[{"embeddable":true,"href":"https:\/\/infoecos.com.ar\/index.php\/wp-json\/wp\/v2\/comments?post=73995"}],"version-history":[{"count":1,"href":"https:\/\/infoecos.com.ar\/index.php\/wp-json\/wp\/v2\/posts\/73995\/revisions"}],"predecessor-version":[{"id":73998,"href":"https:\/\/infoecos.com.ar\/index.php\/wp-json\/wp\/v2\/posts\/73995\/revisions\/73998"}],"wp:featuredmedia":[{"embeddable":true,"href":"https:\/\/infoecos.com.ar\/index.php\/wp-json\/wp\/v2\/media\/73997"}],"wp:attachment":[{"href":"https:\/\/infoecos.com.ar\/index.php\/wp-json\/wp\/v2\/media?parent=73995"}],"wp:term":[{"taxonomy":"category","embeddable":true,"href":"https:\/\/infoecos.com.ar\/index.php\/wp-json\/wp\/v2\/categories?post=73995"},{"taxonomy":"post_tag","embeddable":true,"href":"https:\/\/infoecos.com.ar\/index.php\/wp-json\/wp\/v2\/tags?post=73995"}],"curies":[{"name":"wp","href":"https:\/\/api.w.org\/{rel}","templated":true}]}}