{"id":73999,"date":"2021-02-08T01:41:32","date_gmt":"2021-02-08T04:41:32","guid":{"rendered":"http:\/\/infoecos.com.ar\/?p=73999"},"modified":"2021-02-08T01:41:34","modified_gmt":"2021-02-08T04:41:34","slug":"pacheco-recomienda-vacunarse-y-mantiene-reuniones-con-quienes-coordinan-el-plan","status":"publish","type":"post","link":"https:\/\/infoecos.com.ar\/index.php\/pacheco-recomienda-vacunarse-y-mantiene-reuniones-con-quienes-coordinan-el-plan\/","title":{"rendered":"Pacheco recomienda vacunarse y mantiene reuniones con quienes coordinan el plan"},"content":{"rendered":"\n<p class=\"wp-block-paragraph\">Las autoridades municipales de Pellegrini dieron cuenta que ha habido un avance importante respecto a la campa\u00f1a de vacunaci\u00f3n en el distrito.<\/p>\n\n\n\n<div class=\"wp-block-image\"><figure class=\"aligncenter size-medium\"><img loading=\"lazy\" decoding=\"async\" width=\"460\" height=\"285\" src=\"http:\/\/infoecos.com.ar\/wp-content\/uploads\/2021\/02\/pachecovacuna-460x285.jpg\" alt=\"\" class=\"wp-image-74000\" srcset=\"https:\/\/infoecos.com.ar\/wp-content\/uploads\/2021\/02\/pachecovacuna-460x285.jpg 460w, https:\/\/infoecos.com.ar\/wp-content\/uploads\/2021\/02\/pachecovacuna-920x570.jpg 920w, https:\/\/infoecos.com.ar\/wp-content\/uploads\/2021\/02\/pachecovacuna-768x476.jpg 768w, https:\/\/infoecos.com.ar\/wp-content\/uploads\/2021\/02\/pachecovacuna-1024x634.jpg 1024w, https:\/\/infoecos.com.ar\/wp-content\/uploads\/2021\/02\/pachecovacuna.jpg 1232w\" sizes=\"auto, (max-width: 460px) 100vw, 460px\" \/><\/figure><\/div>\n\n\n\n<p class=\"wp-block-paragraph\">Indicaron que existe un puesto de vacunaci\u00f3n, a disposici\u00f3n de todos los habitantes, que funcionar\u00e1 en la Escuela EES N\u00b01. Por tal motivo el intendente Guillermo Pacheco se reuni\u00f3 con los coordinadores Silvia Ortellado, Francisco Arana y la Directora del Hospital, Fabiana Benitez quienes sumados al referente de regi\u00f3n Sanitaria, Diego Vicente son los responsables de la campa\u00f1a en el distrito. <\/p>\n\n\n\n<p class=\"wp-block-paragraph\">Hasta el momento se han logrado m\u00e1s de 1500 inscripciones de aquellos vecinos interesados en aplicarse la vacuna contra el COVID-19. <\/p>\n\n\n\n<p class=\"wp-block-paragraph\">Por otro lado se hizo saber que respecto a los trabajadores en el \u00e1rea de salud, de seguridad y personal de educaci\u00f3n ya se han destinado y concretado m\u00e1s de 200 vacunas. En direcci\u00f3n a lo planteado en la reuni\u00f3n el Intendente se manifest\u00f3 conforme a los pasos y l\u00edneas llevadas adelante en la localidad e invit\u00f3 a la comunidad a inscribirse en los puntos ya mencionados y a confiar en los beneficios que puede traer esta vacuna, como as\u00ed tambi\u00e9n a seguir extremando los cuidados, como el distanciamiento y el uso del tapabocas.<\/p>\n","protected":false},"excerpt":{"rendered":"<p>Hasta el momento se han logrado m\u00e1s de 1500 inscripciones de aquellos vecinos interesados en aplicarse la vacuna<\/p>\n","protected":false},"author":2,"featured_media":74000,"comment_status":"closed","ping_status":"open","sticky":false,"template":"","format":"standard","meta":{"footnotes":""},"categories":[46],"tags":[2872],"class_list":["post-73999","post","type-post","status-publish","format-standard","has-post-thumbnail","hentry","category-c2nota2","tag-contra-el-covid-19"],"featured_image_urls":{"full":["https:\/\/infoecos.com.ar\/wp-content\/uploads\/2021\/02\/pachecovacuna.jpg",1232,763,false],"thumbnail":["https:\/\/infoecos.com.ar\/wp-content\/uploads\/2021\/02\/pachecovacuna-150x150.jpg",150,150,true],"medium":["https:\/\/infoecos.com.ar\/wp-content\/uploads\/2021\/02\/pachecovacuna-460x285.jpg",460,285,true],"medium_large":["https:\/\/infoecos.com.ar\/wp-content\/uploads\/2021\/02\/pachecovacuna-768x476.jpg",640,397,true],"large":["https:\/\/infoecos.com.ar\/wp-content\/uploads\/2021\/02\/pachecovacuna-920x570.jpg",640,397,true],"1536x1536":["https:\/\/infoecos.com.ar\/wp-content\/uploads\/2021\/02\/pachecovacuna.jpg",1232,763,false],"2048x2048":["https:\/\/infoecos.com.ar\/wp-content\/uploads\/2021\/02\/pachecovacuna.jpg",1232,763,false],"covernews-slider-full":["https:\/\/infoecos.com.ar\/wp-content\/uploads\/2021\/02\/pachecovacuna.jpg",1115,691,false],"covernews-slider-center":["https:\/\/infoecos.com.ar\/wp-content\/uploads\/2021\/02\/pachecovacuna-936x763.jpg",613,500,true],"covernews-featured":["https:\/\/infoecos.com.ar\/wp-content\/uploads\/2021\/02\/pachecovacuna-1024x634.jpg",1024,634,true],"covernews-medium":["https:\/\/infoecos.com.ar\/wp-content\/uploads\/2021\/02\/pachecovacuna-720x380.jpg",540,285,true],"covernews-medium-square":["https:\/\/infoecos.com.ar\/wp-content\/uploads\/2021\/02\/pachecovacuna-675x450.jpg",375,250,true]},"author_info":{"info":["Jorge Matheus"]},"category_info":"<a href=\"https:\/\/infoecos.com.ar\/index.php\/category\/c2nota2\/\" rel=\"category tag\">C2 N2<\/a>","tag_info":"C2 N2","comment_count":"0","_links":{"self":[{"href":"https:\/\/infoecos.com.ar\/index.php\/wp-json\/wp\/v2\/posts\/73999","targetHints":{"allow":["GET"]}}],"collection":[{"href":"https:\/\/infoecos.com.ar\/index.php\/wp-json\/wp\/v2\/posts"}],"about":[{"href":"https:\/\/infoecos.com.ar\/index.php\/wp-json\/wp\/v2\/types\/post"}],"author":[{"embeddable":true,"href":"https:\/\/infoecos.com.ar\/index.php\/wp-json\/wp\/v2\/users\/2"}],"replies":[{"embeddable":true,"href":"https:\/\/infoecos.com.ar\/index.php\/wp-json\/wp\/v2\/comments?post=73999"}],"version-history":[{"count":1,"href":"https:\/\/infoecos.com.ar\/index.php\/wp-json\/wp\/v2\/posts\/73999\/revisions"}],"predecessor-version":[{"id":74001,"href":"https:\/\/infoecos.com.ar\/index.php\/wp-json\/wp\/v2\/posts\/73999\/revisions\/74001"}],"wp:featuredmedia":[{"embeddable":true,"href":"https:\/\/infoecos.com.ar\/index.php\/wp-json\/wp\/v2\/media\/74000"}],"wp:attachment":[{"href":"https:\/\/infoecos.com.ar\/index.php\/wp-json\/wp\/v2\/media?parent=73999"}],"wp:term":[{"taxonomy":"category","embeddable":true,"href":"https:\/\/infoecos.com.ar\/index.php\/wp-json\/wp\/v2\/categories?post=73999"},{"taxonomy":"post_tag","embeddable":true,"href":"https:\/\/infoecos.com.ar\/index.php\/wp-json\/wp\/v2\/tags?post=73999"}],"curies":[{"name":"wp","href":"https:\/\/api.w.org\/{rel}","templated":true}]}}