{"id":74046,"date":"2021-02-08T14:43:05","date_gmt":"2021-02-08T17:43:05","guid":{"rendered":"http:\/\/infoecos.com.ar\/?p=74046"},"modified":"2021-02-08T14:43:10","modified_gmt":"2021-02-08T17:43:10","slug":"el-intendente-anunciara-reemplazos-en-su-equipo-el-miercoles","status":"publish","type":"post","link":"https:\/\/infoecos.com.ar\/index.php\/el-intendente-anunciara-reemplazos-en-su-equipo-el-miercoles\/","title":{"rendered":"El intendente anunciar\u00e1 reemplazos en su equipo el mi\u00e9rcoles"},"content":{"rendered":"\n<p class=\"wp-block-paragraph\">Se confirm\u00f3 desde el municipio de Trenque Lauquen el adelanto de Infoecos. El intendente, Miguel Fern\u00e1ndez, anunciar\u00e1 quienes ser\u00e1n los reemplazantes de los funcionarios que renunciaron la semana anterior el pr\u00f3ximo mi\u00e9rcoles.<\/p>\n\n\n\n<div class=\"wp-block-image\"><figure class=\"aligncenter size-medium\"><img loading=\"lazy\" decoding=\"async\" width=\"460\" height=\"306\" src=\"http:\/\/infoecos.com.ar\/wp-content\/uploads\/Municipio-2-460x306.jpg\" alt=\"\" class=\"wp-image-61593\" srcset=\"https:\/\/infoecos.com.ar\/wp-content\/uploads\/Municipio-2-460x306.jpg 460w, https:\/\/infoecos.com.ar\/wp-content\/uploads\/Municipio-2-768x511.jpg 768w, https:\/\/infoecos.com.ar\/wp-content\/uploads\/Municipio-2-675x450.jpg 675w, https:\/\/infoecos.com.ar\/wp-content\/uploads\/Municipio-2.jpg 800w\" sizes=\"auto, (max-width: 460px) 100vw, 460px\" \/><\/figure><\/div>\n\n\n\n<p class=\"wp-block-paragraph\">Se indic\u00f3 desde el \u00e1rea de comunicaci\u00f3n que a ra\u00edz de la reuni\u00f3n que mantuvo este lunes, v\u00eda zoom, con el ministro de Salud y gestiones municipales que tiene agendadas para este martes, de no surgir ning\u00fan imprevisto brindar\u00e1 una conferencia de prensa el mi\u00e9rcoles en horario a confirmar.  <\/p>\n","protected":false},"excerpt":{"rendered":"<p>De no surgir ning\u00fan imprevisto brindar\u00e1 una conferencia de prensa el mi\u00e9rcoles en horario a confirmar.  <\/p>\n","protected":false},"author":2,"featured_media":63975,"comment_status":"closed","ping_status":"open","sticky":false,"template":"","format":"standard","meta":{"footnotes":""},"categories":[28],"tags":[2886],"class_list":["post-74046","post","type-post","status-publish","format-standard","has-post-thumbnail","hentry","category-c1nota1","tag-confirman-adelanto-de-infoecos"],"featured_image_urls":{"full":["https:\/\/infoecos.com.ar\/wp-content\/uploads\/Conferencia-de-Prensa-Intendente-1-1.jpg",985,657,false],"thumbnail":["https:\/\/infoecos.com.ar\/wp-content\/uploads\/Conferencia-de-Prensa-Intendente-1-1-150x150.jpg",150,150,true],"medium":["https:\/\/infoecos.com.ar\/wp-content\/uploads\/Conferencia-de-Prensa-Intendente-1-1-460x307.jpg",460,307,true],"medium_large":["https:\/\/infoecos.com.ar\/wp-content\/uploads\/Conferencia-de-Prensa-Intendente-1-1-768x512.jpg",640,427,true],"large":["https:\/\/infoecos.com.ar\/wp-content\/uploads\/Conferencia-de-Prensa-Intendente-1-1-920x614.jpg",640,427,true],"1536x1536":["https:\/\/infoecos.com.ar\/wp-content\/uploads\/Conferencia-de-Prensa-Intendente-1-1.jpg",985,657,false],"2048x2048":["https:\/\/infoecos.com.ar\/wp-content\/uploads\/Conferencia-de-Prensa-Intendente-1-1.jpg",985,657,false],"covernews-slider-full":["https:\/\/infoecos.com.ar\/wp-content\/uploads\/Conferencia-de-Prensa-Intendente-1-1.jpg",985,657,false],"covernews-slider-center":["https:\/\/infoecos.com.ar\/wp-content\/uploads\/Conferencia-de-Prensa-Intendente-1-1-936x657.jpg",712,500,true],"covernews-featured":["https:\/\/infoecos.com.ar\/wp-content\/uploads\/Conferencia-de-Prensa-Intendente-1-1.jpg",985,657,false],"covernews-medium":["https:\/\/infoecos.com.ar\/wp-content\/uploads\/Conferencia-de-Prensa-Intendente-1-1-720x380.jpg",540,285,true],"covernews-medium-square":["https:\/\/infoecos.com.ar\/wp-content\/uploads\/Conferencia-de-Prensa-Intendente-1-1-675x450.jpg",375,250,true]},"author_info":{"info":["Jorge Matheus"]},"category_info":"<a href=\"https:\/\/infoecos.com.ar\/index.php\/category\/c1nota1\/\" rel=\"category tag\">C1 N1<\/a>","tag_info":"C1 N1","comment_count":"0","_links":{"self":[{"href":"https:\/\/infoecos.com.ar\/index.php\/wp-json\/wp\/v2\/posts\/74046","targetHints":{"allow":["GET"]}}],"collection":[{"href":"https:\/\/infoecos.com.ar\/index.php\/wp-json\/wp\/v2\/posts"}],"about":[{"href":"https:\/\/infoecos.com.ar\/index.php\/wp-json\/wp\/v2\/types\/post"}],"author":[{"embeddable":true,"href":"https:\/\/infoecos.com.ar\/index.php\/wp-json\/wp\/v2\/users\/2"}],"replies":[{"embeddable":true,"href":"https:\/\/infoecos.com.ar\/index.php\/wp-json\/wp\/v2\/comments?post=74046"}],"version-history":[{"count":1,"href":"https:\/\/infoecos.com.ar\/index.php\/wp-json\/wp\/v2\/posts\/74046\/revisions"}],"predecessor-version":[{"id":74047,"href":"https:\/\/infoecos.com.ar\/index.php\/wp-json\/wp\/v2\/posts\/74046\/revisions\/74047"}],"wp:featuredmedia":[{"embeddable":true,"href":"https:\/\/infoecos.com.ar\/index.php\/wp-json\/wp\/v2\/media\/63975"}],"wp:attachment":[{"href":"https:\/\/infoecos.com.ar\/index.php\/wp-json\/wp\/v2\/media?parent=74046"}],"wp:term":[{"taxonomy":"category","embeddable":true,"href":"https:\/\/infoecos.com.ar\/index.php\/wp-json\/wp\/v2\/categories?post=74046"},{"taxonomy":"post_tag","embeddable":true,"href":"https:\/\/infoecos.com.ar\/index.php\/wp-json\/wp\/v2\/tags?post=74046"}],"curies":[{"name":"wp","href":"https:\/\/api.w.org\/{rel}","templated":true}]}}