{"id":74069,"date":"2021-02-08T17:47:10","date_gmt":"2021-02-08T20:47:10","guid":{"rendered":"http:\/\/infoecos.com.ar\/?p=74069"},"modified":"2021-02-08T17:47:12","modified_gmt":"2021-02-08T20:47:12","slug":"buil-considero-que-el-presidente-profundiza-su-conflicto-con-el-campo-sin-fundamentos-que-lo-respalden","status":"publish","type":"post","link":"https:\/\/infoecos.com.ar\/index.php\/buil-considero-que-el-presidente-profundiza-su-conflicto-con-el-campo-sin-fundamentos-que-lo-respalden\/","title":{"rendered":"Buil consider\u00f3 que el presidente profundiza su conflicto con el campo sin fundamentos que lo respalden"},"content":{"rendered":"\n<p>En sus cuentas de las redes sociales el ex intendente de Rivadavia y ex diputado nacional, Sergio Buil, alineado con Emilio Monz\u00f3, cuestion\u00f3 las declaraciones del presidente de la Naci\u00f3n que han dado lugar a un debate p\u00fablico importante en torno a la posibilidad de aplicar m\u00e1s retenciones y poner cupo a las exportaciones.<\/p>\n\n\n\n<div class=\"wp-block-image\"><figure class=\"aligncenter size-medium\"><img loading=\"lazy\" decoding=\"async\" width=\"460\" height=\"460\" src=\"http:\/\/infoecos.com.ar\/wp-content\/uploads\/2021\/02\/sergiobuil-460x460.jpg\" alt=\"\" class=\"wp-image-74070\" srcset=\"https:\/\/infoecos.com.ar\/wp-content\/uploads\/2021\/02\/sergiobuil-460x460.jpg 460w, https:\/\/infoecos.com.ar\/wp-content\/uploads\/2021\/02\/sergiobuil-150x150.jpg 150w, https:\/\/infoecos.com.ar\/wp-content\/uploads\/2021\/02\/sergiobuil-768x768.jpg 768w, https:\/\/infoecos.com.ar\/wp-content\/uploads\/2021\/02\/sergiobuil.jpg 843w\" sizes=\"(max-width: 460px) 100vw, 460px\" \/><figcaption>Foto tomada de la cuenta de Sergio Buil en Facebook<\/figcaption><\/figure><\/div>\n\n\n\n<p>El dirigente se\u00f1ala que \u00absin fundamentos que lo respalden, el presidente profundiza su conflicto con el agro y sus productores. La inflaci\u00f3n tiene un solo culpable y es el gobierno, que no tiene un programa econ\u00f3mico fuerte, responsable y cre\u00edble\u201d.<\/p>\n\n\n\n<p>Buil sugiere que se baje la presi\u00f3n impositiva a los sectores productivos que generan d\u00f3lares genuinos, luego de se\u00f1alar que el gobierno ha hecho una emisi\u00f3n descontrolada que \u00abllev\u00f3 a importar billetes de Espa\u00f1a y Brasil\u00bb y preguntarse si estas manifestaciones del primer mandatario \u00abno tendr\u00e1n algo que ver\u00bb. <\/p>\n\n\n\n<p>El ex legislador nacional y de estrecha relaci\u00f3n con Monz\u00f3 que \u00abson las mismas recetas para un modelo atrasado que ya fracas\u00f3\u00bb. <\/p>\n","protected":false},"excerpt":{"rendered":"<p>Buil sugiere que se baje la presi\u00f3n impositiva a los sectores productivos que generan d\u00f3lares genuinos, luego de se\u00f1alar que el gobierno ha hecho una emisi\u00f3n descontrolada<\/p>\n","protected":false},"author":2,"featured_media":74070,"comment_status":"closed","ping_status":"open","sticky":false,"template":"","format":"standard","meta":{"footnotes":""},"categories":[51],"tags":[2895],"class_list":["post-74069","post","type-post","status-publish","format-standard","has-post-thumbnail","hentry","category-c2nota4","tag-a-traves-de-las-redes-sociales"],"yoast_head":"<!-- This site is optimized with the Yoast SEO plugin v23.4 - https:\/\/yoast.com\/wordpress\/plugins\/seo\/ -->\n<title>Buil consider\u00f3 que el presidente profundiza su conflicto con el campo sin fundamentos que lo respalden - Infoecos<\/title>\n<meta name=\"robots\" content=\"index, follow, max-snippet:-1, max-image-preview:large, max-video-preview:-1\" \/>\n<link rel=\"canonical\" href=\"https:\/\/infoecos.com.ar\/index.php\/buil-considero-que-el-presidente-profundiza-su-conflicto-con-el-campo-sin-fundamentos-que-lo-respalden\/\" \/>\n<meta property=\"og:locale\" content=\"es_ES\" \/>\n<meta property=\"og:type\" content=\"article\" \/>\n<meta property=\"og:title\" content=\"Buil consider\u00f3 que el presidente profundiza su conflicto con el campo sin fundamentos que lo respalden - Infoecos\" \/>\n<meta property=\"og:description\" content=\"Buil sugiere que se baje la presi\u00f3n impositiva a los sectores productivos que generan d\u00f3lares genuinos, luego de se\u00f1alar que el gobierno ha hecho una emisi\u00f3n descontrolada\" \/>\n<meta property=\"og:url\" content=\"https:\/\/infoecos.com.ar\/index.php\/buil-considero-que-el-presidente-profundiza-su-conflicto-con-el-campo-sin-fundamentos-que-lo-respalden\/\" \/>\n<meta property=\"og:site_name\" content=\"Infoecos\" \/>\n<meta property=\"article:publisher\" content=\"https:\/\/www.facebook.com\/profile.php?id=100063200290284\" \/>\n<meta property=\"article:published_time\" content=\"2021-02-08T20:47:10+00:00\" \/>\n<meta property=\"article:modified_time\" content=\"2021-02-08T20:47:12+00:00\" \/>\n<meta property=\"og:image\" content=\"https:\/\/infoecos.com.ar\/wp-content\/uploads\/2021\/02\/sergiobuil.jpg\" \/>\n\t<meta property=\"og:image:width\" content=\"843\" \/>\n\t<meta property=\"og:image:height\" content=\"843\" \/>\n\t<meta property=\"og:image:type\" content=\"image\/jpeg\" \/>\n<meta name=\"author\" content=\"Jorge Matheus\" \/>\n<meta name=\"twitter:card\" content=\"summary_large_image\" \/>\n<meta name=\"twitter:creator\" content=\"@infoecos\" \/>\n<meta name=\"twitter:site\" content=\"@infoecos\" \/>\n<meta name=\"twitter:label1\" content=\"Escrito por\" \/>\n\t<meta name=\"twitter:data1\" content=\"Jorge Matheus\" \/>\n\t<meta name=\"twitter:label2\" content=\"Tiempo de lectura\" \/>\n\t<meta name=\"twitter:data2\" content=\"1 minuto\" \/>\n<script type=\"application\/ld+json\" class=\"yoast-schema-graph\">{\"@context\":\"https:\/\/schema.org\",\"@graph\":[{\"@type\":\"Article\",\"@id\":\"https:\/\/infoecos.com.ar\/index.php\/buil-considero-que-el-presidente-profundiza-su-conflicto-con-el-campo-sin-fundamentos-que-lo-respalden\/#article\",\"isPartOf\":{\"@id\":\"https:\/\/infoecos.com.ar\/index.php\/buil-considero-que-el-presidente-profundiza-su-conflicto-con-el-campo-sin-fundamentos-que-lo-respalden\/\"},\"author\":{\"name\":\"Jorge Matheus\",\"@id\":\"https:\/\/infoecos.com.ar\/#\/schema\/person\/8f5ace5ce73b4b4aac4b7245aee6f191\"},\"headline\":\"Buil consider\u00f3 que el presidente profundiza su conflicto con el campo sin fundamentos que lo respalden\",\"datePublished\":\"2021-02-08T20:47:10+00:00\",\"dateModified\":\"2021-02-08T20:47:12+00:00\",\"mainEntityOfPage\":{\"@id\":\"https:\/\/infoecos.com.ar\/index.php\/buil-considero-que-el-presidente-profundiza-su-conflicto-con-el-campo-sin-fundamentos-que-lo-respalden\/\"},\"wordCount\":205,\"publisher\":{\"@id\":\"https:\/\/infoecos.com.ar\/#organization\"},\"image\":{\"@id\":\"https:\/\/infoecos.com.ar\/index.php\/buil-considero-que-el-presidente-profundiza-su-conflicto-con-el-campo-sin-fundamentos-que-lo-respalden\/#primaryimage\"},\"thumbnailUrl\":\"https:\/\/infoecos.com.ar\/wp-content\/uploads\/2021\/02\/sergiobuil.jpg\",\"keywords\":[\"A TRAV\u00c9S DE LAS REDES SOCIALES\"],\"articleSection\":[\"C2 N4\"],\"inLanguage\":\"es\"},{\"@type\":\"WebPage\",\"@id\":\"https:\/\/infoecos.com.ar\/index.php\/buil-considero-que-el-presidente-profundiza-su-conflicto-con-el-campo-sin-fundamentos-que-lo-respalden\/\",\"url\":\"https:\/\/infoecos.com.ar\/index.php\/buil-considero-que-el-presidente-profundiza-su-conflicto-con-el-campo-sin-fundamentos-que-lo-respalden\/\",\"name\":\"Buil consider\u00f3 que el presidente profundiza su conflicto con el campo sin fundamentos que lo respalden - Infoecos\",\"isPartOf\":{\"@id\":\"https:\/\/infoecos.com.ar\/#website\"},\"primaryImageOfPage\":{\"@id\":\"https:\/\/infoecos.com.ar\/index.php\/buil-considero-que-el-presidente-profundiza-su-conflicto-con-el-campo-sin-fundamentos-que-lo-respalden\/#primaryimage\"},\"image\":{\"@id\":\"https:\/\/infoecos.com.ar\/index.php\/buil-considero-que-el-presidente-profundiza-su-conflicto-con-el-campo-sin-fundamentos-que-lo-respalden\/#primaryimage\"},\"thumbnailUrl\":\"https:\/\/infoecos.com.ar\/wp-content\/uploads\/2021\/02\/sergiobuil.jpg\",\"datePublished\":\"2021-02-08T20:47:10+00:00\",\"dateModified\":\"2021-02-08T20:47:12+00:00\",\"breadcrumb\":{\"@id\":\"https:\/\/infoecos.com.ar\/index.php\/buil-considero-que-el-presidente-profundiza-su-conflicto-con-el-campo-sin-fundamentos-que-lo-respalden\/#breadcrumb\"},\"inLanguage\":\"es\",\"potentialAction\":[{\"@type\":\"ReadAction\",\"target\":[\"https:\/\/infoecos.com.ar\/index.php\/buil-considero-que-el-presidente-profundiza-su-conflicto-con-el-campo-sin-fundamentos-que-lo-respalden\/\"]}]},{\"@type\":\"ImageObject\",\"inLanguage\":\"es\",\"@id\":\"https:\/\/infoecos.com.ar\/index.php\/buil-considero-que-el-presidente-profundiza-su-conflicto-con-el-campo-sin-fundamentos-que-lo-respalden\/#primaryimage\",\"url\":\"https:\/\/infoecos.com.ar\/wp-content\/uploads\/2021\/02\/sergiobuil.jpg\",\"contentUrl\":\"https:\/\/infoecos.com.ar\/wp-content\/uploads\/2021\/02\/sergiobuil.jpg\",\"width\":843,\"height\":843},{\"@type\":\"BreadcrumbList\",\"@id\":\"https:\/\/infoecos.com.ar\/index.php\/buil-considero-que-el-presidente-profundiza-su-conflicto-con-el-campo-sin-fundamentos-que-lo-respalden\/#breadcrumb\",\"itemListElement\":[{\"@type\":\"ListItem\",\"position\":1,\"name\":\"Portada\",\"item\":\"https:\/\/infoecos.com.ar\/\"},{\"@type\":\"ListItem\",\"position\":2,\"name\":\"Buil consider\u00f3 que el presidente profundiza su conflicto con el campo sin fundamentos que lo respalden\"}]},{\"@type\":\"WebSite\",\"@id\":\"https:\/\/infoecos.com.ar\/#website\",\"url\":\"https:\/\/infoecos.com.ar\/\",\"name\":\"Infoecos\",\"description\":\"Noticias de trenque lauquen y la zona\",\"publisher\":{\"@id\":\"https:\/\/infoecos.com.ar\/#organization\"},\"alternateName\":\"Noticias\",\"potentialAction\":[{\"@type\":\"SearchAction\",\"target\":{\"@type\":\"EntryPoint\",\"urlTemplate\":\"https:\/\/infoecos.com.ar\/?s={search_term_string}\"},\"query-input\":{\"@type\":\"PropertyValueSpecification\",\"valueRequired\":true,\"valueName\":\"search_term_string\"}}],\"inLanguage\":\"es\"},{\"@type\":\"Organization\",\"@id\":\"https:\/\/infoecos.com.ar\/#organization\",\"name\":\"Infoecos\",\"alternateName\":\"Noticias\",\"url\":\"https:\/\/infoecos.com.ar\/\",\"logo\":{\"@type\":\"ImageObject\",\"inLanguage\":\"es\",\"@id\":\"https:\/\/infoecos.com.ar\/#\/schema\/logo\/image\/\",\"url\":\"https:\/\/infoecos.com.ar\/wp-content\/uploads\/2024\/03\/cropped-logo.png\",\"contentUrl\":\"https:\/\/infoecos.com.ar\/wp-content\/uploads\/2024\/03\/cropped-logo.png\",\"width\":374,\"height\":90,\"caption\":\"Infoecos\"},\"image\":{\"@id\":\"https:\/\/infoecos.com.ar\/#\/schema\/logo\/image\/\"},\"sameAs\":[\"https:\/\/www.facebook.com\/profile.php?id=100063200290284\",\"https:\/\/x.com\/infoecos\"]},{\"@type\":\"Person\",\"@id\":\"https:\/\/infoecos.com.ar\/#\/schema\/person\/8f5ace5ce73b4b4aac4b7245aee6f191\",\"name\":\"Jorge Matheus\",\"url\":\"https:\/\/infoecos.com.ar\/index.php\/author\/jomatheus\/\"}]}<\/script>\n<!-- \/ Yoast SEO plugin. -->","yoast_head_json":{"title":"Buil consider\u00f3 que el presidente profundiza su conflicto con el campo sin fundamentos que lo respalden - Infoecos","robots":{"index":"index","follow":"follow","max-snippet":"max-snippet:-1","max-image-preview":"max-image-preview:large","max-video-preview":"max-video-preview:-1"},"canonical":"https:\/\/infoecos.com.ar\/index.php\/buil-considero-que-el-presidente-profundiza-su-conflicto-con-el-campo-sin-fundamentos-que-lo-respalden\/","og_locale":"es_ES","og_type":"article","og_title":"Buil consider\u00f3 que el presidente profundiza su conflicto con el campo sin fundamentos que lo respalden - Infoecos","og_description":"Buil sugiere que se baje la presi\u00f3n impositiva a los sectores productivos que generan d\u00f3lares genuinos, luego de se\u00f1alar que el gobierno ha hecho una emisi\u00f3n descontrolada","og_url":"https:\/\/infoecos.com.ar\/index.php\/buil-considero-que-el-presidente-profundiza-su-conflicto-con-el-campo-sin-fundamentos-que-lo-respalden\/","og_site_name":"Infoecos","article_publisher":"https:\/\/www.facebook.com\/profile.php?id=100063200290284","article_published_time":"2021-02-08T20:47:10+00:00","article_modified_time":"2021-02-08T20:47:12+00:00","og_image":[{"width":843,"height":843,"url":"https:\/\/infoecos.com.ar\/wp-content\/uploads\/2021\/02\/sergiobuil.jpg","type":"image\/jpeg"}],"author":"Jorge Matheus","twitter_card":"summary_large_image","twitter_creator":"@infoecos","twitter_site":"@infoecos","twitter_misc":{"Escrito por":"Jorge Matheus","Tiempo de lectura":"1 minuto"},"schema":{"@context":"https:\/\/schema.org","@graph":[{"@type":"Article","@id":"https:\/\/infoecos.com.ar\/index.php\/buil-considero-que-el-presidente-profundiza-su-conflicto-con-el-campo-sin-fundamentos-que-lo-respalden\/#article","isPartOf":{"@id":"https:\/\/infoecos.com.ar\/index.php\/buil-considero-que-el-presidente-profundiza-su-conflicto-con-el-campo-sin-fundamentos-que-lo-respalden\/"},"author":{"name":"Jorge Matheus","@id":"https:\/\/infoecos.com.ar\/#\/schema\/person\/8f5ace5ce73b4b4aac4b7245aee6f191"},"headline":"Buil consider\u00f3 que el presidente profundiza su conflicto con el campo sin fundamentos que lo respalden","datePublished":"2021-02-08T20:47:10+00:00","dateModified":"2021-02-08T20:47:12+00:00","mainEntityOfPage":{"@id":"https:\/\/infoecos.com.ar\/index.php\/buil-considero-que-el-presidente-profundiza-su-conflicto-con-el-campo-sin-fundamentos-que-lo-respalden\/"},"wordCount":205,"publisher":{"@id":"https:\/\/infoecos.com.ar\/#organization"},"image":{"@id":"https:\/\/infoecos.com.ar\/index.php\/buil-considero-que-el-presidente-profundiza-su-conflicto-con-el-campo-sin-fundamentos-que-lo-respalden\/#primaryimage"},"thumbnailUrl":"https:\/\/infoecos.com.ar\/wp-content\/uploads\/2021\/02\/sergiobuil.jpg","keywords":["A TRAV\u00c9S DE LAS REDES SOCIALES"],"articleSection":["C2 N4"],"inLanguage":"es"},{"@type":"WebPage","@id":"https:\/\/infoecos.com.ar\/index.php\/buil-considero-que-el-presidente-profundiza-su-conflicto-con-el-campo-sin-fundamentos-que-lo-respalden\/","url":"https:\/\/infoecos.com.ar\/index.php\/buil-considero-que-el-presidente-profundiza-su-conflicto-con-el-campo-sin-fundamentos-que-lo-respalden\/","name":"Buil consider\u00f3 que el presidente profundiza su conflicto con el campo sin fundamentos que lo respalden - Infoecos","isPartOf":{"@id":"https:\/\/infoecos.com.ar\/#website"},"primaryImageOfPage":{"@id":"https:\/\/infoecos.com.ar\/index.php\/buil-considero-que-el-presidente-profundiza-su-conflicto-con-el-campo-sin-fundamentos-que-lo-respalden\/#primaryimage"},"image":{"@id":"https:\/\/infoecos.com.ar\/index.php\/buil-considero-que-el-presidente-profundiza-su-conflicto-con-el-campo-sin-fundamentos-que-lo-respalden\/#primaryimage"},"thumbnailUrl":"https:\/\/infoecos.com.ar\/wp-content\/uploads\/2021\/02\/sergiobuil.jpg","datePublished":"2021-02-08T20:47:10+00:00","dateModified":"2021-02-08T20:47:12+00:00","breadcrumb":{"@id":"https:\/\/infoecos.com.ar\/index.php\/buil-considero-que-el-presidente-profundiza-su-conflicto-con-el-campo-sin-fundamentos-que-lo-respalden\/#breadcrumb"},"inLanguage":"es","potentialAction":[{"@type":"ReadAction","target":["https:\/\/infoecos.com.ar\/index.php\/buil-considero-que-el-presidente-profundiza-su-conflicto-con-el-campo-sin-fundamentos-que-lo-respalden\/"]}]},{"@type":"ImageObject","inLanguage":"es","@id":"https:\/\/infoecos.com.ar\/index.php\/buil-considero-que-el-presidente-profundiza-su-conflicto-con-el-campo-sin-fundamentos-que-lo-respalden\/#primaryimage","url":"https:\/\/infoecos.com.ar\/wp-content\/uploads\/2021\/02\/sergiobuil.jpg","contentUrl":"https:\/\/infoecos.com.ar\/wp-content\/uploads\/2021\/02\/sergiobuil.jpg","width":843,"height":843},{"@type":"BreadcrumbList","@id":"https:\/\/infoecos.com.ar\/index.php\/buil-considero-que-el-presidente-profundiza-su-conflicto-con-el-campo-sin-fundamentos-que-lo-respalden\/#breadcrumb","itemListElement":[{"@type":"ListItem","position":1,"name":"Portada","item":"https:\/\/infoecos.com.ar\/"},{"@type":"ListItem","position":2,"name":"Buil consider\u00f3 que el presidente profundiza su conflicto con el campo sin fundamentos que lo respalden"}]},{"@type":"WebSite","@id":"https:\/\/infoecos.com.ar\/#website","url":"https:\/\/infoecos.com.ar\/","name":"Infoecos","description":"Noticias de trenque lauquen y la zona","publisher":{"@id":"https:\/\/infoecos.com.ar\/#organization"},"alternateName":"Noticias","potentialAction":[{"@type":"SearchAction","target":{"@type":"EntryPoint","urlTemplate":"https:\/\/infoecos.com.ar\/?s={search_term_string}"},"query-input":{"@type":"PropertyValueSpecification","valueRequired":true,"valueName":"search_term_string"}}],"inLanguage":"es"},{"@type":"Organization","@id":"https:\/\/infoecos.com.ar\/#organization","name":"Infoecos","alternateName":"Noticias","url":"https:\/\/infoecos.com.ar\/","logo":{"@type":"ImageObject","inLanguage":"es","@id":"https:\/\/infoecos.com.ar\/#\/schema\/logo\/image\/","url":"https:\/\/infoecos.com.ar\/wp-content\/uploads\/2024\/03\/cropped-logo.png","contentUrl":"https:\/\/infoecos.com.ar\/wp-content\/uploads\/2024\/03\/cropped-logo.png","width":374,"height":90,"caption":"Infoecos"},"image":{"@id":"https:\/\/infoecos.com.ar\/#\/schema\/logo\/image\/"},"sameAs":["https:\/\/www.facebook.com\/profile.php?id=100063200290284","https:\/\/x.com\/infoecos"]},{"@type":"Person","@id":"https:\/\/infoecos.com.ar\/#\/schema\/person\/8f5ace5ce73b4b4aac4b7245aee6f191","name":"Jorge Matheus","url":"https:\/\/infoecos.com.ar\/index.php\/author\/jomatheus\/"}]}},"featured_image_urls":{"full":["https:\/\/infoecos.com.ar\/wp-content\/uploads\/2021\/02\/sergiobuil.jpg",843,843,false],"thumbnail":["https:\/\/infoecos.com.ar\/wp-content\/uploads\/2021\/02\/sergiobuil-150x150.jpg",150,150,true],"medium":["https:\/\/infoecos.com.ar\/wp-content\/uploads\/2021\/02\/sergiobuil-460x460.jpg",460,460,true],"medium_large":["https:\/\/infoecos.com.ar\/wp-content\/uploads\/2021\/02\/sergiobuil-768x768.jpg",640,640,true],"large":["https:\/\/infoecos.com.ar\/wp-content\/uploads\/2021\/02\/sergiobuil.jpg",640,640,false],"1536x1536":["https:\/\/infoecos.com.ar\/wp-content\/uploads\/2021\/02\/sergiobuil.jpg",843,843,false],"2048x2048":["https:\/\/infoecos.com.ar\/wp-content\/uploads\/2021\/02\/sergiobuil.jpg",843,843,false],"covernews-slider-full":["https:\/\/infoecos.com.ar\/wp-content\/uploads\/2021\/02\/sergiobuil.jpg",715,715,false],"covernews-slider-center":["https:\/\/infoecos.com.ar\/wp-content\/uploads\/2021\/02\/sergiobuil.jpg",500,500,false],"covernews-featured":["https:\/\/infoecos.com.ar\/wp-content\/uploads\/2021\/02\/sergiobuil.jpg",843,843,false],"covernews-medium":["https:\/\/infoecos.com.ar\/wp-content\/uploads\/2021\/02\/sergiobuil-720x380.jpg",540,285,true],"covernews-medium-square":["https:\/\/infoecos.com.ar\/wp-content\/uploads\/2021\/02\/sergiobuil-675x450.jpg",375,250,true]},"author_info":{"info":["Jorge Matheus"]},"category_info":"<a href=\"https:\/\/infoecos.com.ar\/index.php\/category\/c2nota4\/\" rel=\"category tag\">C2 N4<\/a>","tag_info":"C2 N4","comment_count":"0","_links":{"self":[{"href":"https:\/\/infoecos.com.ar\/index.php\/wp-json\/wp\/v2\/posts\/74069"}],"collection":[{"href":"https:\/\/infoecos.com.ar\/index.php\/wp-json\/wp\/v2\/posts"}],"about":[{"href":"https:\/\/infoecos.com.ar\/index.php\/wp-json\/wp\/v2\/types\/post"}],"author":[{"embeddable":true,"href":"https:\/\/infoecos.com.ar\/index.php\/wp-json\/wp\/v2\/users\/2"}],"replies":[{"embeddable":true,"href":"https:\/\/infoecos.com.ar\/index.php\/wp-json\/wp\/v2\/comments?post=74069"}],"version-history":[{"count":1,"href":"https:\/\/infoecos.com.ar\/index.php\/wp-json\/wp\/v2\/posts\/74069\/revisions"}],"predecessor-version":[{"id":74071,"href":"https:\/\/infoecos.com.ar\/index.php\/wp-json\/wp\/v2\/posts\/74069\/revisions\/74071"}],"wp:featuredmedia":[{"embeddable":true,"href":"https:\/\/infoecos.com.ar\/index.php\/wp-json\/wp\/v2\/media\/74070"}],"wp:attachment":[{"href":"https:\/\/infoecos.com.ar\/index.php\/wp-json\/wp\/v2\/media?parent=74069"}],"wp:term":[{"taxonomy":"category","embeddable":true,"href":"https:\/\/infoecos.com.ar\/index.php\/wp-json\/wp\/v2\/categories?post=74069"},{"taxonomy":"post_tag","embeddable":true,"href":"https:\/\/infoecos.com.ar\/index.php\/wp-json\/wp\/v2\/tags?post=74069"}],"curies":[{"name":"wp","href":"https:\/\/api.w.org\/{rel}","templated":true}]}}