{"id":74075,"date":"2021-02-09T01:39:43","date_gmt":"2021-02-09T04:39:43","guid":{"rendered":"http:\/\/infoecos.com.ar\/?p=74075"},"modified":"2021-02-09T01:39:46","modified_gmt":"2021-02-09T04:39:46","slug":"el-presidente-fernandez-recibira-el-miercoles-a-la-mesa-de-enlace-agropecuario","status":"publish","type":"post","link":"https:\/\/infoecos.com.ar\/index.php\/el-presidente-fernandez-recibira-el-miercoles-a-la-mesa-de-enlace-agropecuario\/","title":{"rendered":"El presidente Fern\u00e1ndez recibir\u00e1 el mi\u00e9rcoles a la Mesa de Enlace Agropecuario"},"content":{"rendered":"\n<p class=\"wp-block-paragraph\">El presidente Alberto Fern\u00e1ndez recibir\u00e1 el mi\u00e9rcoles pr\u00f3ximo en la Casa de Gobierno a los integrantes de la Mesa de Enlace de Entidades Agropecuarias.\u00a0<\/p>\n\n\n\n<div class=\"wp-block-image\"><figure class=\"aligncenter size-large\"><img loading=\"lazy\" decoding=\"async\" width=\"324\" height=\"182\" src=\"http:\/\/infoecos.com.ar\/wp-content\/uploads\/5eb9df405c9fd_324x182.jpg\" alt=\"\" class=\"wp-image-62144\"\/><\/figure><\/div>\n\n\n\n<p class=\"wp-block-paragraph\">A la reuni\u00f3n, prevista para las 15.30, est\u00e1n convocados los dirigentes de la Confederaci\u00f3n Intercooperativa Agropecuaria (Coninagro), las Confederaciones Rurales Argentinas (CRA), la Federaci\u00f3n Agraria Argentina (FAA) y Sociedad Rural Argentina (SRA).\u00a0<\/p>\n\n\n\n<p class=\"wp-block-paragraph\">La reuni\u00f3n se agend\u00f3 horas despu\u00e9s de que las entidades del campo solicitaron una audiencia con el Presidente para debatir propuestas sobre c\u00f3mo estimular la producci\u00f3n y reducir costos que afectan su precio en g\u00f3ndola, y rechazaran un posible aumento de retenciones o la aplicaci\u00f3n de cupos a la exportaci\u00f3n de productos primarios.<\/p>\n","protected":false},"excerpt":{"rendered":"<p>La reuni\u00f3n se agend\u00f3 horas despu\u00e9s de que las entidades del campo solicitaron una audiencia con el Presidente para debatir propuestas<\/p>\n","protected":false},"author":2,"featured_media":52539,"comment_status":"closed","ping_status":"open","sticky":false,"template":"","format":"standard","meta":{"footnotes":""},"categories":[198],"tags":[2897],"class_list":["post-74075","post","type-post","status-publish","format-standard","has-post-thumbnail","hentry","category-c1nota5","tag-la-reunion-se-anuncia-para-las-15-30"],"featured_image_urls":{"full":"","thumbnail":"","medium":"","medium_large":"","large":"","1536x1536":"","2048x2048":"","covernews-slider-full":"","covernews-slider-center":"","covernews-featured":"","covernews-medium":"","covernews-medium-square":""},"author_info":{"info":["Jorge Matheus"]},"category_info":"<a href=\"https:\/\/infoecos.com.ar\/index.php\/category\/c1nota5\/\" rel=\"category tag\">C1 nota 5<\/a>","tag_info":"C1 nota 5","comment_count":"0","_links":{"self":[{"href":"https:\/\/infoecos.com.ar\/index.php\/wp-json\/wp\/v2\/posts\/74075","targetHints":{"allow":["GET"]}}],"collection":[{"href":"https:\/\/infoecos.com.ar\/index.php\/wp-json\/wp\/v2\/posts"}],"about":[{"href":"https:\/\/infoecos.com.ar\/index.php\/wp-json\/wp\/v2\/types\/post"}],"author":[{"embeddable":true,"href":"https:\/\/infoecos.com.ar\/index.php\/wp-json\/wp\/v2\/users\/2"}],"replies":[{"embeddable":true,"href":"https:\/\/infoecos.com.ar\/index.php\/wp-json\/wp\/v2\/comments?post=74075"}],"version-history":[{"count":1,"href":"https:\/\/infoecos.com.ar\/index.php\/wp-json\/wp\/v2\/posts\/74075\/revisions"}],"predecessor-version":[{"id":74076,"href":"https:\/\/infoecos.com.ar\/index.php\/wp-json\/wp\/v2\/posts\/74075\/revisions\/74076"}],"wp:attachment":[{"href":"https:\/\/infoecos.com.ar\/index.php\/wp-json\/wp\/v2\/media?parent=74075"}],"wp:term":[{"taxonomy":"category","embeddable":true,"href":"https:\/\/infoecos.com.ar\/index.php\/wp-json\/wp\/v2\/categories?post=74075"},{"taxonomy":"post_tag","embeddable":true,"href":"https:\/\/infoecos.com.ar\/index.php\/wp-json\/wp\/v2\/tags?post=74075"}],"curies":[{"name":"wp","href":"https:\/\/api.w.org\/{rel}","templated":true}]}}