{"id":74077,"date":"2021-02-09T01:44:20","date_gmt":"2021-02-09T04:44:20","guid":{"rendered":"http:\/\/infoecos.com.ar\/?p=74077"},"modified":"2021-02-09T01:44:24","modified_gmt":"2021-02-09T04:44:24","slug":"declaraciones-de-la-diputada-nacional-fernanda-vallejos-que-pueden-ser-nafta-en-el-fuego","status":"publish","type":"post","link":"https:\/\/infoecos.com.ar\/index.php\/declaraciones-de-la-diputada-nacional-fernanda-vallejos-que-pueden-ser-nafta-en-el-fuego\/","title":{"rendered":"Declaraciones de la diputada nacional Fernanda Vallejos que pueden ser \u00abnafta en el fuego\u00bb"},"content":{"rendered":"\n<p class=\"wp-block-paragraph\">La diputada nacional por Buenos Aires y economista, Fernanda Vallejos, asegur\u00f3 que las retenciones y los cupos de exportaci\u00f3n son \u00abinstrumentos por excelencia\u00bb que tiene el Estado para evitar que el precio de los alimentos exportables afecte el poder de compra del salario, a la vez que llam\u00f3 a \u00abno ceder ante planteos extorsivos y sectoriales\u00bb.<\/p>\n\n\n\n<div class=\"wp-block-image\"><figure class=\"aligncenter size-medium\"><img loading=\"lazy\" decoding=\"async\" width=\"460\" height=\"258\" src=\"http:\/\/infoecos.com.ar\/wp-content\/uploads\/2021\/02\/VALLEJOSFERNANDA-460x258.jpg\" alt=\"\" class=\"wp-image-74078\" srcset=\"https:\/\/infoecos.com.ar\/wp-content\/uploads\/2021\/02\/VALLEJOSFERNANDA-460x258.jpg 460w, https:\/\/infoecos.com.ar\/wp-content\/uploads\/2021\/02\/VALLEJOSFERNANDA-920x517.jpg 920w, https:\/\/infoecos.com.ar\/wp-content\/uploads\/2021\/02\/VALLEJOSFERNANDA-768x431.jpg 768w, https:\/\/infoecos.com.ar\/wp-content\/uploads\/2021\/02\/VALLEJOSFERNANDA.jpg 1004w\" sizes=\"auto, (max-width: 460px) 100vw, 460px\" \/><\/figure><\/div>\n\n\n\n<p class=\"wp-block-paragraph\">\u00abLas retenciones o los derechos de exportaci\u00f3n son un instrumento por excelencia cuando hablamos de medidas econ\u00f3micas para desacoplar los precios internacionales de los productos que forman parte de la canasta de exportaci\u00f3n de la Argentina\u201d, dijo Vallejos a la vez que sostuvo que los alimentos \u201ctienen que estar en armon\u00eda con la capacidad de compra del salario\u201d.<\/p>\n\n\n\n<p class=\"wp-block-paragraph\">\u201cLos argentinos no podemos definir nuestra posibilidad de comer o de dejar de comer, en base a posiciones que se fijan en el Mercado de Chicago\u00bb, asegur\u00f3 la diputada.<\/p>\n\n\n\n<p class=\"wp-block-paragraph\">Sobre las reacciones de sectores de la oposici\u00f3n y de productores rurales exportadores dijo que, si bien \u00abes l\u00f3gico que defiendan un ciclo donde sus ganancias est\u00e1n creciendo precipitadamente\u00bb, sostuvo que \u00abel Estado tiene que tomar decisiones para el conjunto de la sociedad argentina, no solamente de un sector\u201d.<\/p>\n","protected":false},"excerpt":{"rendered":"<p>Llam\u00f3 a \u00abno ceder ante planteos extorsivos y sectoriales\u00bb<\/p>\n","protected":false},"author":2,"featured_media":74078,"comment_status":"closed","ping_status":"open","sticky":false,"template":"","format":"standard","meta":{"footnotes":""},"categories":[1323],"tags":[2898],"class_list":["post-74077","post","type-post","status-publish","format-standard","has-post-thumbnail","hentry","category-c2nota5","tag-retenciones-y-cupos-de-exportacion"],"featured_image_urls":{"full":["https:\/\/infoecos.com.ar\/wp-content\/uploads\/2021\/02\/VALLEJOSFERNANDA.jpg",1004,564,false],"thumbnail":["https:\/\/infoecos.com.ar\/wp-content\/uploads\/2021\/02\/VALLEJOSFERNANDA-150x150.jpg",150,150,true],"medium":["https:\/\/infoecos.com.ar\/wp-content\/uploads\/2021\/02\/VALLEJOSFERNANDA-460x258.jpg",460,258,true],"medium_large":["https:\/\/infoecos.com.ar\/wp-content\/uploads\/2021\/02\/VALLEJOSFERNANDA-768x431.jpg",640,359,true],"large":["https:\/\/infoecos.com.ar\/wp-content\/uploads\/2021\/02\/VALLEJOSFERNANDA-920x517.jpg",640,360,true],"1536x1536":["https:\/\/infoecos.com.ar\/wp-content\/uploads\/2021\/02\/VALLEJOSFERNANDA.jpg",1004,564,false],"2048x2048":["https:\/\/infoecos.com.ar\/wp-content\/uploads\/2021\/02\/VALLEJOSFERNANDA.jpg",1004,564,false],"covernews-slider-full":["https:\/\/infoecos.com.ar\/wp-content\/uploads\/2021\/02\/VALLEJOSFERNANDA.jpg",1004,564,false],"covernews-slider-center":["https:\/\/infoecos.com.ar\/wp-content\/uploads\/2021\/02\/VALLEJOSFERNANDA-936x564.jpg",800,482,true],"covernews-featured":["https:\/\/infoecos.com.ar\/wp-content\/uploads\/2021\/02\/VALLEJOSFERNANDA.jpg",1004,564,false],"covernews-medium":["https:\/\/infoecos.com.ar\/wp-content\/uploads\/2021\/02\/VALLEJOSFERNANDA-720x380.jpg",540,285,true],"covernews-medium-square":["https:\/\/infoecos.com.ar\/wp-content\/uploads\/2021\/02\/VALLEJOSFERNANDA-675x450.jpg",375,250,true]},"author_info":{"info":["Jorge Matheus"]},"category_info":"<a href=\"https:\/\/infoecos.com.ar\/index.php\/category\/c2nota5\/\" rel=\"category tag\">C2 N5<\/a>","tag_info":"C2 N5","comment_count":"0","_links":{"self":[{"href":"https:\/\/infoecos.com.ar\/index.php\/wp-json\/wp\/v2\/posts\/74077","targetHints":{"allow":["GET"]}}],"collection":[{"href":"https:\/\/infoecos.com.ar\/index.php\/wp-json\/wp\/v2\/posts"}],"about":[{"href":"https:\/\/infoecos.com.ar\/index.php\/wp-json\/wp\/v2\/types\/post"}],"author":[{"embeddable":true,"href":"https:\/\/infoecos.com.ar\/index.php\/wp-json\/wp\/v2\/users\/2"}],"replies":[{"embeddable":true,"href":"https:\/\/infoecos.com.ar\/index.php\/wp-json\/wp\/v2\/comments?post=74077"}],"version-history":[{"count":1,"href":"https:\/\/infoecos.com.ar\/index.php\/wp-json\/wp\/v2\/posts\/74077\/revisions"}],"predecessor-version":[{"id":74079,"href":"https:\/\/infoecos.com.ar\/index.php\/wp-json\/wp\/v2\/posts\/74077\/revisions\/74079"}],"wp:featuredmedia":[{"embeddable":true,"href":"https:\/\/infoecos.com.ar\/index.php\/wp-json\/wp\/v2\/media\/74078"}],"wp:attachment":[{"href":"https:\/\/infoecos.com.ar\/index.php\/wp-json\/wp\/v2\/media?parent=74077"}],"wp:term":[{"taxonomy":"category","embeddable":true,"href":"https:\/\/infoecos.com.ar\/index.php\/wp-json\/wp\/v2\/categories?post=74077"},{"taxonomy":"post_tag","embeddable":true,"href":"https:\/\/infoecos.com.ar\/index.php\/wp-json\/wp\/v2\/tags?post=74077"}],"curies":[{"name":"wp","href":"https:\/\/api.w.org\/{rel}","templated":true}]}}