{"id":74100,"date":"2021-02-09T15:00:54","date_gmt":"2021-02-09T18:00:54","guid":{"rendered":"http:\/\/infoecos.com.ar\/?p=74100"},"modified":"2021-02-11T02:13:48","modified_gmt":"2021-02-11T05:13:48","slug":"el-gobernador-kicillof-hablo-de-extender-la-temporada-de-verano-hasta-el-5-de-abril","status":"publish","type":"post","link":"https:\/\/infoecos.com.ar\/index.php\/el-gobernador-kicillof-hablo-de-extender-la-temporada-de-verano-hasta-el-5-de-abril\/","title":{"rendered":"El gobernador Kicillof habl\u00f3 de extender la temporada de verano hasta el 5 de Abril"},"content":{"rendered":"\n<p class=\"wp-block-paragraph\">El gobernador bonaerense, Axel Kicillof, anunci\u00f3 que buscar\u00e1n que la temporada \u201cse extienda hasta Semana Santa, el 5 de abril\u201d. A ra\u00edz de esto, indic\u00f3 que con los municipios \u201cse habl\u00f3 de importantes descuentos en el mes de marzo\u201d. Afirm\u00f3 que la temporada veraniega es \u00abexitosa en t\u00e9rminos comerciales\u00bb.<\/p>\n\n\n\n<div class=\"wp-block-image\"><figure class=\"aligncenter size-medium is-resized\"><img loading=\"lazy\" decoding=\"async\" src=\"http:\/\/infoecos.com.ar\/wp-content\/uploads\/2021\/02\/kicienmiramar-460x307.jpg\" alt=\"\" class=\"wp-image-74106\" width=\"460\" height=\"307\" srcset=\"https:\/\/infoecos.com.ar\/wp-content\/uploads\/2021\/02\/kicienmiramar-460x307.jpg 460w, https:\/\/infoecos.com.ar\/wp-content\/uploads\/2021\/02\/kicienmiramar-675x450.jpg 675w, https:\/\/infoecos.com.ar\/wp-content\/uploads\/2021\/02\/kicienmiramar.jpg 680w\" sizes=\"auto, (max-width: 460px) 100vw, 460px\" \/><\/figure><\/div>\n\n\n\n<p class=\"wp-block-paragraph\">\u201cEstamos muy cerca de un feriado de carnaval, donde le vamos a pedir nuevamente a los&nbsp;turistas&nbsp;que vengan a cuidarse. Es una&nbsp;temporada de verano&nbsp;en pandemia. Es un&nbsp;verano&nbsp;especial, donde hay que cuidarse y cuidar a los dem\u00e1s. Tenemos un&nbsp;carnaval<strong>&nbsp;<\/strong>que se avecina muy auspicioso\u201d, se\u00f1al\u00f3 al indicar que la ocupaci\u00f3n de los complejos tur\u00edsticos y reserva para el pr\u00f3ximo fin de semana que ser\u00e1 de los denominados largos, est\u00e1 pr\u00e1cticamente al m\u00e1ximo.<\/p>\n\n\n\n<p class=\"wp-block-paragraph\">\u201cTuvimos en diciembre una buena reacci\u00f3n con una temporada que se present\u00f3 mejor que otros diciembre, inclusive. Hemos tenido, a diferencia de otros pa\u00edses del mundo, un nivel de afluencia y de reservas muy elevado. Muy muy elevado con respecto a Europa y otros pa\u00edses\u201d<strong>,<\/strong>&nbsp;resalt\u00f3 el gobernador. <strong>&nbsp;<\/strong><\/p>\n\n\n\n<p class=\"wp-block-paragraph\"><\/p>\n\n\n\n<p class=\"wp-block-paragraph\"><\/p>\n","protected":false},"excerpt":{"rendered":"<p>\u00abTenemos un carnaval que se avecina muy auspicioso\u201d, se\u00f1al\u00f3 el mandatario bonaerense al referirse al pr\u00f3ximo fin de semana largo<\/p>\n","protected":false},"author":2,"featured_media":74106,"comment_status":"closed","ping_status":"open","sticky":false,"template":"","format":"standard","meta":{"footnotes":""},"categories":[44],"tags":[2904],"class_list":["post-74100","post","type-post","status-publish","format-standard","has-post-thumbnail","hentry","category-inferior5","tag-la-califico-como-exitosa-hasta-ahora"],"featured_image_urls":{"full":["https:\/\/infoecos.com.ar\/wp-content\/uploads\/2021\/02\/kicienmiramar.jpg",680,454,false],"thumbnail":["https:\/\/infoecos.com.ar\/wp-content\/uploads\/2021\/02\/kicienmiramar-150x150.jpg",150,150,true],"medium":["https:\/\/infoecos.com.ar\/wp-content\/uploads\/2021\/02\/kicienmiramar-460x307.jpg",460,307,true],"medium_large":["https:\/\/infoecos.com.ar\/wp-content\/uploads\/2021\/02\/kicienmiramar.jpg",640,427,false],"large":["https:\/\/infoecos.com.ar\/wp-content\/uploads\/2021\/02\/kicienmiramar.jpg",640,427,false],"1536x1536":["https:\/\/infoecos.com.ar\/wp-content\/uploads\/2021\/02\/kicienmiramar.jpg",680,454,false],"2048x2048":["https:\/\/infoecos.com.ar\/wp-content\/uploads\/2021\/02\/kicienmiramar.jpg",680,454,false],"covernews-slider-full":["https:\/\/infoecos.com.ar\/wp-content\/uploads\/2021\/02\/kicienmiramar.jpg",680,454,false],"covernews-slider-center":["https:\/\/infoecos.com.ar\/wp-content\/uploads\/2021\/02\/kicienmiramar.jpg",680,454,false],"covernews-featured":["https:\/\/infoecos.com.ar\/wp-content\/uploads\/2021\/02\/kicienmiramar.jpg",680,454,false],"covernews-medium":["https:\/\/infoecos.com.ar\/wp-content\/uploads\/2021\/02\/kicienmiramar-680x380.jpg",540,302,true],"covernews-medium-square":["https:\/\/infoecos.com.ar\/wp-content\/uploads\/2021\/02\/kicienmiramar-675x450.jpg",375,250,true]},"author_info":{"info":["Jorge Matheus"]},"category_info":"<a href=\"https:\/\/infoecos.com.ar\/index.php\/category\/inferior5\/\" rel=\"category tag\">Bloque inferior - 5<\/a>","tag_info":"Bloque inferior - 5","comment_count":"0","_links":{"self":[{"href":"https:\/\/infoecos.com.ar\/index.php\/wp-json\/wp\/v2\/posts\/74100","targetHints":{"allow":["GET"]}}],"collection":[{"href":"https:\/\/infoecos.com.ar\/index.php\/wp-json\/wp\/v2\/posts"}],"about":[{"href":"https:\/\/infoecos.com.ar\/index.php\/wp-json\/wp\/v2\/types\/post"}],"author":[{"embeddable":true,"href":"https:\/\/infoecos.com.ar\/index.php\/wp-json\/wp\/v2\/users\/2"}],"replies":[{"embeddable":true,"href":"https:\/\/infoecos.com.ar\/index.php\/wp-json\/wp\/v2\/comments?post=74100"}],"version-history":[{"count":2,"href":"https:\/\/infoecos.com.ar\/index.php\/wp-json\/wp\/v2\/posts\/74100\/revisions"}],"predecessor-version":[{"id":74107,"href":"https:\/\/infoecos.com.ar\/index.php\/wp-json\/wp\/v2\/posts\/74100\/revisions\/74107"}],"wp:featuredmedia":[{"embeddable":true,"href":"https:\/\/infoecos.com.ar\/index.php\/wp-json\/wp\/v2\/media\/74106"}],"wp:attachment":[{"href":"https:\/\/infoecos.com.ar\/index.php\/wp-json\/wp\/v2\/media?parent=74100"}],"wp:term":[{"taxonomy":"category","embeddable":true,"href":"https:\/\/infoecos.com.ar\/index.php\/wp-json\/wp\/v2\/categories?post=74100"},{"taxonomy":"post_tag","embeddable":true,"href":"https:\/\/infoecos.com.ar\/index.php\/wp-json\/wp\/v2\/tags?post=74100"}],"curies":[{"name":"wp","href":"https:\/\/api.w.org\/{rel}","templated":true}]}}