{"id":74116,"date":"2021-02-09T16:15:04","date_gmt":"2021-02-09T19:15:04","guid":{"rendered":"http:\/\/infoecos.com.ar\/?p=74116"},"modified":"2021-02-11T02:07:12","modified_gmt":"2021-02-11T05:07:12","slug":"sigue-funcionando-el-puesto-para-asesorar-a-quienes-quieran-vacunarse-contra-el-covid-19","status":"publish","type":"post","link":"https:\/\/infoecos.com.ar\/index.php\/sigue-funcionando-el-puesto-para-asesorar-a-quienes-quieran-vacunarse-contra-el-covid-19\/","title":{"rendered":"Sigue funcionando el puesto para asesorar a quienes quieran vacunarse contra el COVID-19"},"content":{"rendered":"\n<p class=\"wp-block-paragraph\">Sigue funcionando el puesto destinado a ayudar a registrarse a vecinas y vecinos que deseen vacunarse contra el COVID-19, en la vereda del Palacio Municipal de Trenque Lauquen. Atiende de lunes a viernes de 8 a 13.<\/p>\n\n\n\n<div class=\"wp-block-image\"><figure class=\"aligncenter size-medium\"><img loading=\"lazy\" decoding=\"async\" width=\"460\" height=\"307\" src=\"http:\/\/infoecos.com.ar\/wp-content\/uploads\/2021\/02\/Puesto-para-registrarse-3-460x307.jpg\" alt=\"\" class=\"wp-image-73669\" srcset=\"https:\/\/infoecos.com.ar\/wp-content\/uploads\/2021\/02\/Puesto-para-registrarse-3-460x307.jpg 460w, https:\/\/infoecos.com.ar\/wp-content\/uploads\/2021\/02\/Puesto-para-registrarse-3-768x512.jpg 768w, https:\/\/infoecos.com.ar\/wp-content\/uploads\/2021\/02\/Puesto-para-registrarse-3-675x450.jpg 675w, https:\/\/infoecos.com.ar\/wp-content\/uploads\/2021\/02\/Puesto-para-registrarse-3.jpg 852w\" sizes=\"auto, (max-width: 460px) 100vw, 460px\" \/><\/figure><\/div>\n\n\n\n<p class=\"wp-block-paragraph\">De este modo las personas que no tengan PC, notebook o un celular con sistema Android para ingresar al link Vacunate (<a href=\"https:\/\/vacunatepba.gba.gob.ar\/\">https:\/\/vacunatepba.gba.gob.ar\/<\/a>) -siempre de manera gratuita y voluntaria- cuentan con ayuda para registrarse, siempre que sean mayores de 18 a\u00f1os.<\/p>\n\n\n\n<p class=\"wp-block-paragraph\">Se record\u00f3 este martes que registrarse no implica solicitar un turno ni una reserva para aplicarse la vacuna, y que una vez que las dosis est\u00e9n disponibles y el cronograma de vacunaci\u00f3n est\u00e9 confirmado, recibir\u00e1n una notificaci\u00f3n.<\/p>\n\n\n\n<p class=\"wp-block-paragraph\">Adem\u00e1s al registrarse en Vacunate el vecino o vecina podr\u00e1 obtener informaci\u00f3n peri\u00f3dica sobre el plan provincial p\u00fablico, gratuito y voluntario contra el Covid-19 y novedades respecto de los turnos para la vacunaci\u00f3n.<\/p>\n\n\n\n<p class=\"wp-block-paragraph\">Los que se apliquen la vacuna recibir\u00e1n seguimiento y asistencia por parte del ministerio de Salud de la Provincia de Buenos Aires, a trav\u00e9s de la aplicaci\u00f3n y de las v\u00edas de comunicaci\u00f3n registrada\u201d, se indica en la p\u00e1gina web.<\/p>\n\n\n\n<p class=\"wp-block-paragraph\">En esta etapa es necesario tener entre 18 y 59 a\u00f1os y poder acreditar enfermedades preexistentes, ser mayor de 60 a\u00f1os o ser personal de salud, policial o docente y auxiliar.<\/p>\n\n\n\n<p class=\"wp-block-paragraph\">El listado de enfermedades preexistentes incluye: Enfermedad Pulmonar Cr\u00f3nica, Diabetes, Enfermedad Cardiovascular, Obesidad y Enfermedad Renal Cr\u00f3nica.<br><\/p>\n","protected":false},"excerpt":{"rendered":"<p>En la vereda del Palacio Municipal de Trenque Lauquen<\/p>\n","protected":false},"author":2,"featured_media":73669,"comment_status":"closed","ping_status":"open","sticky":false,"template":"","format":"standard","meta":{"footnotes":""},"categories":[1323],"tags":[2909],"class_list":["post-74116","post","type-post","status-publish","format-standard","has-post-thumbnail","hentry","category-c2nota5","tag-de-lunes-a-viernes-entre-8-y-13-horas"],"featured_image_urls":{"full":["https:\/\/infoecos.com.ar\/wp-content\/uploads\/2021\/02\/Puesto-para-registrarse-3.jpg",852,568,false],"thumbnail":["https:\/\/infoecos.com.ar\/wp-content\/uploads\/2021\/02\/Puesto-para-registrarse-3-150x150.jpg",150,150,true],"medium":["https:\/\/infoecos.com.ar\/wp-content\/uploads\/2021\/02\/Puesto-para-registrarse-3-460x307.jpg",460,307,true],"medium_large":["https:\/\/infoecos.com.ar\/wp-content\/uploads\/2021\/02\/Puesto-para-registrarse-3-768x512.jpg",640,427,true],"large":["https:\/\/infoecos.com.ar\/wp-content\/uploads\/2021\/02\/Puesto-para-registrarse-3.jpg",640,427,false],"1536x1536":["https:\/\/infoecos.com.ar\/wp-content\/uploads\/2021\/02\/Puesto-para-registrarse-3.jpg",852,568,false],"2048x2048":["https:\/\/infoecos.com.ar\/wp-content\/uploads\/2021\/02\/Puesto-para-registrarse-3.jpg",852,568,false],"covernews-slider-full":["https:\/\/infoecos.com.ar\/wp-content\/uploads\/2021\/02\/Puesto-para-registrarse-3.jpg",852,568,false],"covernews-slider-center":["https:\/\/infoecos.com.ar\/wp-content\/uploads\/2021\/02\/Puesto-para-registrarse-3.jpg",750,500,false],"covernews-featured":["https:\/\/infoecos.com.ar\/wp-content\/uploads\/2021\/02\/Puesto-para-registrarse-3.jpg",852,568,false],"covernews-medium":["https:\/\/infoecos.com.ar\/wp-content\/uploads\/2021\/02\/Puesto-para-registrarse-3-720x380.jpg",540,285,true],"covernews-medium-square":["https:\/\/infoecos.com.ar\/wp-content\/uploads\/2021\/02\/Puesto-para-registrarse-3-675x450.jpg",375,250,true]},"author_info":{"info":["Jorge Matheus"]},"category_info":"<a href=\"https:\/\/infoecos.com.ar\/index.php\/category\/c2nota5\/\" rel=\"category tag\">C2 N5<\/a>","tag_info":"C2 N5","comment_count":"0","_links":{"self":[{"href":"https:\/\/infoecos.com.ar\/index.php\/wp-json\/wp\/v2\/posts\/74116","targetHints":{"allow":["GET"]}}],"collection":[{"href":"https:\/\/infoecos.com.ar\/index.php\/wp-json\/wp\/v2\/posts"}],"about":[{"href":"https:\/\/infoecos.com.ar\/index.php\/wp-json\/wp\/v2\/types\/post"}],"author":[{"embeddable":true,"href":"https:\/\/infoecos.com.ar\/index.php\/wp-json\/wp\/v2\/users\/2"}],"replies":[{"embeddable":true,"href":"https:\/\/infoecos.com.ar\/index.php\/wp-json\/wp\/v2\/comments?post=74116"}],"version-history":[{"count":1,"href":"https:\/\/infoecos.com.ar\/index.php\/wp-json\/wp\/v2\/posts\/74116\/revisions"}],"predecessor-version":[{"id":74117,"href":"https:\/\/infoecos.com.ar\/index.php\/wp-json\/wp\/v2\/posts\/74116\/revisions\/74117"}],"wp:featuredmedia":[{"embeddable":true,"href":"https:\/\/infoecos.com.ar\/index.php\/wp-json\/wp\/v2\/media\/73669"}],"wp:attachment":[{"href":"https:\/\/infoecos.com.ar\/index.php\/wp-json\/wp\/v2\/media?parent=74116"}],"wp:term":[{"taxonomy":"category","embeddable":true,"href":"https:\/\/infoecos.com.ar\/index.php\/wp-json\/wp\/v2\/categories?post=74116"},{"taxonomy":"post_tag","embeddable":true,"href":"https:\/\/infoecos.com.ar\/index.php\/wp-json\/wp\/v2\/tags?post=74116"}],"curies":[{"name":"wp","href":"https:\/\/api.w.org\/{rel}","templated":true}]}}