{"id":74118,"date":"2021-02-09T16:38:29","date_gmt":"2021-02-09T19:38:29","guid":{"rendered":"http:\/\/infoecos.com.ar\/?p=74118"},"modified":"2021-02-09T16:51:45","modified_gmt":"2021-02-09T19:51:45","slug":"federacion-agraria-argentina-pide-eliminar-el-iva-en-alimentos-para-los-sectores-mas-carenciados","status":"publish","type":"post","link":"https:\/\/infoecos.com.ar\/index.php\/federacion-agraria-argentina-pide-eliminar-el-iva-en-alimentos-para-los-sectores-mas-carenciados\/","title":{"rendered":"Federaci\u00f3n Agraria Argentina pide eliminar el IVA en alimentos para los sectores m\u00e1s carenciados"},"content":{"rendered":"\n<p class=\"wp-block-paragraph\">El presidente de la Federaci\u00f3n Agraria Argentina (FAA), Carlos Achetoni, afirm\u00f3 que la convocatoria a reunirse este mi\u00e9rcoles con el presidente de la Naci\u00f3n \u00abest\u00e1 muy buena\u00bb, y adelant\u00f3 que la dirigencia del agro propondr\u00e1 \u00abque v\u00eda tarjeta se le reintegre el IVA a los sectores m\u00e1s carenciados, para que puedan tener acceso a los alimentos\u00bb.<\/p>\n\n\n\n<div class=\"wp-block-image\"><figure class=\"aligncenter size-large\"><img decoding=\"async\" src=\"http:\/\/infoecos.com.ar\/wp-content\/uploads\/faa.jpg\" alt=\"\" class=\"wp-image-14991\"\/><figcaption>Logo Federaci\u00f3n Agraria Argentina<\/figcaption><\/figure><\/div>\n\n\n\n<p class=\"wp-block-paragraph\">En di\u00e1logo con El Destape Radio agreg\u00f3 que se viene trabajando con el Ministerio de Desarrollo Productivo y la Administraci\u00f3n Federal de Ingresos P\u00fablicos (AFIP) para implementar esos descuentos por IVA, y explic\u00f3: \u201cEl desequilibrio se puede compensar con una parte el mayor ingreso de divisas producto de la tonificaci\u00f3n de precios (de los granos), que se estima en m\u00e1s de US$ 3.000 millones, respecto de lo previsto en el Presupuesto 2021&#8243;.<\/p>\n","protected":false},"excerpt":{"rendered":"<p>Se viene trabajando con el Ministerio de Desarrollo Productivo y la Administraci\u00f3n Federal de Ingresos P\u00fablicos (AFIP)<\/p>\n","protected":false},"author":2,"featured_media":14991,"comment_status":"closed","ping_status":"open","sticky":false,"template":"","format":"standard","meta":{"footnotes":""},"categories":[50],"tags":[2910],"class_list":["post-74118","post","type-post","status-publish","format-standard","has-post-thumbnail","hentry","category-c1nota4","tag-declaraciones-de-carlos-achetoni"],"featured_image_urls":{"full":"","thumbnail":"","medium":"","medium_large":"","large":"","1536x1536":"","2048x2048":"","covernews-slider-full":"","covernews-slider-center":"","covernews-featured":"","covernews-medium":"","covernews-medium-square":""},"author_info":{"info":["Jorge Matheus"]},"category_info":"<a href=\"https:\/\/infoecos.com.ar\/index.php\/category\/c1nota4\/\" rel=\"category tag\">C1 N4<\/a>","tag_info":"C1 N4","comment_count":"0","_links":{"self":[{"href":"https:\/\/infoecos.com.ar\/index.php\/wp-json\/wp\/v2\/posts\/74118","targetHints":{"allow":["GET"]}}],"collection":[{"href":"https:\/\/infoecos.com.ar\/index.php\/wp-json\/wp\/v2\/posts"}],"about":[{"href":"https:\/\/infoecos.com.ar\/index.php\/wp-json\/wp\/v2\/types\/post"}],"author":[{"embeddable":true,"href":"https:\/\/infoecos.com.ar\/index.php\/wp-json\/wp\/v2\/users\/2"}],"replies":[{"embeddable":true,"href":"https:\/\/infoecos.com.ar\/index.php\/wp-json\/wp\/v2\/comments?post=74118"}],"version-history":[{"count":2,"href":"https:\/\/infoecos.com.ar\/index.php\/wp-json\/wp\/v2\/posts\/74118\/revisions"}],"predecessor-version":[{"id":74122,"href":"https:\/\/infoecos.com.ar\/index.php\/wp-json\/wp\/v2\/posts\/74118\/revisions\/74122"}],"wp:attachment":[{"href":"https:\/\/infoecos.com.ar\/index.php\/wp-json\/wp\/v2\/media?parent=74118"}],"wp:term":[{"taxonomy":"category","embeddable":true,"href":"https:\/\/infoecos.com.ar\/index.php\/wp-json\/wp\/v2\/categories?post=74118"},{"taxonomy":"post_tag","embeddable":true,"href":"https:\/\/infoecos.com.ar\/index.php\/wp-json\/wp\/v2\/tags?post=74118"}],"curies":[{"name":"wp","href":"https:\/\/api.w.org\/{rel}","templated":true}]}}