{"id":74134,"date":"2021-02-09T18:57:55","date_gmt":"2021-02-09T21:57:55","guid":{"rendered":"http:\/\/infoecos.com.ar\/?p=74134"},"modified":"2021-02-11T02:06:15","modified_gmt":"2021-02-11T05:06:15","slug":"el-intendente-de-general-villegas-dejara-la-internacion-hospitalaria","status":"publish","type":"post","link":"https:\/\/infoecos.com.ar\/index.php\/el-intendente-de-general-villegas-dejara-la-internacion-hospitalaria\/","title":{"rendered":"El intendente de General Villegas dejar\u00e1 la internaci\u00f3n hospitalaria"},"content":{"rendered":"\n<p class=\"wp-block-paragraph\">El intendente municipal de General Villegas, Eduardo Campana, evoluciona favorablemente y continuar\u00e1 su atenci\u00f3n en un domicilio de la Ciudad Aut\u00f3noma de Buenos Aires.<\/p>\n\n\n\n<div class=\"wp-block-image\"><figure class=\"aligncenter size-large\"><img decoding=\"async\" src=\"http:\/\/infoecos.com.ar\/wp-content\/uploads\/campana-500x334.jpg\" alt=\"\" class=\"wp-image-33862\"\/><figcaption>Campana Eduardo<\/figcaption><\/figure><\/div>\n\n\n\n<p class=\"wp-block-paragraph\">La informaci\u00f3n proporcionada a los medios villeguenses da cuenta que dejar\u00e1 la internaci\u00f3n en el Hospital Italiano, al que fue trasladado la semana anterior a ra\u00edz del cuadro que presentaba por los efectos del coronavirus.<\/p>\n\n\n\n<p class=\"wp-block-paragraph\"><\/p>\n","protected":false},"excerpt":{"rendered":"<p>Continuar\u00e1 su atenci\u00f3n en un domicilio de la Ciudad Aut\u00f3noma de Buenos Aires<\/p>\n","protected":false},"author":2,"featured_media":33862,"comment_status":"closed","ping_status":"open","sticky":false,"template":"","format":"standard","meta":{"footnotes":""},"categories":[198],"tags":[2915],"class_list":["post-74134","post","type-post","status-publish","format-standard","has-post-thumbnail","hentry","category-c1nota5","tag-evolucion-favorable"],"featured_image_urls":{"full":"","thumbnail":"","medium":"","medium_large":"","large":"","1536x1536":"","2048x2048":"","covernews-slider-full":"","covernews-slider-center":"","covernews-featured":"","covernews-medium":"","covernews-medium-square":""},"author_info":{"info":["Jorge Matheus"]},"category_info":"<a href=\"https:\/\/infoecos.com.ar\/index.php\/category\/c1nota5\/\" rel=\"category tag\">C1 nota 5<\/a>","tag_info":"C1 nota 5","comment_count":"0","_links":{"self":[{"href":"https:\/\/infoecos.com.ar\/index.php\/wp-json\/wp\/v2\/posts\/74134","targetHints":{"allow":["GET"]}}],"collection":[{"href":"https:\/\/infoecos.com.ar\/index.php\/wp-json\/wp\/v2\/posts"}],"about":[{"href":"https:\/\/infoecos.com.ar\/index.php\/wp-json\/wp\/v2\/types\/post"}],"author":[{"embeddable":true,"href":"https:\/\/infoecos.com.ar\/index.php\/wp-json\/wp\/v2\/users\/2"}],"replies":[{"embeddable":true,"href":"https:\/\/infoecos.com.ar\/index.php\/wp-json\/wp\/v2\/comments?post=74134"}],"version-history":[{"count":1,"href":"https:\/\/infoecos.com.ar\/index.php\/wp-json\/wp\/v2\/posts\/74134\/revisions"}],"predecessor-version":[{"id":74135,"href":"https:\/\/infoecos.com.ar\/index.php\/wp-json\/wp\/v2\/posts\/74134\/revisions\/74135"}],"wp:attachment":[{"href":"https:\/\/infoecos.com.ar\/index.php\/wp-json\/wp\/v2\/media?parent=74134"}],"wp:term":[{"taxonomy":"category","embeddable":true,"href":"https:\/\/infoecos.com.ar\/index.php\/wp-json\/wp\/v2\/categories?post=74134"},{"taxonomy":"post_tag","embeddable":true,"href":"https:\/\/infoecos.com.ar\/index.php\/wp-json\/wp\/v2\/tags?post=74134"}],"curies":[{"name":"wp","href":"https:\/\/api.w.org\/{rel}","templated":true}]}}