{"id":74141,"date":"2021-02-09T19:43:05","date_gmt":"2021-02-09T22:43:05","guid":{"rendered":"http:\/\/infoecos.com.ar\/?p=74141"},"modified":"2021-02-11T02:17:06","modified_gmt":"2021-02-11T05:17:06","slug":"en-salliquelo-ya-se-puede-circular-hasta-las-2","status":"publish","type":"post","link":"https:\/\/infoecos.com.ar\/index.php\/en-salliquelo-ya-se-puede-circular-hasta-las-2\/","title":{"rendered":"En Salliquel\u00f3 ya se puede circular hasta las 2"},"content":{"rendered":"\n<p>Desde este se extendi\u00f3 el horario de circulaci\u00f3n y apertura comercial hasta las 2 en el distrito de Salliquel\u00f3.<\/p>\n\n\n\n<div class=\"wp-block-image\"><figure class=\"aligncenter size-medium\"><img loading=\"lazy\" decoding=\"async\" width=\"460\" height=\"345\" src=\"http:\/\/infoecos.com.ar\/wp-content\/uploads\/2021\/02\/hospitalsalliquelo-460x345.jpg\" alt=\"\" class=\"wp-image-73910\" srcset=\"https:\/\/infoecos.com.ar\/wp-content\/uploads\/2021\/02\/hospitalsalliquelo-460x345.jpg 460w, https:\/\/infoecos.com.ar\/wp-content\/uploads\/2021\/02\/hospitalsalliquelo-920x690.jpg 920w, https:\/\/infoecos.com.ar\/wp-content\/uploads\/2021\/02\/hospitalsalliquelo-768x576.jpg 768w, https:\/\/infoecos.com.ar\/wp-content\/uploads\/2021\/02\/hospitalsalliquelo-1536x1152.jpg 1536w, https:\/\/infoecos.com.ar\/wp-content\/uploads\/2021\/02\/hospitalsalliquelo-1024x768.jpg 1024w, https:\/\/infoecos.com.ar\/wp-content\/uploads\/2021\/02\/hospitalsalliquelo.jpg 2048w\" sizes=\"(max-width: 460px) 100vw, 460px\" \/><\/figure><\/div>\n\n\n\n<p>La resoluci\u00f3n la adopt\u00f3 el comit\u00e9 de crisis en la reuni\u00f3n que concret\u00f3 el lunes.<\/p>\n\n\n\n<p>Tambi\u00e9n se resolvi\u00f3 habilitar el funcionamiento de las piletas recreativas, respetando el protocolo aprobado; extender a diez el n\u00famero de alumnos permitidos en las clases de gimnasia, deportivas y culturales, cuando sean al aire libre, en caso de que sean en espacios cerrados, se mantiene el criterio de respetar la superficie de cada sal\u00f3n, pudiendo ser hasta seis el m\u00e1ximo de concurrentes; se habilit\u00f3 la pr\u00e1ctica de f\u00fatbol 5, y las celebraciones religiosas en espacios cerrados, de acuerdo a la capacidad de cada templo, seg\u00fan lo inspeccionado oportunamente por las autoridades municipales.<\/p>\n","protected":false},"excerpt":{"rendered":"<p>Se resolvieron otras medidas que van desde la habilitaci\u00f3n de piletas recreativas a celebraciones religiosas<\/p>\n","protected":false},"author":2,"featured_media":73910,"comment_status":"closed","ping_status":"open","sticky":false,"template":"","format":"standard","meta":{"footnotes":""},"categories":[1326],"tags":[2917],"class_list":["post-74141","post","type-post","status-publish","format-standard","has-post-thumbnail","hentry","category-c2nota6","tag-decisiones-del-comite-de-crisis"],"yoast_head":"<!-- This site is optimized with the Yoast SEO plugin v23.4 - https:\/\/yoast.com\/wordpress\/plugins\/seo\/ -->\n<title>En Salliquel\u00f3 ya se puede circular hasta las 2 - Infoecos<\/title>\n<meta name=\"robots\" content=\"index, follow, max-snippet:-1, max-image-preview:large, max-video-preview:-1\" \/>\n<link rel=\"canonical\" href=\"https:\/\/infoecos.com.ar\/index.php\/en-salliquelo-ya-se-puede-circular-hasta-las-2\/\" \/>\n<meta property=\"og:locale\" content=\"es_ES\" \/>\n<meta property=\"og:type\" content=\"article\" \/>\n<meta property=\"og:title\" content=\"En Salliquel\u00f3 ya se puede circular hasta las 2 - Infoecos\" \/>\n<meta property=\"og:description\" content=\"Se resolvieron otras medidas que van desde la habilitaci\u00f3n de piletas recreativas a celebraciones religiosas\" \/>\n<meta property=\"og:url\" content=\"https:\/\/infoecos.com.ar\/index.php\/en-salliquelo-ya-se-puede-circular-hasta-las-2\/\" \/>\n<meta property=\"og:site_name\" content=\"Infoecos\" \/>\n<meta property=\"article:publisher\" content=\"https:\/\/www.facebook.com\/profile.php?id=100063200290284\" \/>\n<meta property=\"article:published_time\" content=\"2021-02-09T22:43:05+00:00\" \/>\n<meta property=\"article:modified_time\" content=\"2021-02-11T05:17:06+00:00\" \/>\n<meta property=\"og:image\" content=\"https:\/\/infoecos.com.ar\/wp-content\/uploads\/2021\/02\/hospitalsalliquelo.jpg\" \/>\n\t<meta property=\"og:image:width\" content=\"2048\" \/>\n\t<meta property=\"og:image:height\" content=\"1536\" \/>\n\t<meta property=\"og:image:type\" content=\"image\/jpeg\" \/>\n<meta name=\"author\" content=\"Jorge Matheus\" \/>\n<meta name=\"twitter:card\" content=\"summary_large_image\" \/>\n<meta name=\"twitter:creator\" content=\"@infoecos\" \/>\n<meta name=\"twitter:site\" content=\"@infoecos\" \/>\n<meta name=\"twitter:label1\" content=\"Escrito por\" \/>\n\t<meta name=\"twitter:data1\" content=\"Jorge Matheus\" \/>\n\t<meta name=\"twitter:label2\" content=\"Tiempo de lectura\" \/>\n\t<meta name=\"twitter:data2\" content=\"1 minuto\" \/>\n<script type=\"application\/ld+json\" class=\"yoast-schema-graph\">{\"@context\":\"https:\/\/schema.org\",\"@graph\":[{\"@type\":\"Article\",\"@id\":\"https:\/\/infoecos.com.ar\/index.php\/en-salliquelo-ya-se-puede-circular-hasta-las-2\/#article\",\"isPartOf\":{\"@id\":\"https:\/\/infoecos.com.ar\/index.php\/en-salliquelo-ya-se-puede-circular-hasta-las-2\/\"},\"author\":{\"name\":\"Jorge Matheus\",\"@id\":\"https:\/\/infoecos.com.ar\/#\/schema\/person\/8f5ace5ce73b4b4aac4b7245aee6f191\"},\"headline\":\"En Salliquel\u00f3 ya se puede circular hasta las 2\",\"datePublished\":\"2021-02-09T22:43:05+00:00\",\"dateModified\":\"2021-02-11T05:17:06+00:00\",\"mainEntityOfPage\":{\"@id\":\"https:\/\/infoecos.com.ar\/index.php\/en-salliquelo-ya-se-puede-circular-hasta-las-2\/\"},\"wordCount\":142,\"publisher\":{\"@id\":\"https:\/\/infoecos.com.ar\/#organization\"},\"image\":{\"@id\":\"https:\/\/infoecos.com.ar\/index.php\/en-salliquelo-ya-se-puede-circular-hasta-las-2\/#primaryimage\"},\"thumbnailUrl\":\"https:\/\/infoecos.com.ar\/wp-content\/uploads\/2021\/02\/hospitalsalliquelo.jpg\",\"keywords\":[\"DECISIONES DEL COMIT\u00c9 DE CRISIS\"],\"articleSection\":[\"C2 N6\"],\"inLanguage\":\"es\"},{\"@type\":\"WebPage\",\"@id\":\"https:\/\/infoecos.com.ar\/index.php\/en-salliquelo-ya-se-puede-circular-hasta-las-2\/\",\"url\":\"https:\/\/infoecos.com.ar\/index.php\/en-salliquelo-ya-se-puede-circular-hasta-las-2\/\",\"name\":\"En Salliquel\u00f3 ya se puede circular hasta las 2 - Infoecos\",\"isPartOf\":{\"@id\":\"https:\/\/infoecos.com.ar\/#website\"},\"primaryImageOfPage\":{\"@id\":\"https:\/\/infoecos.com.ar\/index.php\/en-salliquelo-ya-se-puede-circular-hasta-las-2\/#primaryimage\"},\"image\":{\"@id\":\"https:\/\/infoecos.com.ar\/index.php\/en-salliquelo-ya-se-puede-circular-hasta-las-2\/#primaryimage\"},\"thumbnailUrl\":\"https:\/\/infoecos.com.ar\/wp-content\/uploads\/2021\/02\/hospitalsalliquelo.jpg\",\"datePublished\":\"2021-02-09T22:43:05+00:00\",\"dateModified\":\"2021-02-11T05:17:06+00:00\",\"breadcrumb\":{\"@id\":\"https:\/\/infoecos.com.ar\/index.php\/en-salliquelo-ya-se-puede-circular-hasta-las-2\/#breadcrumb\"},\"inLanguage\":\"es\",\"potentialAction\":[{\"@type\":\"ReadAction\",\"target\":[\"https:\/\/infoecos.com.ar\/index.php\/en-salliquelo-ya-se-puede-circular-hasta-las-2\/\"]}]},{\"@type\":\"ImageObject\",\"inLanguage\":\"es\",\"@id\":\"https:\/\/infoecos.com.ar\/index.php\/en-salliquelo-ya-se-puede-circular-hasta-las-2\/#primaryimage\",\"url\":\"https:\/\/infoecos.com.ar\/wp-content\/uploads\/2021\/02\/hospitalsalliquelo.jpg\",\"contentUrl\":\"https:\/\/infoecos.com.ar\/wp-content\/uploads\/2021\/02\/hospitalsalliquelo.jpg\",\"width\":2048,\"height\":1536},{\"@type\":\"BreadcrumbList\",\"@id\":\"https:\/\/infoecos.com.ar\/index.php\/en-salliquelo-ya-se-puede-circular-hasta-las-2\/#breadcrumb\",\"itemListElement\":[{\"@type\":\"ListItem\",\"position\":1,\"name\":\"Portada\",\"item\":\"https:\/\/infoecos.com.ar\/\"},{\"@type\":\"ListItem\",\"position\":2,\"name\":\"En Salliquel\u00f3 ya se puede circular hasta las 2\"}]},{\"@type\":\"WebSite\",\"@id\":\"https:\/\/infoecos.com.ar\/#website\",\"url\":\"https:\/\/infoecos.com.ar\/\",\"name\":\"Infoecos\",\"description\":\"Noticias de trenque lauquen y la zona\",\"publisher\":{\"@id\":\"https:\/\/infoecos.com.ar\/#organization\"},\"alternateName\":\"Noticias\",\"potentialAction\":[{\"@type\":\"SearchAction\",\"target\":{\"@type\":\"EntryPoint\",\"urlTemplate\":\"https:\/\/infoecos.com.ar\/?s={search_term_string}\"},\"query-input\":{\"@type\":\"PropertyValueSpecification\",\"valueRequired\":true,\"valueName\":\"search_term_string\"}}],\"inLanguage\":\"es\"},{\"@type\":\"Organization\",\"@id\":\"https:\/\/infoecos.com.ar\/#organization\",\"name\":\"Infoecos\",\"alternateName\":\"Noticias\",\"url\":\"https:\/\/infoecos.com.ar\/\",\"logo\":{\"@type\":\"ImageObject\",\"inLanguage\":\"es\",\"@id\":\"https:\/\/infoecos.com.ar\/#\/schema\/logo\/image\/\",\"url\":\"https:\/\/infoecos.com.ar\/wp-content\/uploads\/2024\/03\/cropped-logo.png\",\"contentUrl\":\"https:\/\/infoecos.com.ar\/wp-content\/uploads\/2024\/03\/cropped-logo.png\",\"width\":374,\"height\":90,\"caption\":\"Infoecos\"},\"image\":{\"@id\":\"https:\/\/infoecos.com.ar\/#\/schema\/logo\/image\/\"},\"sameAs\":[\"https:\/\/www.facebook.com\/profile.php?id=100063200290284\",\"https:\/\/x.com\/infoecos\"]},{\"@type\":\"Person\",\"@id\":\"https:\/\/infoecos.com.ar\/#\/schema\/person\/8f5ace5ce73b4b4aac4b7245aee6f191\",\"name\":\"Jorge Matheus\",\"url\":\"https:\/\/infoecos.com.ar\/index.php\/author\/jomatheus\/\"}]}<\/script>\n<!-- \/ Yoast SEO plugin. -->","yoast_head_json":{"title":"En Salliquel\u00f3 ya se puede circular hasta las 2 - Infoecos","robots":{"index":"index","follow":"follow","max-snippet":"max-snippet:-1","max-image-preview":"max-image-preview:large","max-video-preview":"max-video-preview:-1"},"canonical":"https:\/\/infoecos.com.ar\/index.php\/en-salliquelo-ya-se-puede-circular-hasta-las-2\/","og_locale":"es_ES","og_type":"article","og_title":"En Salliquel\u00f3 ya se puede circular hasta las 2 - Infoecos","og_description":"Se resolvieron otras medidas que van desde la habilitaci\u00f3n de piletas recreativas a celebraciones religiosas","og_url":"https:\/\/infoecos.com.ar\/index.php\/en-salliquelo-ya-se-puede-circular-hasta-las-2\/","og_site_name":"Infoecos","article_publisher":"https:\/\/www.facebook.com\/profile.php?id=100063200290284","article_published_time":"2021-02-09T22:43:05+00:00","article_modified_time":"2021-02-11T05:17:06+00:00","og_image":[{"width":2048,"height":1536,"url":"https:\/\/infoecos.com.ar\/wp-content\/uploads\/2021\/02\/hospitalsalliquelo.jpg","type":"image\/jpeg"}],"author":"Jorge Matheus","twitter_card":"summary_large_image","twitter_creator":"@infoecos","twitter_site":"@infoecos","twitter_misc":{"Escrito por":"Jorge Matheus","Tiempo de lectura":"1 minuto"},"schema":{"@context":"https:\/\/schema.org","@graph":[{"@type":"Article","@id":"https:\/\/infoecos.com.ar\/index.php\/en-salliquelo-ya-se-puede-circular-hasta-las-2\/#article","isPartOf":{"@id":"https:\/\/infoecos.com.ar\/index.php\/en-salliquelo-ya-se-puede-circular-hasta-las-2\/"},"author":{"name":"Jorge Matheus","@id":"https:\/\/infoecos.com.ar\/#\/schema\/person\/8f5ace5ce73b4b4aac4b7245aee6f191"},"headline":"En Salliquel\u00f3 ya se puede circular hasta las 2","datePublished":"2021-02-09T22:43:05+00:00","dateModified":"2021-02-11T05:17:06+00:00","mainEntityOfPage":{"@id":"https:\/\/infoecos.com.ar\/index.php\/en-salliquelo-ya-se-puede-circular-hasta-las-2\/"},"wordCount":142,"publisher":{"@id":"https:\/\/infoecos.com.ar\/#organization"},"image":{"@id":"https:\/\/infoecos.com.ar\/index.php\/en-salliquelo-ya-se-puede-circular-hasta-las-2\/#primaryimage"},"thumbnailUrl":"https:\/\/infoecos.com.ar\/wp-content\/uploads\/2021\/02\/hospitalsalliquelo.jpg","keywords":["DECISIONES DEL COMIT\u00c9 DE CRISIS"],"articleSection":["C2 N6"],"inLanguage":"es"},{"@type":"WebPage","@id":"https:\/\/infoecos.com.ar\/index.php\/en-salliquelo-ya-se-puede-circular-hasta-las-2\/","url":"https:\/\/infoecos.com.ar\/index.php\/en-salliquelo-ya-se-puede-circular-hasta-las-2\/","name":"En Salliquel\u00f3 ya se puede circular hasta las 2 - Infoecos","isPartOf":{"@id":"https:\/\/infoecos.com.ar\/#website"},"primaryImageOfPage":{"@id":"https:\/\/infoecos.com.ar\/index.php\/en-salliquelo-ya-se-puede-circular-hasta-las-2\/#primaryimage"},"image":{"@id":"https:\/\/infoecos.com.ar\/index.php\/en-salliquelo-ya-se-puede-circular-hasta-las-2\/#primaryimage"},"thumbnailUrl":"https:\/\/infoecos.com.ar\/wp-content\/uploads\/2021\/02\/hospitalsalliquelo.jpg","datePublished":"2021-02-09T22:43:05+00:00","dateModified":"2021-02-11T05:17:06+00:00","breadcrumb":{"@id":"https:\/\/infoecos.com.ar\/index.php\/en-salliquelo-ya-se-puede-circular-hasta-las-2\/#breadcrumb"},"inLanguage":"es","potentialAction":[{"@type":"ReadAction","target":["https:\/\/infoecos.com.ar\/index.php\/en-salliquelo-ya-se-puede-circular-hasta-las-2\/"]}]},{"@type":"ImageObject","inLanguage":"es","@id":"https:\/\/infoecos.com.ar\/index.php\/en-salliquelo-ya-se-puede-circular-hasta-las-2\/#primaryimage","url":"https:\/\/infoecos.com.ar\/wp-content\/uploads\/2021\/02\/hospitalsalliquelo.jpg","contentUrl":"https:\/\/infoecos.com.ar\/wp-content\/uploads\/2021\/02\/hospitalsalliquelo.jpg","width":2048,"height":1536},{"@type":"BreadcrumbList","@id":"https:\/\/infoecos.com.ar\/index.php\/en-salliquelo-ya-se-puede-circular-hasta-las-2\/#breadcrumb","itemListElement":[{"@type":"ListItem","position":1,"name":"Portada","item":"https:\/\/infoecos.com.ar\/"},{"@type":"ListItem","position":2,"name":"En Salliquel\u00f3 ya se puede circular hasta las 2"}]},{"@type":"WebSite","@id":"https:\/\/infoecos.com.ar\/#website","url":"https:\/\/infoecos.com.ar\/","name":"Infoecos","description":"Noticias de trenque lauquen y la zona","publisher":{"@id":"https:\/\/infoecos.com.ar\/#organization"},"alternateName":"Noticias","potentialAction":[{"@type":"SearchAction","target":{"@type":"EntryPoint","urlTemplate":"https:\/\/infoecos.com.ar\/?s={search_term_string}"},"query-input":{"@type":"PropertyValueSpecification","valueRequired":true,"valueName":"search_term_string"}}],"inLanguage":"es"},{"@type":"Organization","@id":"https:\/\/infoecos.com.ar\/#organization","name":"Infoecos","alternateName":"Noticias","url":"https:\/\/infoecos.com.ar\/","logo":{"@type":"ImageObject","inLanguage":"es","@id":"https:\/\/infoecos.com.ar\/#\/schema\/logo\/image\/","url":"https:\/\/infoecos.com.ar\/wp-content\/uploads\/2024\/03\/cropped-logo.png","contentUrl":"https:\/\/infoecos.com.ar\/wp-content\/uploads\/2024\/03\/cropped-logo.png","width":374,"height":90,"caption":"Infoecos"},"image":{"@id":"https:\/\/infoecos.com.ar\/#\/schema\/logo\/image\/"},"sameAs":["https:\/\/www.facebook.com\/profile.php?id=100063200290284","https:\/\/x.com\/infoecos"]},{"@type":"Person","@id":"https:\/\/infoecos.com.ar\/#\/schema\/person\/8f5ace5ce73b4b4aac4b7245aee6f191","name":"Jorge Matheus","url":"https:\/\/infoecos.com.ar\/index.php\/author\/jomatheus\/"}]}},"featured_image_urls":{"full":["https:\/\/infoecos.com.ar\/wp-content\/uploads\/2021\/02\/hospitalsalliquelo.jpg",2048,1536,false],"thumbnail":["https:\/\/infoecos.com.ar\/wp-content\/uploads\/2021\/02\/hospitalsalliquelo-150x150.jpg",150,150,true],"medium":["https:\/\/infoecos.com.ar\/wp-content\/uploads\/2021\/02\/hospitalsalliquelo-460x345.jpg",460,345,true],"medium_large":["https:\/\/infoecos.com.ar\/wp-content\/uploads\/2021\/02\/hospitalsalliquelo-768x576.jpg",640,480,true],"large":["https:\/\/infoecos.com.ar\/wp-content\/uploads\/2021\/02\/hospitalsalliquelo-920x690.jpg",640,480,true],"1536x1536":["https:\/\/infoecos.com.ar\/wp-content\/uploads\/2021\/02\/hospitalsalliquelo-1536x1152.jpg",1536,1152,true],"2048x2048":["https:\/\/infoecos.com.ar\/wp-content\/uploads\/2021\/02\/hospitalsalliquelo.jpg",2048,1536,false],"covernews-slider-full":["https:\/\/infoecos.com.ar\/wp-content\/uploads\/2021\/02\/hospitalsalliquelo-1536x1020.jpg",1077,715,true],"covernews-slider-center":["https:\/\/infoecos.com.ar\/wp-content\/uploads\/2021\/02\/hospitalsalliquelo-936x897.jpg",522,500,true],"covernews-featured":["https:\/\/infoecos.com.ar\/wp-content\/uploads\/2021\/02\/hospitalsalliquelo-1024x768.jpg",1024,768,true],"covernews-medium":["https:\/\/infoecos.com.ar\/wp-content\/uploads\/2021\/02\/hospitalsalliquelo-720x380.jpg",540,285,true],"covernews-medium-square":["https:\/\/infoecos.com.ar\/wp-content\/uploads\/2021\/02\/hospitalsalliquelo-675x450.jpg",375,250,true]},"author_info":{"info":["Jorge Matheus"]},"category_info":"<a href=\"https:\/\/infoecos.com.ar\/index.php\/category\/c2nota6\/\" rel=\"category tag\">C2 N6<\/a>","tag_info":"C2 N6","comment_count":"0","_links":{"self":[{"href":"https:\/\/infoecos.com.ar\/index.php\/wp-json\/wp\/v2\/posts\/74141"}],"collection":[{"href":"https:\/\/infoecos.com.ar\/index.php\/wp-json\/wp\/v2\/posts"}],"about":[{"href":"https:\/\/infoecos.com.ar\/index.php\/wp-json\/wp\/v2\/types\/post"}],"author":[{"embeddable":true,"href":"https:\/\/infoecos.com.ar\/index.php\/wp-json\/wp\/v2\/users\/2"}],"replies":[{"embeddable":true,"href":"https:\/\/infoecos.com.ar\/index.php\/wp-json\/wp\/v2\/comments?post=74141"}],"version-history":[{"count":1,"href":"https:\/\/infoecos.com.ar\/index.php\/wp-json\/wp\/v2\/posts\/74141\/revisions"}],"predecessor-version":[{"id":74142,"href":"https:\/\/infoecos.com.ar\/index.php\/wp-json\/wp\/v2\/posts\/74141\/revisions\/74142"}],"wp:featuredmedia":[{"embeddable":true,"href":"https:\/\/infoecos.com.ar\/index.php\/wp-json\/wp\/v2\/media\/73910"}],"wp:attachment":[{"href":"https:\/\/infoecos.com.ar\/index.php\/wp-json\/wp\/v2\/media?parent=74141"}],"wp:term":[{"taxonomy":"category","embeddable":true,"href":"https:\/\/infoecos.com.ar\/index.php\/wp-json\/wp\/v2\/categories?post=74141"},{"taxonomy":"post_tag","embeddable":true,"href":"https:\/\/infoecos.com.ar\/index.php\/wp-json\/wp\/v2\/tags?post=74141"}],"curies":[{"name":"wp","href":"https:\/\/api.w.org\/{rel}","templated":true}]}}