{"id":74143,"date":"2021-02-09T19:49:52","date_gmt":"2021-02-09T22:49:52","guid":{"rendered":"http:\/\/infoecos.com.ar\/?p=74143"},"modified":"2021-02-11T02:12:17","modified_gmt":"2021-02-11T05:12:17","slug":"el-proyecto-de-reforma-del-impuesto-a-las-ganancias-podria-comenzar-a-debatirse-la-semana-proxima","status":"publish","type":"post","link":"https:\/\/infoecos.com.ar\/index.php\/el-proyecto-de-reforma-del-impuesto-a-las-ganancias-podria-comenzar-a-debatirse-la-semana-proxima\/","title":{"rendered":"El proyecto de reforma del Impuesto a las Ganancias podr\u00eda comenzar a debatirse la semana pr\u00f3xima"},"content":{"rendered":"\n<p>La C\u00e1mara de Diputados podr\u00eda comenzar a debatir la semana pr\u00f3xima en comisi\u00f3n el&nbsp;proyecto de reforma del impuesto a las Ganancias presentado por el titular de la C\u00e1mara baja, Sergio Massa, que busca beneficiar a m\u00e1s de un mill\u00f3n de trabajadores.<\/p>\n\n\n\n<div class=\"wp-block-image\"><figure class=\"aligncenter size-medium\"><img decoding=\"async\" src=\"http:\/\/infoecos.com.ar\/wp-content\/uploads\/DYN718-SDARC-202927-460x259.jpg\" alt=\"\" class=\"wp-image-56788\"\/><figcaption>C\u00e1mara de Diputados de la Naci\u00f3n<\/figcaption><\/figure><\/div>\n\n\n\n<p>El proyecto, que recibi\u00f3 en las \u00faltimas horas numerosos respaldos desde diferentes sectores sindicales y pol\u00edticos, ser\u00eda debatido en el recinto la primera semana de marzo, al inicio del per\u00edodo ordinario de sesiones.<\/p>\n\n\n\n<p>As\u00ed lo anticip\u00f3 el propio Massa en declaraciones period\u00edsticas, donde explic\u00f3 que \u00aba partir de la semana que viene y dependiendo de la fecha de convocatoria a la Comisi\u00f3n de Presupuesto, se realizar\u00e1 la presentaci\u00f3n de la AFIP\u00bb.<\/p>\n\n\n\n<div class=\"wp-block-image\"><figure class=\"aligncenter size-medium\"><img loading=\"lazy\" decoding=\"async\" width=\"460\" height=\"307\" src=\"http:\/\/infoecos.com.ar\/wp-content\/uploads\/2021\/02\/massasergio-460x307.jpg\" alt=\"\" class=\"wp-image-74033\" srcset=\"https:\/\/infoecos.com.ar\/wp-content\/uploads\/2021\/02\/massasergio-460x307.jpg 460w, https:\/\/infoecos.com.ar\/wp-content\/uploads\/2021\/02\/massasergio-920x614.jpg 920w, https:\/\/infoecos.com.ar\/wp-content\/uploads\/2021\/02\/massasergio-768x512.jpg 768w, https:\/\/infoecos.com.ar\/wp-content\/uploads\/2021\/02\/massasergio-1024x683.jpg 1024w, https:\/\/infoecos.com.ar\/wp-content\/uploads\/2021\/02\/massasergio-675x450.jpg 675w, https:\/\/infoecos.com.ar\/wp-content\/uploads\/2021\/02\/massasergio.jpg 1280w\" sizes=\"(max-width: 460px) 100vw, 460px\" \/><\/figure><\/div>\n\n\n\n<p>\u00abM\u00e1s all\u00e1 de contar con el aval t\u00e9cnico del organismo, requiere la presentaci\u00f3n de la AFIP respecto a su sustentabilidad\u00bb, precis\u00f3.<\/p>\n\n\n\n<p>De esta manera, Massa hizo referencia al tr\u00e1mite que tendr\u00e1 el proyecto presentado por \u00e9l mismo el viernes pasado.<\/p>\n","protected":false},"excerpt":{"rendered":"<p>Explic\u00f3 que \u00aba partir de la semana que viene y dependiendo de la fecha de convocatoria a la Comisi\u00f3n de Presupuesto, se realizar\u00e1 la presentaci\u00f3n de la AFIP\u00bb<\/p>\n","protected":false},"author":2,"featured_media":56788,"comment_status":"closed","ping_status":"open","sticky":false,"template":"","format":"standard","meta":{"footnotes":""},"categories":[43],"tags":[2918],"class_list":["post-74143","post","type-post","status-publish","format-standard","has-post-thumbnail","hentry","category-inferior4","tag-declaraciones-de-sergio-massa"],"yoast_head":"<!-- This site is optimized with the Yoast SEO plugin v23.4 - https:\/\/yoast.com\/wordpress\/plugins\/seo\/ -->\n<title>El proyecto de reforma del Impuesto a las Ganancias podr\u00eda comenzar a debatirse la semana pr\u00f3xima - Infoecos<\/title>\n<meta name=\"robots\" content=\"index, follow, max-snippet:-1, max-image-preview:large, max-video-preview:-1\" \/>\n<link rel=\"canonical\" href=\"https:\/\/infoecos.com.ar\/index.php\/el-proyecto-de-reforma-del-impuesto-a-las-ganancias-podria-comenzar-a-debatirse-la-semana-proxima\/\" \/>\n<meta property=\"og:locale\" content=\"es_ES\" \/>\n<meta property=\"og:type\" content=\"article\" \/>\n<meta property=\"og:title\" content=\"El proyecto de reforma del Impuesto a las Ganancias podr\u00eda comenzar a debatirse la semana pr\u00f3xima - Infoecos\" \/>\n<meta property=\"og:description\" content=\"Explic\u00f3 que &quot;a partir de la semana que viene y dependiendo de la fecha de convocatoria a la Comisi\u00f3n de Presupuesto, se realizar\u00e1 la presentaci\u00f3n de la AFIP&quot;\" \/>\n<meta property=\"og:url\" content=\"https:\/\/infoecos.com.ar\/index.php\/el-proyecto-de-reforma-del-impuesto-a-las-ganancias-podria-comenzar-a-debatirse-la-semana-proxima\/\" \/>\n<meta property=\"og:site_name\" content=\"Infoecos\" \/>\n<meta property=\"article:publisher\" content=\"https:\/\/www.facebook.com\/profile.php?id=100063200290284\" \/>\n<meta property=\"article:published_time\" content=\"2021-02-09T22:49:52+00:00\" \/>\n<meta property=\"article:modified_time\" content=\"2021-02-11T05:12:17+00:00\" \/>\n<meta property=\"og:image\" content=\"https:\/\/infoecos.com.ar\/wp-content\/uploads\/DYN718-SDARC-202927.jpg\" \/>\n\t<meta property=\"og:image:width\" content=\"1500\" \/>\n\t<meta property=\"og:image:height\" content=\"843\" \/>\n\t<meta property=\"og:image:type\" content=\"image\/jpeg\" \/>\n<meta name=\"author\" content=\"Jorge Matheus\" \/>\n<meta name=\"twitter:card\" content=\"summary_large_image\" \/>\n<meta name=\"twitter:creator\" content=\"@infoecos\" \/>\n<meta name=\"twitter:site\" content=\"@infoecos\" \/>\n<meta name=\"twitter:label1\" content=\"Escrito por\" \/>\n\t<meta name=\"twitter:data1\" content=\"Jorge Matheus\" \/>\n\t<meta name=\"twitter:label2\" content=\"Tiempo de lectura\" \/>\n\t<meta name=\"twitter:data2\" content=\"1 minuto\" \/>\n<script type=\"application\/ld+json\" class=\"yoast-schema-graph\">{\"@context\":\"https:\/\/schema.org\",\"@graph\":[{\"@type\":\"Article\",\"@id\":\"https:\/\/infoecos.com.ar\/index.php\/el-proyecto-de-reforma-del-impuesto-a-las-ganancias-podria-comenzar-a-debatirse-la-semana-proxima\/#article\",\"isPartOf\":{\"@id\":\"https:\/\/infoecos.com.ar\/index.php\/el-proyecto-de-reforma-del-impuesto-a-las-ganancias-podria-comenzar-a-debatirse-la-semana-proxima\/\"},\"author\":{\"name\":\"Jorge Matheus\",\"@id\":\"https:\/\/infoecos.com.ar\/#\/schema\/person\/8f5ace5ce73b4b4aac4b7245aee6f191\"},\"headline\":\"El proyecto de reforma del Impuesto a las Ganancias podr\u00eda comenzar a debatirse la semana pr\u00f3xima\",\"datePublished\":\"2021-02-09T22:49:52+00:00\",\"dateModified\":\"2021-02-11T05:12:17+00:00\",\"mainEntityOfPage\":{\"@id\":\"https:\/\/infoecos.com.ar\/index.php\/el-proyecto-de-reforma-del-impuesto-a-las-ganancias-podria-comenzar-a-debatirse-la-semana-proxima\/\"},\"wordCount\":197,\"publisher\":{\"@id\":\"https:\/\/infoecos.com.ar\/#organization\"},\"image\":{\"@id\":\"https:\/\/infoecos.com.ar\/index.php\/el-proyecto-de-reforma-del-impuesto-a-las-ganancias-podria-comenzar-a-debatirse-la-semana-proxima\/#primaryimage\"},\"thumbnailUrl\":\"\",\"keywords\":[\"DECLARACIONES DE SERGIO MASSA\"],\"articleSection\":[\"Bloque inferior - 4\"],\"inLanguage\":\"es\"},{\"@type\":\"WebPage\",\"@id\":\"https:\/\/infoecos.com.ar\/index.php\/el-proyecto-de-reforma-del-impuesto-a-las-ganancias-podria-comenzar-a-debatirse-la-semana-proxima\/\",\"url\":\"https:\/\/infoecos.com.ar\/index.php\/el-proyecto-de-reforma-del-impuesto-a-las-ganancias-podria-comenzar-a-debatirse-la-semana-proxima\/\",\"name\":\"El proyecto de reforma del Impuesto a las Ganancias podr\u00eda comenzar a debatirse la semana pr\u00f3xima - Infoecos\",\"isPartOf\":{\"@id\":\"https:\/\/infoecos.com.ar\/#website\"},\"primaryImageOfPage\":{\"@id\":\"https:\/\/infoecos.com.ar\/index.php\/el-proyecto-de-reforma-del-impuesto-a-las-ganancias-podria-comenzar-a-debatirse-la-semana-proxima\/#primaryimage\"},\"image\":{\"@id\":\"https:\/\/infoecos.com.ar\/index.php\/el-proyecto-de-reforma-del-impuesto-a-las-ganancias-podria-comenzar-a-debatirse-la-semana-proxima\/#primaryimage\"},\"thumbnailUrl\":\"\",\"datePublished\":\"2021-02-09T22:49:52+00:00\",\"dateModified\":\"2021-02-11T05:12:17+00:00\",\"breadcrumb\":{\"@id\":\"https:\/\/infoecos.com.ar\/index.php\/el-proyecto-de-reforma-del-impuesto-a-las-ganancias-podria-comenzar-a-debatirse-la-semana-proxima\/#breadcrumb\"},\"inLanguage\":\"es\",\"potentialAction\":[{\"@type\":\"ReadAction\",\"target\":[\"https:\/\/infoecos.com.ar\/index.php\/el-proyecto-de-reforma-del-impuesto-a-las-ganancias-podria-comenzar-a-debatirse-la-semana-proxima\/\"]}]},{\"@type\":\"ImageObject\",\"inLanguage\":\"es\",\"@id\":\"https:\/\/infoecos.com.ar\/index.php\/el-proyecto-de-reforma-del-impuesto-a-las-ganancias-podria-comenzar-a-debatirse-la-semana-proxima\/#primaryimage\",\"url\":\"\",\"contentUrl\":\"\"},{\"@type\":\"BreadcrumbList\",\"@id\":\"https:\/\/infoecos.com.ar\/index.php\/el-proyecto-de-reforma-del-impuesto-a-las-ganancias-podria-comenzar-a-debatirse-la-semana-proxima\/#breadcrumb\",\"itemListElement\":[{\"@type\":\"ListItem\",\"position\":1,\"name\":\"Portada\",\"item\":\"https:\/\/infoecos.com.ar\/\"},{\"@type\":\"ListItem\",\"position\":2,\"name\":\"El proyecto de reforma del Impuesto a las Ganancias podr\u00eda comenzar a debatirse la semana pr\u00f3xima\"}]},{\"@type\":\"WebSite\",\"@id\":\"https:\/\/infoecos.com.ar\/#website\",\"url\":\"https:\/\/infoecos.com.ar\/\",\"name\":\"Infoecos\",\"description\":\"Noticias de trenque lauquen y la zona\",\"publisher\":{\"@id\":\"https:\/\/infoecos.com.ar\/#organization\"},\"alternateName\":\"Noticias\",\"potentialAction\":[{\"@type\":\"SearchAction\",\"target\":{\"@type\":\"EntryPoint\",\"urlTemplate\":\"https:\/\/infoecos.com.ar\/?s={search_term_string}\"},\"query-input\":{\"@type\":\"PropertyValueSpecification\",\"valueRequired\":true,\"valueName\":\"search_term_string\"}}],\"inLanguage\":\"es\"},{\"@type\":\"Organization\",\"@id\":\"https:\/\/infoecos.com.ar\/#organization\",\"name\":\"Infoecos\",\"alternateName\":\"Noticias\",\"url\":\"https:\/\/infoecos.com.ar\/\",\"logo\":{\"@type\":\"ImageObject\",\"inLanguage\":\"es\",\"@id\":\"https:\/\/infoecos.com.ar\/#\/schema\/logo\/image\/\",\"url\":\"https:\/\/infoecos.com.ar\/wp-content\/uploads\/2024\/03\/cropped-logo.png\",\"contentUrl\":\"https:\/\/infoecos.com.ar\/wp-content\/uploads\/2024\/03\/cropped-logo.png\",\"width\":374,\"height\":90,\"caption\":\"Infoecos\"},\"image\":{\"@id\":\"https:\/\/infoecos.com.ar\/#\/schema\/logo\/image\/\"},\"sameAs\":[\"https:\/\/www.facebook.com\/profile.php?id=100063200290284\",\"https:\/\/x.com\/infoecos\"]},{\"@type\":\"Person\",\"@id\":\"https:\/\/infoecos.com.ar\/#\/schema\/person\/8f5ace5ce73b4b4aac4b7245aee6f191\",\"name\":\"Jorge Matheus\",\"url\":\"https:\/\/infoecos.com.ar\/index.php\/author\/jomatheus\/\"}]}<\/script>\n<!-- \/ Yoast SEO plugin. -->","yoast_head_json":{"title":"El proyecto de reforma del Impuesto a las Ganancias podr\u00eda comenzar a debatirse la semana pr\u00f3xima - Infoecos","robots":{"index":"index","follow":"follow","max-snippet":"max-snippet:-1","max-image-preview":"max-image-preview:large","max-video-preview":"max-video-preview:-1"},"canonical":"https:\/\/infoecos.com.ar\/index.php\/el-proyecto-de-reforma-del-impuesto-a-las-ganancias-podria-comenzar-a-debatirse-la-semana-proxima\/","og_locale":"es_ES","og_type":"article","og_title":"El proyecto de reforma del Impuesto a las Ganancias podr\u00eda comenzar a debatirse la semana pr\u00f3xima - Infoecos","og_description":"Explic\u00f3 que \"a partir de la semana que viene y dependiendo de la fecha de convocatoria a la Comisi\u00f3n de Presupuesto, se realizar\u00e1 la presentaci\u00f3n de la AFIP\"","og_url":"https:\/\/infoecos.com.ar\/index.php\/el-proyecto-de-reforma-del-impuesto-a-las-ganancias-podria-comenzar-a-debatirse-la-semana-proxima\/","og_site_name":"Infoecos","article_publisher":"https:\/\/www.facebook.com\/profile.php?id=100063200290284","article_published_time":"2021-02-09T22:49:52+00:00","article_modified_time":"2021-02-11T05:12:17+00:00","og_image":[{"width":1500,"height":843,"url":"https:\/\/infoecos.com.ar\/wp-content\/uploads\/DYN718-SDARC-202927.jpg","type":"image\/jpeg"}],"author":"Jorge Matheus","twitter_card":"summary_large_image","twitter_creator":"@infoecos","twitter_site":"@infoecos","twitter_misc":{"Escrito por":"Jorge Matheus","Tiempo de lectura":"1 minuto"},"schema":{"@context":"https:\/\/schema.org","@graph":[{"@type":"Article","@id":"https:\/\/infoecos.com.ar\/index.php\/el-proyecto-de-reforma-del-impuesto-a-las-ganancias-podria-comenzar-a-debatirse-la-semana-proxima\/#article","isPartOf":{"@id":"https:\/\/infoecos.com.ar\/index.php\/el-proyecto-de-reforma-del-impuesto-a-las-ganancias-podria-comenzar-a-debatirse-la-semana-proxima\/"},"author":{"name":"Jorge Matheus","@id":"https:\/\/infoecos.com.ar\/#\/schema\/person\/8f5ace5ce73b4b4aac4b7245aee6f191"},"headline":"El proyecto de reforma del Impuesto a las Ganancias podr\u00eda comenzar a debatirse la semana pr\u00f3xima","datePublished":"2021-02-09T22:49:52+00:00","dateModified":"2021-02-11T05:12:17+00:00","mainEntityOfPage":{"@id":"https:\/\/infoecos.com.ar\/index.php\/el-proyecto-de-reforma-del-impuesto-a-las-ganancias-podria-comenzar-a-debatirse-la-semana-proxima\/"},"wordCount":197,"publisher":{"@id":"https:\/\/infoecos.com.ar\/#organization"},"image":{"@id":"https:\/\/infoecos.com.ar\/index.php\/el-proyecto-de-reforma-del-impuesto-a-las-ganancias-podria-comenzar-a-debatirse-la-semana-proxima\/#primaryimage"},"thumbnailUrl":"","keywords":["DECLARACIONES DE SERGIO MASSA"],"articleSection":["Bloque inferior - 4"],"inLanguage":"es"},{"@type":"WebPage","@id":"https:\/\/infoecos.com.ar\/index.php\/el-proyecto-de-reforma-del-impuesto-a-las-ganancias-podria-comenzar-a-debatirse-la-semana-proxima\/","url":"https:\/\/infoecos.com.ar\/index.php\/el-proyecto-de-reforma-del-impuesto-a-las-ganancias-podria-comenzar-a-debatirse-la-semana-proxima\/","name":"El proyecto de reforma del Impuesto a las Ganancias podr\u00eda comenzar a debatirse la semana pr\u00f3xima - Infoecos","isPartOf":{"@id":"https:\/\/infoecos.com.ar\/#website"},"primaryImageOfPage":{"@id":"https:\/\/infoecos.com.ar\/index.php\/el-proyecto-de-reforma-del-impuesto-a-las-ganancias-podria-comenzar-a-debatirse-la-semana-proxima\/#primaryimage"},"image":{"@id":"https:\/\/infoecos.com.ar\/index.php\/el-proyecto-de-reforma-del-impuesto-a-las-ganancias-podria-comenzar-a-debatirse-la-semana-proxima\/#primaryimage"},"thumbnailUrl":"","datePublished":"2021-02-09T22:49:52+00:00","dateModified":"2021-02-11T05:12:17+00:00","breadcrumb":{"@id":"https:\/\/infoecos.com.ar\/index.php\/el-proyecto-de-reforma-del-impuesto-a-las-ganancias-podria-comenzar-a-debatirse-la-semana-proxima\/#breadcrumb"},"inLanguage":"es","potentialAction":[{"@type":"ReadAction","target":["https:\/\/infoecos.com.ar\/index.php\/el-proyecto-de-reforma-del-impuesto-a-las-ganancias-podria-comenzar-a-debatirse-la-semana-proxima\/"]}]},{"@type":"ImageObject","inLanguage":"es","@id":"https:\/\/infoecos.com.ar\/index.php\/el-proyecto-de-reforma-del-impuesto-a-las-ganancias-podria-comenzar-a-debatirse-la-semana-proxima\/#primaryimage","url":"","contentUrl":""},{"@type":"BreadcrumbList","@id":"https:\/\/infoecos.com.ar\/index.php\/el-proyecto-de-reforma-del-impuesto-a-las-ganancias-podria-comenzar-a-debatirse-la-semana-proxima\/#breadcrumb","itemListElement":[{"@type":"ListItem","position":1,"name":"Portada","item":"https:\/\/infoecos.com.ar\/"},{"@type":"ListItem","position":2,"name":"El proyecto de reforma del Impuesto a las Ganancias podr\u00eda comenzar a debatirse la semana pr\u00f3xima"}]},{"@type":"WebSite","@id":"https:\/\/infoecos.com.ar\/#website","url":"https:\/\/infoecos.com.ar\/","name":"Infoecos","description":"Noticias de trenque lauquen y la zona","publisher":{"@id":"https:\/\/infoecos.com.ar\/#organization"},"alternateName":"Noticias","potentialAction":[{"@type":"SearchAction","target":{"@type":"EntryPoint","urlTemplate":"https:\/\/infoecos.com.ar\/?s={search_term_string}"},"query-input":{"@type":"PropertyValueSpecification","valueRequired":true,"valueName":"search_term_string"}}],"inLanguage":"es"},{"@type":"Organization","@id":"https:\/\/infoecos.com.ar\/#organization","name":"Infoecos","alternateName":"Noticias","url":"https:\/\/infoecos.com.ar\/","logo":{"@type":"ImageObject","inLanguage":"es","@id":"https:\/\/infoecos.com.ar\/#\/schema\/logo\/image\/","url":"https:\/\/infoecos.com.ar\/wp-content\/uploads\/2024\/03\/cropped-logo.png","contentUrl":"https:\/\/infoecos.com.ar\/wp-content\/uploads\/2024\/03\/cropped-logo.png","width":374,"height":90,"caption":"Infoecos"},"image":{"@id":"https:\/\/infoecos.com.ar\/#\/schema\/logo\/image\/"},"sameAs":["https:\/\/www.facebook.com\/profile.php?id=100063200290284","https:\/\/x.com\/infoecos"]},{"@type":"Person","@id":"https:\/\/infoecos.com.ar\/#\/schema\/person\/8f5ace5ce73b4b4aac4b7245aee6f191","name":"Jorge Matheus","url":"https:\/\/infoecos.com.ar\/index.php\/author\/jomatheus\/"}]}},"featured_image_urls":{"full":"","thumbnail":"","medium":"","medium_large":"","large":"","1536x1536":"","2048x2048":"","covernews-slider-full":"","covernews-slider-center":"","covernews-featured":"","covernews-medium":"","covernews-medium-square":""},"author_info":{"info":["Jorge Matheus"]},"category_info":"<a href=\"https:\/\/infoecos.com.ar\/index.php\/category\/inferior4\/\" rel=\"category tag\">Bloque inferior - 4<\/a>","tag_info":"Bloque inferior - 4","comment_count":"0","_links":{"self":[{"href":"https:\/\/infoecos.com.ar\/index.php\/wp-json\/wp\/v2\/posts\/74143"}],"collection":[{"href":"https:\/\/infoecos.com.ar\/index.php\/wp-json\/wp\/v2\/posts"}],"about":[{"href":"https:\/\/infoecos.com.ar\/index.php\/wp-json\/wp\/v2\/types\/post"}],"author":[{"embeddable":true,"href":"https:\/\/infoecos.com.ar\/index.php\/wp-json\/wp\/v2\/users\/2"}],"replies":[{"embeddable":true,"href":"https:\/\/infoecos.com.ar\/index.php\/wp-json\/wp\/v2\/comments?post=74143"}],"version-history":[{"count":2,"href":"https:\/\/infoecos.com.ar\/index.php\/wp-json\/wp\/v2\/posts\/74143\/revisions"}],"predecessor-version":[{"id":74207,"href":"https:\/\/infoecos.com.ar\/index.php\/wp-json\/wp\/v2\/posts\/74143\/revisions\/74207"}],"wp:featuredmedia":[{"embeddable":true,"href":"https:\/\/infoecos.com.ar\/index.php\/wp-json\/"}],"wp:attachment":[{"href":"https:\/\/infoecos.com.ar\/index.php\/wp-json\/wp\/v2\/media?parent=74143"}],"wp:term":[{"taxonomy":"category","embeddable":true,"href":"https:\/\/infoecos.com.ar\/index.php\/wp-json\/wp\/v2\/categories?post=74143"},{"taxonomy":"post_tag","embeddable":true,"href":"https:\/\/infoecos.com.ar\/index.php\/wp-json\/wp\/v2\/tags?post=74143"}],"curies":[{"name":"wp","href":"https:\/\/api.w.org\/{rel}","templated":true}]}}