{"id":74156,"date":"2021-02-10T13:21:53","date_gmt":"2021-02-10T16:21:53","guid":{"rendered":"http:\/\/infoecos.com.ar\/?p=74156"},"modified":"2021-02-12T02:18:48","modified_gmt":"2021-02-12T05:18:48","slug":"el-intendente-de-trenque-lauquen-dio-a-conocer-los-nombres-de-quienes-se-integran-a-su-equipo","status":"publish","type":"post","link":"https:\/\/infoecos.com.ar\/index.php\/el-intendente-de-trenque-lauquen-dio-a-conocer-los-nombres-de-quienes-se-integran-a-su-equipo\/","title":{"rendered":"El intendente de Trenque Lauquen dio a conocer los nombres de quienes se integran a su equipo"},"content":{"rendered":"\n<p class=\"wp-block-paragraph\">En conferencia de prensa que se desarroll\u00f3 en la ma\u00f1ana de este mi\u00e9rcoles, el intendente municipal de Trenque Lauquen, anunci\u00f3 los nombres de quienes reemplazar\u00e1n a los funcionarios renunciantes la semana anterior. <\/p>\n\n\n\n<div class=\"wp-block-image\"><figure class=\"aligncenter size-medium\"><img loading=\"lazy\" decoding=\"async\" width=\"460\" height=\"307\" src=\"http:\/\/infoecos.com.ar\/wp-content\/uploads\/2021\/02\/fernandeznuevos-460x307.jpg\" alt=\"\" class=\"wp-image-74157\" srcset=\"https:\/\/infoecos.com.ar\/wp-content\/uploads\/2021\/02\/fernandeznuevos-460x307.jpg 460w, https:\/\/infoecos.com.ar\/wp-content\/uploads\/2021\/02\/fernandeznuevos-768x512.jpg 768w, https:\/\/infoecos.com.ar\/wp-content\/uploads\/2021\/02\/fernandeznuevos-675x450.jpg 675w, https:\/\/infoecos.com.ar\/wp-content\/uploads\/2021\/02\/fernandeznuevos.jpg 852w\" sizes=\"auto, (max-width: 460px) 100vw, 460px\" \/><\/figure><\/div>\n\n\n\n<p class=\"wp-block-paragraph\">El mandatario comunal confirm\u00f3 los trascendidos. En reemplazo de Miguel Buli\u00e1n, como subsecretario de Obras P\u00fablicas se desempe\u00f1ar\u00e1 Cristian Rabasa; en Pol\u00edtica Ambiental, sustituir\u00e1 a Ana Paula Motrel, <strong>Valeria Sirotiuk<\/strong>, que ven\u00eda trabajando en id\u00e9ntico \u00e1mbito en la estructura del Ente Descentralizado de 30 de Agosto.<\/p>\n\n\n\n<p class=\"wp-block-paragraph\">Miguel Fern\u00e1ndez anunci\u00f3 que se cubre la vacante en  la subsecretar\u00eda de Servicios P\u00fablicos. La m\u00e1xima responsabilidad en esta \u00e1rea ser\u00e1 ejercida por <strong>Javier Mina<\/strong>. <\/p>\n\n\n\n<p class=\"wp-block-paragraph\">Tambi\u00e9n anunci\u00f3 la recreaci\u00f3n y puesta en funcionamiento de la Oficina T\u00e9cnica Municipal, de la que ser\u00e1 responsable <strong>Domingo Lanciano<\/strong>, quien hasta ahora se desempe\u00f1aba como director de Servicios Sanitarios y Alumbrado P\u00fablico.<\/p>\n\n\n\n<p class=\"wp-block-paragraph\">(<strong>por separado otros detalles de la conferencia de prensa del intendente)<\/strong><\/p>\n\n\n\n<p class=\"wp-block-paragraph\"><\/p>\n\n\n\n<p class=\"wp-block-paragraph\"><\/p>\n\n\n\n<p class=\"wp-block-paragraph\"><\/p>\n","protected":false},"excerpt":{"rendered":"<p>El mandatario comunal confirm\u00f3 los trascendidos. En reemplazo de Miguel Buli\u00e1n, como subsecretario de Obras P\u00fablicas se desempe\u00f1ar\u00e1 Cristian Rabasa; en Pol\u00edtica Ambiental, sustituir\u00e1 a Ana Paula Motrel, Valeria Sirotiuk, que ven\u00eda trabajando en id\u00e9ntico \u00e1mbito en la estructura del Ente Descentralizado de 30 de Agosto<\/p>\n","protected":false},"author":2,"featured_media":74157,"comment_status":"closed","ping_status":"open","sticky":false,"template":"","format":"standard","meta":{"footnotes":""},"categories":[40],"tags":[1975],"class_list":["post-74156","post","type-post","status-publish","format-standard","has-post-thumbnail","hentry","category-inferior1","tag-en-conferencia-de-prensa"],"featured_image_urls":{"full":["https:\/\/infoecos.com.ar\/wp-content\/uploads\/2021\/02\/fernandeznuevos.jpg",852,568,false],"thumbnail":["https:\/\/infoecos.com.ar\/wp-content\/uploads\/2021\/02\/fernandeznuevos-150x150.jpg",150,150,true],"medium":["https:\/\/infoecos.com.ar\/wp-content\/uploads\/2021\/02\/fernandeznuevos-460x307.jpg",460,307,true],"medium_large":["https:\/\/infoecos.com.ar\/wp-content\/uploads\/2021\/02\/fernandeznuevos-768x512.jpg",640,427,true],"large":["https:\/\/infoecos.com.ar\/wp-content\/uploads\/2021\/02\/fernandeznuevos.jpg",640,427,false],"1536x1536":["https:\/\/infoecos.com.ar\/wp-content\/uploads\/2021\/02\/fernandeznuevos.jpg",852,568,false],"2048x2048":["https:\/\/infoecos.com.ar\/wp-content\/uploads\/2021\/02\/fernandeznuevos.jpg",852,568,false],"covernews-slider-full":["https:\/\/infoecos.com.ar\/wp-content\/uploads\/2021\/02\/fernandeznuevos.jpg",852,568,false],"covernews-slider-center":["https:\/\/infoecos.com.ar\/wp-content\/uploads\/2021\/02\/fernandeznuevos.jpg",750,500,false],"covernews-featured":["https:\/\/infoecos.com.ar\/wp-content\/uploads\/2021\/02\/fernandeznuevos.jpg",852,568,false],"covernews-medium":["https:\/\/infoecos.com.ar\/wp-content\/uploads\/2021\/02\/fernandeznuevos-720x380.jpg",540,285,true],"covernews-medium-square":["https:\/\/infoecos.com.ar\/wp-content\/uploads\/2021\/02\/fernandeznuevos-675x450.jpg",375,250,true]},"author_info":{"info":["Jorge Matheus"]},"category_info":"<a href=\"https:\/\/infoecos.com.ar\/index.php\/category\/inferior1\/\" rel=\"category tag\">Bloque inferior - 1<\/a>","tag_info":"Bloque inferior - 1","comment_count":"0","_links":{"self":[{"href":"https:\/\/infoecos.com.ar\/index.php\/wp-json\/wp\/v2\/posts\/74156","targetHints":{"allow":["GET"]}}],"collection":[{"href":"https:\/\/infoecos.com.ar\/index.php\/wp-json\/wp\/v2\/posts"}],"about":[{"href":"https:\/\/infoecos.com.ar\/index.php\/wp-json\/wp\/v2\/types\/post"}],"author":[{"embeddable":true,"href":"https:\/\/infoecos.com.ar\/index.php\/wp-json\/wp\/v2\/users\/2"}],"replies":[{"embeddable":true,"href":"https:\/\/infoecos.com.ar\/index.php\/wp-json\/wp\/v2\/comments?post=74156"}],"version-history":[{"count":1,"href":"https:\/\/infoecos.com.ar\/index.php\/wp-json\/wp\/v2\/posts\/74156\/revisions"}],"predecessor-version":[{"id":74158,"href":"https:\/\/infoecos.com.ar\/index.php\/wp-json\/wp\/v2\/posts\/74156\/revisions\/74158"}],"wp:featuredmedia":[{"embeddable":true,"href":"https:\/\/infoecos.com.ar\/index.php\/wp-json\/wp\/v2\/media\/74157"}],"wp:attachment":[{"href":"https:\/\/infoecos.com.ar\/index.php\/wp-json\/wp\/v2\/media?parent=74156"}],"wp:term":[{"taxonomy":"category","embeddable":true,"href":"https:\/\/infoecos.com.ar\/index.php\/wp-json\/wp\/v2\/categories?post=74156"},{"taxonomy":"post_tag","embeddable":true,"href":"https:\/\/infoecos.com.ar\/index.php\/wp-json\/wp\/v2\/tags?post=74156"}],"curies":[{"name":"wp","href":"https:\/\/api.w.org\/{rel}","templated":true}]}}